{"id":2582,"date":"2022-05-28T16:39:25","date_gmt":"2022-05-28T14:39:25","guid":{"rendered":"https:\/\/casadelspeixos.cat\/?p=2582"},"modified":"2023-06-14T17:54:01","modified_gmt":"2023-06-14T15:54:01","slug":"10-places-to-see-and-things-to-do-in-lleida","status":"publish","type":"post","link":"https:\/\/casadelspeixos.cat\/en\/blog-3\/10-places-to-see-and-things-to-do-in-lleida\/","title":{"rendered":"10 Places to see and things to do in Lleida"},"content":{"rendered":"\t\t<div data-elementor-type=\"wp-post\" data-elementor-id=\"2582\" class=\"elementor elementor-2582 elementor-2108\" data-elementor-post-type=\"post\">\n\t\t\t\t\t\t<section class=\"elementor-section elementor-top-section elementor-element elementor-element-68f8751 elementor-section-boxed elementor-section-height-default elementor-section-height-default parallax_section_no qode_elementor_container_no\" data-id=\"68f8751\" data-element_type=\"section\" data-e-type=\"section\">\n\t\t\t\t\t\t<div class=\"elementor-container elementor-column-gap-default\">\n\t\t\t\t\t<div class=\"elementor-column elementor-col-100 elementor-top-column elementor-element elementor-element-14036da\" data-id=\"14036da\" data-element_type=\"column\" data-e-type=\"column\">\n\t\t\t<div class=\"elementor-widget-wrap elementor-element-populated\">\n\t\t\t\t\t\t<div class=\"elementor-element elementor-element-b18b1f9 elementor-widget elementor-widget-text-editor\" data-id=\"b18b1f9\" data-element_type=\"widget\" data-e-type=\"widget\" data-widget_type=\"text-editor.default\">\n\t\t\t\t<div class=\"elementor-widget-container\">\n\t\t\t\t\t\t\t\t\t<p>What to see in Lleida? It is very easy to decide, as it is a province full of tourist attractions and attractive landscapes that will easily take your breath away. In this article we present 10 places you can&#8217;t miss.\u00a0\u00a0<\/p>\t\t\t\t\t\t\t\t<\/div>\n\t\t\t\t<\/div>\n\t\t\t\t\t<\/div>\n\t\t<\/div>\n\t\t\t\t\t<\/div>\n\t\t<\/section>\n\t\t\t\t<section class=\"elementor-section elementor-top-section elementor-element elementor-element-b5e6ca2 elementor-section-boxed elementor-section-height-default elementor-section-height-default parallax_section_no qode_elementor_container_no\" data-id=\"b5e6ca2\" data-element_type=\"section\" data-e-type=\"section\">\n\t\t\t\t\t\t<div class=\"elementor-container elementor-column-gap-default\">\n\t\t\t\t\t<div class=\"elementor-column elementor-col-100 elementor-top-column elementor-element elementor-element-0287af6\" data-id=\"0287af6\" data-element_type=\"column\" data-e-type=\"column\">\n\t\t\t<div class=\"elementor-widget-wrap elementor-element-populated\">\n\t\t\t\t\t\t<div class=\"elementor-element elementor-element-2514e92 elementor-widget elementor-widget-heading\" data-id=\"2514e92\" data-element_type=\"widget\" data-e-type=\"widget\" data-widget_type=\"heading.default\">\n\t\t\t\t<div class=\"elementor-widget-container\">\n\t\t\t\t\t<h2 class=\"elementor-heading-title elementor-size-default\">What to see and visit in the province of Lleida\n<\/h2>\t\t\t\t<\/div>\n\t\t\t\t<\/div>\n\t\t\t\t\t<\/div>\n\t\t<\/div>\n\t\t\t\t\t<\/div>\n\t\t<\/section>\n\t\t\t\t<section class=\"elementor-section elementor-top-section elementor-element elementor-element-c1c38f4 elementor-section-boxed elementor-section-height-default elementor-section-height-default parallax_section_no qode_elementor_container_no\" data-id=\"c1c38f4\" data-element_type=\"section\" data-e-type=\"section\">\n\t\t\t\t\t\t<div class=\"elementor-container elementor-column-gap-default\">\n\t\t\t\t\t<div class=\"elementor-column elementor-col-100 elementor-top-column elementor-element elementor-element-50b65bb\" data-id=\"50b65bb\" data-element_type=\"column\" data-e-type=\"column\">\n\t\t\t<div class=\"elementor-widget-wrap elementor-element-populated\">\n\t\t\t\t\t\t<div class=\"elementor-element elementor-element-8bd5ae3 elementor-widget elementor-widget-heading\" data-id=\"8bd5ae3\" data-element_type=\"widget\" data-e-type=\"widget\" data-widget_type=\"heading.default\">\n\t\t\t\t<div class=\"elementor-widget-container\">\n\t\t\t\t\t<h3 class=\"elementor-heading-title elementor-size-default\">Excursion Congost de Mont-Rebei\n<\/h3>\t\t\t\t<\/div>\n\t\t\t\t<\/div>\n\t\t\t\t\t<\/div>\n\t\t<\/div>\n\t\t\t\t\t<\/div>\n\t\t<\/section>\n\t\t\t\t<section class=\"elementor-section elementor-top-section elementor-element elementor-element-8043474 elementor-section-boxed elementor-section-height-default elementor-section-height-default parallax_section_no qode_elementor_container_no\" data-id=\"8043474\" data-element_type=\"section\" data-e-type=\"section\">\n\t\t\t\t\t\t<div class=\"elementor-container elementor-column-gap-default\">\n\t\t\t\t\t<div class=\"elementor-column elementor-col-50 elementor-top-column elementor-element elementor-element-9b23343\" data-id=\"9b23343\" data-element_type=\"column\" data-e-type=\"column\">\n\t\t\t<div class=\"elementor-widget-wrap elementor-element-populated\">\n\t\t\t\t\t\t<div class=\"elementor-element elementor-element-81bbf26 elementor-widget elementor-widget-image\" data-id=\"81bbf26\" data-element_type=\"widget\" data-e-type=\"widget\" data-widget_type=\"image.default\">\n\t\t\t\t<div class=\"elementor-widget-container\">\n\t\t\t\t\t\t\t\t\t\t\t\t\t\t\t<img fetchpriority=\"high\" decoding=\"async\" width=\"1000\" height=\"750\" src=\"https:\/\/casadelspeixos.cat\/wp-content\/uploads\/2022\/04\/2-2.png\" class=\"attachment-large size-large wp-image-2306\" alt=\"Excursi\u00f3n Congost de Mont-Rebei, pasarelas colgantes en la muralla natural del congost\" srcset=\"https:\/\/casadelspeixos.cat\/wp-content\/uploads\/2022\/04\/2-2.png 1000w, https:\/\/casadelspeixos.cat\/wp-content\/uploads\/2022\/04\/2-2-300x225.png 300w, https:\/\/casadelspeixos.cat\/wp-content\/uploads\/2022\/04\/2-2-768x576.png 768w, https:\/\/casadelspeixos.cat\/wp-content\/uploads\/2022\/04\/2-2-800x600.png 800w, https:\/\/casadelspeixos.cat\/wp-content\/uploads\/2022\/04\/2-2-700x525.png 700w\" sizes=\"(max-width: 1000px) 100vw, 1000px\" \/>\t\t\t\t\t\t\t\t\t\t\t\t\t\t\t<\/div>\n\t\t\t\t<\/div>\n\t\t\t\t\t<\/div>\n\t\t<\/div>\n\t\t\t\t<div class=\"elementor-column elementor-col-50 elementor-top-column elementor-element elementor-element-706c88d\" data-id=\"706c88d\" data-element_type=\"column\" data-e-type=\"column\">\n\t\t\t<div class=\"elementor-widget-wrap elementor-element-populated\">\n\t\t\t\t\t\t<div class=\"elementor-element elementor-element-6a33a6a elementor-widget elementor-widget-google_maps\" data-id=\"6a33a6a\" data-element_type=\"widget\" data-e-type=\"widget\" data-widget_type=\"google_maps.default\">\n\t\t\t\t<div class=\"elementor-widget-container\">\n\t\t\t\t\t\t\t<div class=\"elementor-custom-embed\">\n\t\t\t<iframe loading=\"lazy\"\n\t\t\t\t\tsrc=\"https:\/\/maps.google.com\/maps?q=Congost-Montremei&#038;t=m&#038;z=10&#038;output=embed&#038;iwloc=near\"\n\t\t\t\t\ttitle=\"Congost-Montremei\"\n\t\t\t\t\taria-label=\"Congost-Montremei\"\n\t\t\t><\/iframe>\n\t\t<\/div>\n\t\t\t\t\t\t<\/div>\n\t\t\t\t<\/div>\n\t\t\t\t\t<\/div>\n\t\t<\/div>\n\t\t\t\t\t<\/div>\n\t\t<\/section>\n\t\t\t\t<section class=\"elementor-section elementor-top-section elementor-element elementor-element-5464ece elementor-section-boxed elementor-section-height-default elementor-section-height-default parallax_section_no qode_elementor_container_no\" data-id=\"5464ece\" data-element_type=\"section\" data-e-type=\"section\">\n\t\t\t\t\t\t<div class=\"elementor-container elementor-column-gap-default\">\n\t\t\t\t\t<div class=\"elementor-column elementor-col-100 elementor-top-column elementor-element elementor-element-f80c450\" data-id=\"f80c450\" data-element_type=\"column\" data-e-type=\"column\">\n\t\t\t<div class=\"elementor-widget-wrap elementor-element-populated\">\n\t\t\t\t\t\t<div class=\"elementor-element elementor-element-6386879 elementor-widget elementor-widget-text-editor\" data-id=\"6386879\" data-element_type=\"widget\" data-e-type=\"widget\" data-widget_type=\"text-editor.default\">\n\t\t\t\t<div class=\"elementor-widget-container\">\n\t\t\t\t\t\t\t\t\t<p>One of the best things to do in Lleida (a mainly mountainous province) is the route through the Congost de Mont-Rebei, the natural border between Huesca and Lleida. It&#8217;s very popular in Catalonia, so we recommend you get up early so you don&#8217;t run into too many adventurers. This 4-kilometre hike with breathtaking views is not suitable for those with vertigo, as the path (which follows the course of the river Noguera Ribagor\u00e7ana) is carved into walls that reach a height of 500 metres. You will have the opportunity to cross the Sant Jaume ravine suspension bridge, and if you feel up to it, you can go as far as the Congost del Seguer suspension bridge.<\/p>\t\t\t\t\t\t\t\t<\/div>\n\t\t\t\t<\/div>\n\t\t\t\t\t<\/div>\n\t\t<\/div>\n\t\t\t\t\t<\/div>\n\t\t<\/section>\n\t\t\t\t<section class=\"elementor-section elementor-top-section elementor-element elementor-element-e00eccf elementor-section-boxed elementor-section-height-default elementor-section-height-default parallax_section_no qode_elementor_container_no\" data-id=\"e00eccf\" data-element_type=\"section\" data-e-type=\"section\">\n\t\t\t\t\t\t<div class=\"elementor-container elementor-column-gap-default\">\n\t\t\t\t\t<div class=\"elementor-column elementor-col-100 elementor-top-column elementor-element elementor-element-3300d1f\" data-id=\"3300d1f\" data-element_type=\"column\" data-e-type=\"column\">\n\t\t\t<div class=\"elementor-widget-wrap elementor-element-populated\">\n\t\t\t\t\t\t<div class=\"elementor-element elementor-element-9853ea9 elementor-widget elementor-widget-image\" data-id=\"9853ea9\" data-element_type=\"widget\" data-e-type=\"widget\" data-widget_type=\"image.default\">\n\t\t\t\t<div class=\"elementor-widget-container\">\n\t\t\t\t\t\t\t\t\t\t\t\t\t\t\t\t<a href=\"https:\/\/casadelspeixos.cat\/en\/contact-reservations-2\/?utm_source=blog&#038;utm_medium=banner\" rel=\"nofollow\">\n\t\t\t\t\t\t\t<img decoding=\"async\" width=\"728\" height=\"90\" src=\"https:\/\/casadelspeixos.cat\/wp-content\/uploads\/2023\/06\/rent-a-cottage-1.png\" class=\"attachment-large size-large wp-image-7770\" alt=\"\" srcset=\"https:\/\/casadelspeixos.cat\/wp-content\/uploads\/2023\/06\/rent-a-cottage-1.png 728w, https:\/\/casadelspeixos.cat\/wp-content\/uploads\/2023\/06\/rent-a-cottage-1-300x37.png 300w, https:\/\/casadelspeixos.cat\/wp-content\/uploads\/2023\/06\/rent-a-cottage-1-700x87.png 700w\" sizes=\"(max-width: 728px) 100vw, 728px\" \/>\t\t\t\t\t\t\t\t<\/a>\n\t\t\t\t\t\t\t\t\t\t\t\t\t\t\t<\/div>\n\t\t\t\t<\/div>\n\t\t\t\t\t<\/div>\n\t\t<\/div>\n\t\t\t\t\t<\/div>\n\t\t<\/section>\n\t\t\t\t<section class=\"elementor-section elementor-top-section elementor-element elementor-element-89a7149 elementor-section-boxed elementor-section-height-default elementor-section-height-default parallax_section_no qode_elementor_container_no\" data-id=\"89a7149\" data-element_type=\"section\" data-e-type=\"section\">\n\t\t\t\t\t\t<div class=\"elementor-container elementor-column-gap-default\">\n\t\t\t\t\t<div class=\"elementor-column elementor-col-100 elementor-top-column elementor-element elementor-element-1c82b35\" data-id=\"1c82b35\" data-element_type=\"column\" data-e-type=\"column\">\n\t\t\t<div class=\"elementor-widget-wrap elementor-element-populated\">\n\t\t\t\t\t\t<div class=\"elementor-element elementor-element-598ccb9 elementor-widget elementor-widget-heading\" data-id=\"598ccb9\" data-element_type=\"widget\" data-e-type=\"widget\" data-widget_type=\"heading.default\">\n\t\t\t\t<div class=\"elementor-widget-container\">\n\t\t\t\t\t<h3 class=\"elementor-heading-title elementor-size-default\">Lleida capital<\/h3>\t\t\t\t<\/div>\n\t\t\t\t<\/div>\n\t\t\t\t\t<\/div>\n\t\t<\/div>\n\t\t\t\t\t<\/div>\n\t\t<\/section>\n\t\t\t\t<section class=\"elementor-section elementor-top-section elementor-element elementor-element-fb5a2f9 elementor-section-boxed elementor-section-height-default elementor-section-height-default parallax_section_no qode_elementor_container_no\" data-id=\"fb5a2f9\" data-element_type=\"section\" data-e-type=\"section\">\n\t\t\t\t\t\t<div class=\"elementor-container elementor-column-gap-default\">\n\t\t\t\t\t<div class=\"elementor-column elementor-col-50 elementor-top-column elementor-element elementor-element-4a5b8d3\" data-id=\"4a5b8d3\" data-element_type=\"column\" data-e-type=\"column\">\n\t\t\t<div class=\"elementor-widget-wrap elementor-element-populated\">\n\t\t\t\t\t\t<div class=\"elementor-element elementor-element-17a9aeb elementor-widget elementor-widget-image\" data-id=\"17a9aeb\" data-element_type=\"widget\" data-e-type=\"widget\" data-widget_type=\"image.default\">\n\t\t\t\t<div class=\"elementor-widget-container\">\n\t\t\t\t\t\t\t\t\t\t\t\t\t\t\t<img decoding=\"async\" width=\"1000\" height=\"750\" src=\"https:\/\/casadelspeixos.cat\/wp-content\/uploads\/2022\/04\/3-3.png\" class=\"attachment-large size-large wp-image-2312\" alt=\"Lleida Capital fachada de uno de los monumentos de la capital\" srcset=\"https:\/\/casadelspeixos.cat\/wp-content\/uploads\/2022\/04\/3-3.png 1000w, https:\/\/casadelspeixos.cat\/wp-content\/uploads\/2022\/04\/3-3-300x225.png 300w, https:\/\/casadelspeixos.cat\/wp-content\/uploads\/2022\/04\/3-3-768x576.png 768w, https:\/\/casadelspeixos.cat\/wp-content\/uploads\/2022\/04\/3-3-800x600.png 800w, https:\/\/casadelspeixos.cat\/wp-content\/uploads\/2022\/04\/3-3-700x525.png 700w\" sizes=\"(max-width: 1000px) 100vw, 1000px\" \/>\t\t\t\t\t\t\t\t\t\t\t\t\t\t\t<\/div>\n\t\t\t\t<\/div>\n\t\t\t\t\t<\/div>\n\t\t<\/div>\n\t\t\t\t<div class=\"elementor-column elementor-col-50 elementor-top-column elementor-element elementor-element-b152520\" data-id=\"b152520\" data-element_type=\"column\" data-e-type=\"column\">\n\t\t\t<div class=\"elementor-widget-wrap elementor-element-populated\">\n\t\t\t\t\t\t<div class=\"elementor-element elementor-element-249d5b1 elementor-widget elementor-widget-google_maps\" data-id=\"249d5b1\" data-element_type=\"widget\" data-e-type=\"widget\" data-widget_type=\"google_maps.default\">\n\t\t\t\t<div class=\"elementor-widget-container\">\n\t\t\t\t\t\t\t<div class=\"elementor-custom-embed\">\n\t\t\t<iframe loading=\"lazy\"\n\t\t\t\t\tsrc=\"https:\/\/maps.google.com\/maps?q=LLeida&#038;t=m&#038;z=10&#038;output=embed&#038;iwloc=near\"\n\t\t\t\t\ttitle=\"LLeida\"\n\t\t\t\t\taria-label=\"LLeida\"\n\t\t\t><\/iframe>\n\t\t<\/div>\n\t\t\t\t\t\t<\/div>\n\t\t\t\t<\/div>\n\t\t\t\t\t<\/div>\n\t\t<\/div>\n\t\t\t\t\t<\/div>\n\t\t<\/section>\n\t\t\t\t<section class=\"elementor-section elementor-top-section elementor-element elementor-element-459c089 elementor-section-boxed elementor-section-height-default elementor-section-height-default parallax_section_no qode_elementor_container_no\" data-id=\"459c089\" data-element_type=\"section\" data-e-type=\"section\">\n\t\t\t\t\t\t<div class=\"elementor-container elementor-column-gap-default\">\n\t\t\t\t\t<div class=\"elementor-column elementor-col-100 elementor-top-column elementor-element elementor-element-b6c5410\" data-id=\"b6c5410\" data-element_type=\"column\" data-e-type=\"column\">\n\t\t\t<div class=\"elementor-widget-wrap elementor-element-populated\">\n\t\t\t\t\t\t<div class=\"elementor-element elementor-element-9a0dc0d elementor-widget elementor-widget-text-editor\" data-id=\"9a0dc0d\" data-element_type=\"widget\" data-e-type=\"widget\" data-widget_type=\"text-editor.default\">\n\t\t\t\t<div class=\"elementor-widget-container\">\n\t\t\t\t\t\t\t\t\t<p>We cannot forget the capital, with its historical and cultural landmarks. What to see in Lleida city? The tourist sites not to be missed are the following:\u00a0<\/p><p>La Seu Vella, you will have heard of the 13th century church which was also headquarters between 1707 and 1948, with a tower from where you can appreciate views of the whole city.\u00a0<\/p><p>The King&#8217;s Castle, a spectacular viewpoint, is another of the things to see in Lleida, where James I the Conqueror was crowned.<\/p><p>The Templar Castle of Gardeny, built between the 12th and 14th centuries and of which only the ruins remain (which give a very accurate idea of what life was like for the 20 Templars who lived there).\u00a0<\/p><p>The Palau de la Paeria (the town hall), a Romanesque and neoclassical building from the early 13th century that tells the story of Leida. Admission is free and it is open every day of the week.<\/p>\t\t\t\t\t\t\t\t<\/div>\n\t\t\t\t<\/div>\n\t\t\t\t\t<\/div>\n\t\t<\/div>\n\t\t\t\t\t<\/div>\n\t\t<\/section>\n\t\t\t\t<section class=\"elementor-section elementor-top-section elementor-element elementor-element-caaed9a elementor-section-boxed elementor-section-height-default elementor-section-height-default parallax_section_no qode_elementor_container_no\" data-id=\"caaed9a\" data-element_type=\"section\" data-e-type=\"section\">\n\t\t\t\t\t\t<div class=\"elementor-container elementor-column-gap-default\">\n\t\t\t\t\t<div class=\"elementor-column elementor-col-100 elementor-top-column elementor-element elementor-element-b05ac04\" data-id=\"b05ac04\" data-element_type=\"column\" data-e-type=\"column\">\n\t\t\t<div class=\"elementor-widget-wrap elementor-element-populated\">\n\t\t\t\t\t\t<div class=\"elementor-element elementor-element-160bfcd elementor-widget elementor-widget-heading\" data-id=\"160bfcd\" data-element_type=\"widget\" data-e-type=\"widget\" data-widget_type=\"heading.default\">\n\t\t\t\t<div class=\"elementor-widget-container\">\n\t\t\t\t\t<h3 class=\"elementor-heading-title elementor-size-default\">Romanesque churches in Vall de Bo\u00ed<\/h3>\t\t\t\t<\/div>\n\t\t\t\t<\/div>\n\t\t\t\t\t<\/div>\n\t\t<\/div>\n\t\t\t\t\t<\/div>\n\t\t<\/section>\n\t\t\t\t<section class=\"elementor-section elementor-top-section elementor-element elementor-element-63c5618 elementor-section-boxed elementor-section-height-default elementor-section-height-default parallax_section_no qode_elementor_container_no\" data-id=\"63c5618\" data-element_type=\"section\" data-e-type=\"section\">\n\t\t\t\t\t\t<div class=\"elementor-container elementor-column-gap-default\">\n\t\t\t\t\t<div class=\"elementor-column elementor-col-50 elementor-top-column elementor-element elementor-element-3ad2f69\" data-id=\"3ad2f69\" data-element_type=\"column\" data-e-type=\"column\">\n\t\t\t<div class=\"elementor-widget-wrap elementor-element-populated\">\n\t\t\t\t\t\t<div class=\"elementor-element elementor-element-55e14bc elementor-widget elementor-widget-image\" data-id=\"55e14bc\" data-element_type=\"widget\" data-e-type=\"widget\" data-widget_type=\"image.default\">\n\t\t\t\t<div class=\"elementor-widget-container\">\n\t\t\t\t\t\t\t\t\t\t\t\t\t\t\t<img loading=\"lazy\" decoding=\"async\" width=\"1024\" height=\"806\" src=\"https:\/\/casadelspeixos.cat\/wp-content\/uploads\/2022\/04\/Iglesias-roma\u0301nicas-de-la-Vall-de-Boi\u0301-1024x806.jpg\" class=\"attachment-large size-large wp-image-2124\" alt=\"Iglesias rom\u00e1nicas de la Vall de Bo\u00ed ,vista de una de las muchas y maravillosas iglesia rom\u00e1nicas\" srcset=\"https:\/\/casadelspeixos.cat\/wp-content\/uploads\/2022\/04\/Iglesias-roma\u0301nicas-de-la-Vall-de-Boi\u0301-1024x806.jpg 1024w, https:\/\/casadelspeixos.cat\/wp-content\/uploads\/2022\/04\/Iglesias-roma\u0301nicas-de-la-Vall-de-Boi\u0301-300x236.jpg 300w, https:\/\/casadelspeixos.cat\/wp-content\/uploads\/2022\/04\/Iglesias-roma\u0301nicas-de-la-Vall-de-Boi\u0301-768x605.jpg 768w, https:\/\/casadelspeixos.cat\/wp-content\/uploads\/2022\/04\/Iglesias-roma\u0301nicas-de-la-Vall-de-Boi\u0301-1536x1210.jpg 1536w, https:\/\/casadelspeixos.cat\/wp-content\/uploads\/2022\/04\/Iglesias-roma\u0301nicas-de-la-Vall-de-Boi\u0301-2048x1613.jpg 2048w, https:\/\/casadelspeixos.cat\/wp-content\/uploads\/2022\/04\/Iglesias-roma\u0301nicas-de-la-Vall-de-Boi\u0301-700x551.jpg 700w\" sizes=\"(max-width: 1024px) 100vw, 1024px\" \/>\t\t\t\t\t\t\t\t\t\t\t\t\t\t\t<\/div>\n\t\t\t\t<\/div>\n\t\t\t\t\t<\/div>\n\t\t<\/div>\n\t\t\t\t<div class=\"elementor-column elementor-col-50 elementor-top-column elementor-element elementor-element-71a55e5\" data-id=\"71a55e5\" data-element_type=\"column\" data-e-type=\"column\">\n\t\t\t<div class=\"elementor-widget-wrap elementor-element-populated\">\n\t\t\t\t\t\t<div class=\"elementor-element elementor-element-51f6285 elementor-widget elementor-widget-google_maps\" data-id=\"51f6285\" data-element_type=\"widget\" data-e-type=\"widget\" data-widget_type=\"google_maps.default\">\n\t\t\t\t<div class=\"elementor-widget-container\">\n\t\t\t\t\t\t\t<div class=\"elementor-custom-embed\">\n\t\t\t<iframe loading=\"lazy\"\n\t\t\t\t\tsrc=\"https:\/\/maps.google.com\/maps?q=Vall%20de%20Bo%C3%AD&#038;t=m&#038;z=10&#038;output=embed&#038;iwloc=near\"\n\t\t\t\t\ttitle=\"Vall de Bo\u00ed\"\n\t\t\t\t\taria-label=\"Vall de Bo\u00ed\"\n\t\t\t><\/iframe>\n\t\t<\/div>\n\t\t\t\t\t\t<\/div>\n\t\t\t\t<\/div>\n\t\t\t\t\t<\/div>\n\t\t<\/div>\n\t\t\t\t\t<\/div>\n\t\t<\/section>\n\t\t\t\t<section class=\"elementor-section elementor-top-section elementor-element elementor-element-b603e00 elementor-section-boxed elementor-section-height-default elementor-section-height-default parallax_section_no qode_elementor_container_no\" data-id=\"b603e00\" data-element_type=\"section\" data-e-type=\"section\">\n\t\t\t\t\t\t<div class=\"elementor-container elementor-column-gap-default\">\n\t\t\t\t\t<div class=\"elementor-column elementor-col-100 elementor-top-column elementor-element elementor-element-cf91df3\" data-id=\"cf91df3\" data-element_type=\"column\" data-e-type=\"column\">\n\t\t\t<div class=\"elementor-widget-wrap elementor-element-populated\">\n\t\t\t\t\t\t<div class=\"elementor-element elementor-element-f509831 elementor-widget elementor-widget-text-editor\" data-id=\"f509831\" data-element_type=\"widget\" data-e-type=\"widget\" data-widget_type=\"text-editor.default\">\n\t\t\t\t<div class=\"elementor-widget-container\">\n\t\t\t\t\t\t\t\t\t<p>What to visit in Lleida? Above all, the Romanesque-Lombard churches in the Vall de Bo\u00ed. They generate a lot of tourism, as some of them have been declared World Heritage Sites by UNESCO. These churches were built between the 11th and 12th centuries. Discovering these relics of Catalonia&#8217;s historical legacy will allow you to travel back in time to an era when religion was everything.\u00a0<\/p><p>The route we propose includes the church of Santa Maria de Ta\u00fcll (with the Pantocrator), the church of Sant Climent de Ta\u00fcll, Sant Joan de Bo\u00ed, Santa Eul\u00e0lia d&#8217;Erill, Sant Feliu de Barruera, the Nativitat de Durro, Santa Maria de Cardet, the Assumpci\u00f3 de C\u00f3ll and the chapel of Sant Quirc de Durro.<\/p>\t\t\t\t\t\t\t\t<\/div>\n\t\t\t\t<\/div>\n\t\t\t\t\t<\/div>\n\t\t<\/div>\n\t\t\t\t\t<\/div>\n\t\t<\/section>\n\t\t\t\t<section class=\"elementor-section elementor-top-section elementor-element elementor-element-330a38d elementor-section-boxed elementor-section-height-default elementor-section-height-default parallax_section_no qode_elementor_container_no\" data-id=\"330a38d\" data-element_type=\"section\" data-e-type=\"section\">\n\t\t\t\t\t\t<div class=\"elementor-container elementor-column-gap-default\">\n\t\t\t\t\t<div class=\"elementor-column elementor-col-100 elementor-top-column elementor-element elementor-element-308fb43\" data-id=\"308fb43\" data-element_type=\"column\" data-e-type=\"column\">\n\t\t\t<div class=\"elementor-widget-wrap elementor-element-populated\">\n\t\t\t\t\t\t<div class=\"elementor-element elementor-element-f32229e elementor-widget elementor-widget-image\" data-id=\"f32229e\" data-element_type=\"widget\" data-e-type=\"widget\" data-widget_type=\"image.default\">\n\t\t\t\t<div class=\"elementor-widget-container\">\n\t\t\t\t\t\t\t\t\t\t\t\t\t\t\t\t<a href=\"https:\/\/casadelspeixos.cat\/en\/contact-reservations-2\/?utm_source=blog&#038;utm_medium=banner\" rel=\"nofollow\">\n\t\t\t\t\t\t\t<img decoding=\"async\" width=\"728\" height=\"90\" src=\"https:\/\/casadelspeixos.cat\/wp-content\/uploads\/2023\/06\/rent-a-cottage-1.png\" class=\"attachment-large size-large wp-image-7770\" alt=\"\" srcset=\"https:\/\/casadelspeixos.cat\/wp-content\/uploads\/2023\/06\/rent-a-cottage-1.png 728w, https:\/\/casadelspeixos.cat\/wp-content\/uploads\/2023\/06\/rent-a-cottage-1-300x37.png 300w, https:\/\/casadelspeixos.cat\/wp-content\/uploads\/2023\/06\/rent-a-cottage-1-700x87.png 700w\" sizes=\"(max-width: 728px) 100vw, 728px\" \/>\t\t\t\t\t\t\t\t<\/a>\n\t\t\t\t\t\t\t\t\t\t\t\t\t\t\t<\/div>\n\t\t\t\t<\/div>\n\t\t\t\t\t<\/div>\n\t\t<\/div>\n\t\t\t\t\t<\/div>\n\t\t<\/section>\n\t\t\t\t<section class=\"elementor-section elementor-top-section elementor-element elementor-element-be80803 elementor-section-boxed elementor-section-height-default elementor-section-height-default parallax_section_no qode_elementor_container_no\" data-id=\"be80803\" data-element_type=\"section\" data-e-type=\"section\">\n\t\t\t\t\t\t<div class=\"elementor-container elementor-column-gap-default\">\n\t\t\t\t\t<div class=\"elementor-column elementor-col-100 elementor-top-column elementor-element elementor-element-c297819\" data-id=\"c297819\" data-element_type=\"column\" data-e-type=\"column\">\n\t\t\t<div class=\"elementor-widget-wrap elementor-element-populated\">\n\t\t\t\t\t\t<div class=\"elementor-element elementor-element-f08e4f1 elementor-widget elementor-widget-heading\" data-id=\"f08e4f1\" data-element_type=\"widget\" data-e-type=\"widget\" data-widget_type=\"heading.default\">\n\t\t\t\t<div class=\"elementor-widget-container\">\n\t\t\t\t\t<h3 class=\"elementor-heading-title elementor-size-default\">Vallbona de les Monges Monastery<\/h3>\t\t\t\t<\/div>\n\t\t\t\t<\/div>\n\t\t\t\t\t<\/div>\n\t\t<\/div>\n\t\t\t\t\t<\/div>\n\t\t<\/section>\n\t\t\t\t<section class=\"elementor-section elementor-top-section elementor-element elementor-element-bd16d31 elementor-section-boxed elementor-section-height-default elementor-section-height-default parallax_section_no qode_elementor_container_no\" data-id=\"bd16d31\" data-element_type=\"section\" data-e-type=\"section\">\n\t\t\t\t\t\t<div class=\"elementor-container elementor-column-gap-default\">\n\t\t\t\t\t<div class=\"elementor-column elementor-col-50 elementor-top-column elementor-element elementor-element-9e176da\" data-id=\"9e176da\" data-element_type=\"column\" data-e-type=\"column\">\n\t\t\t<div class=\"elementor-widget-wrap elementor-element-populated\">\n\t\t\t\t\t\t<div class=\"elementor-element elementor-element-5f98ed4 elementor-widget elementor-widget-image\" data-id=\"5f98ed4\" data-element_type=\"widget\" data-e-type=\"widget\" data-widget_type=\"image.default\">\n\t\t\t\t<div class=\"elementor-widget-container\">\n\t\t\t\t\t\t\t\t\t\t\t\t\t\t\t<img loading=\"lazy\" decoding=\"async\" width=\"1000\" height=\"750\" src=\"https:\/\/casadelspeixos.cat\/wp-content\/uploads\/2022\/04\/5-copia.png\" class=\"attachment-large size-large wp-image-2315\" alt=\"Monasterio de Vallbona de les Monges, vista del claustro del monasterio\" srcset=\"https:\/\/casadelspeixos.cat\/wp-content\/uploads\/2022\/04\/5-copia.png 1000w, https:\/\/casadelspeixos.cat\/wp-content\/uploads\/2022\/04\/5-copia-300x225.png 300w, https:\/\/casadelspeixos.cat\/wp-content\/uploads\/2022\/04\/5-copia-768x576.png 768w, https:\/\/casadelspeixos.cat\/wp-content\/uploads\/2022\/04\/5-copia-800x600.png 800w, https:\/\/casadelspeixos.cat\/wp-content\/uploads\/2022\/04\/5-copia-700x525.png 700w\" sizes=\"(max-width: 1000px) 100vw, 1000px\" \/>\t\t\t\t\t\t\t\t\t\t\t\t\t\t\t<\/div>\n\t\t\t\t<\/div>\n\t\t\t\t\t<\/div>\n\t\t<\/div>\n\t\t\t\t<div class=\"elementor-column elementor-col-50 elementor-top-column elementor-element elementor-element-4d2456d\" data-id=\"4d2456d\" data-element_type=\"column\" data-e-type=\"column\">\n\t\t\t<div class=\"elementor-widget-wrap elementor-element-populated\">\n\t\t\t\t\t\t<div class=\"elementor-element elementor-element-1fcc6ad elementor-widget elementor-widget-google_maps\" data-id=\"1fcc6ad\" data-element_type=\"widget\" data-e-type=\"widget\" data-widget_type=\"google_maps.default\">\n\t\t\t\t<div class=\"elementor-widget-container\">\n\t\t\t\t\t\t\t<div class=\"elementor-custom-embed\">\n\t\t\t<iframe loading=\"lazy\"\n\t\t\t\t\tsrc=\"https:\/\/maps.google.com\/maps?q=Vallbona%20de%20les%20Monges&#038;t=m&#038;z=10&#038;output=embed&#038;iwloc=near\"\n\t\t\t\t\ttitle=\"Vallbona de les Monges\"\n\t\t\t\t\taria-label=\"Vallbona de les Monges\"\n\t\t\t><\/iframe>\n\t\t<\/div>\n\t\t\t\t\t\t<\/div>\n\t\t\t\t<\/div>\n\t\t\t\t\t<\/div>\n\t\t<\/div>\n\t\t\t\t\t<\/div>\n\t\t<\/section>\n\t\t\t\t<section class=\"elementor-section elementor-top-section elementor-element elementor-element-57b53ae elementor-section-boxed elementor-section-height-default elementor-section-height-default parallax_section_no qode_elementor_container_no\" data-id=\"57b53ae\" data-element_type=\"section\" data-e-type=\"section\">\n\t\t\t\t\t\t<div class=\"elementor-container elementor-column-gap-default\">\n\t\t\t\t\t<div class=\"elementor-column elementor-col-100 elementor-top-column elementor-element elementor-element-442424b\" data-id=\"442424b\" data-element_type=\"column\" data-e-type=\"column\">\n\t\t\t<div class=\"elementor-widget-wrap elementor-element-populated\">\n\t\t\t\t\t\t<div class=\"elementor-element elementor-element-d42b4f8 elementor-widget elementor-widget-text-editor\" data-id=\"d42b4f8\" data-element_type=\"widget\" data-e-type=\"widget\" data-widget_type=\"text-editor.default\">\n\t\t\t\t<div class=\"elementor-widget-container\">\n\t\t\t\t\t\t\t\t\t<p>Of all the places to visit in Lleida, we suggest you go to the Monastery of Vallbona de les Monges, in Urgell: one of the three main stops on the famous Cistercian route.\u00a0<\/p><p>It was founded in the 12th century and is particularly peculiar. Its cloister combines Romanesque, Gothic and Arabic styles. Nor should you miss the Chapter House, with the tombs of the different abbesses (since the community is female).\u00a0<\/p><p>Here are the opening hours for you to visit this architectural marvel: Tuesday to Saturday from 10:30 am to 1:30 pm, and in the afternoons from 4 pm to 6 pm, and on Sundays it opens at 12 noon.<\/p>\t\t\t\t\t\t\t\t<\/div>\n\t\t\t\t<\/div>\n\t\t\t\t\t<\/div>\n\t\t<\/div>\n\t\t\t\t\t<\/div>\n\t\t<\/section>\n\t\t\t\t<section class=\"elementor-section elementor-top-section elementor-element elementor-element-c9324d4 elementor-section-boxed elementor-section-height-default elementor-section-height-default parallax_section_no qode_elementor_container_no\" data-id=\"c9324d4\" data-element_type=\"section\" data-e-type=\"section\">\n\t\t\t\t\t\t<div class=\"elementor-container elementor-column-gap-default\">\n\t\t\t\t\t<div class=\"elementor-column elementor-col-100 elementor-top-column elementor-element elementor-element-45f6b26\" data-id=\"45f6b26\" data-element_type=\"column\" data-e-type=\"column\">\n\t\t\t<div class=\"elementor-widget-wrap elementor-element-populated\">\n\t\t\t\t\t\t<div class=\"elementor-element elementor-element-ab38084 elementor-widget elementor-widget-heading\" data-id=\"ab38084\" data-element_type=\"widget\" data-e-type=\"widget\" data-widget_type=\"heading.default\">\n\t\t\t\t<div class=\"elementor-widget-container\">\n\t\t\t\t\t<h3 class=\"elementor-heading-title elementor-size-default\"> Montfalc\u00f3 Murallat<\/h3>\t\t\t\t<\/div>\n\t\t\t\t<\/div>\n\t\t\t\t\t<\/div>\n\t\t<\/div>\n\t\t\t\t\t<\/div>\n\t\t<\/section>\n\t\t\t\t<section class=\"elementor-section elementor-top-section elementor-element elementor-element-c70e385 elementor-section-boxed elementor-section-height-default elementor-section-height-default parallax_section_no qode_elementor_container_no\" data-id=\"c70e385\" data-element_type=\"section\" data-e-type=\"section\">\n\t\t\t\t\t\t<div class=\"elementor-container elementor-column-gap-default\">\n\t\t\t\t\t<div class=\"elementor-column elementor-col-50 elementor-top-column elementor-element elementor-element-37a248b\" data-id=\"37a248b\" data-element_type=\"column\" data-e-type=\"column\">\n\t\t\t<div class=\"elementor-widget-wrap elementor-element-populated\">\n\t\t\t\t\t\t<div class=\"elementor-element elementor-element-d24e990 elementor-widget elementor-widget-image\" data-id=\"d24e990\" data-element_type=\"widget\" data-e-type=\"widget\" data-widget_type=\"image.default\">\n\t\t\t\t<div class=\"elementor-widget-container\">\n\t\t\t\t\t\t\t\t\t\t\t\t\t\t\t<img loading=\"lazy\" decoding=\"async\" width=\"1000\" height=\"750\" src=\"https:\/\/casadelspeixos.cat\/wp-content\/uploads\/2022\/04\/4-copia-1.png\" class=\"attachment-large size-large wp-image-2339\" alt=\"Montfalc\u00f3 Murallat , puerta principal custodiada por dos majestuosos cipreses\" srcset=\"https:\/\/casadelspeixos.cat\/wp-content\/uploads\/2022\/04\/4-copia-1.png 1000w, https:\/\/casadelspeixos.cat\/wp-content\/uploads\/2022\/04\/4-copia-1-300x225.png 300w, https:\/\/casadelspeixos.cat\/wp-content\/uploads\/2022\/04\/4-copia-1-768x576.png 768w, https:\/\/casadelspeixos.cat\/wp-content\/uploads\/2022\/04\/4-copia-1-800x600.png 800w, https:\/\/casadelspeixos.cat\/wp-content\/uploads\/2022\/04\/4-copia-1-700x525.png 700w\" sizes=\"(max-width: 1000px) 100vw, 1000px\" \/>\t\t\t\t\t\t\t\t\t\t\t\t\t\t\t<\/div>\n\t\t\t\t<\/div>\n\t\t\t\t\t<\/div>\n\t\t<\/div>\n\t\t\t\t<div class=\"elementor-column elementor-col-50 elementor-top-column elementor-element elementor-element-114155c\" data-id=\"114155c\" data-element_type=\"column\" data-e-type=\"column\">\n\t\t\t<div class=\"elementor-widget-wrap elementor-element-populated\">\n\t\t\t\t\t\t<div class=\"elementor-element elementor-element-4ed98f2 elementor-widget elementor-widget-google_maps\" data-id=\"4ed98f2\" data-element_type=\"widget\" data-e-type=\"widget\" data-widget_type=\"google_maps.default\">\n\t\t\t\t<div class=\"elementor-widget-container\">\n\t\t\t\t\t\t\t<div class=\"elementor-custom-embed\">\n\t\t\t<iframe loading=\"lazy\"\n\t\t\t\t\tsrc=\"https:\/\/maps.google.com\/maps?q=LMontfalc%C3%B3%20Muralla&#038;t=m&#038;z=10&#038;output=embed&#038;iwloc=near\"\n\t\t\t\t\ttitle=\"LMontfalc\u00f3 Muralla\"\n\t\t\t\t\taria-label=\"LMontfalc\u00f3 Muralla\"\n\t\t\t><\/iframe>\n\t\t<\/div>\n\t\t\t\t\t\t<\/div>\n\t\t\t\t<\/div>\n\t\t\t\t\t<\/div>\n\t\t<\/div>\n\t\t\t\t\t<\/div>\n\t\t<\/section>\n\t\t\t\t<section class=\"elementor-section elementor-top-section elementor-element elementor-element-c9c3024 elementor-section-boxed elementor-section-height-default elementor-section-height-default parallax_section_no qode_elementor_container_no\" data-id=\"c9c3024\" data-element_type=\"section\" data-e-type=\"section\">\n\t\t\t\t\t\t<div class=\"elementor-container elementor-column-gap-default\">\n\t\t\t\t\t<div class=\"elementor-column elementor-col-100 elementor-top-column elementor-element elementor-element-e163431\" data-id=\"e163431\" data-element_type=\"column\" data-e-type=\"column\">\n\t\t\t<div class=\"elementor-widget-wrap elementor-element-populated\">\n\t\t\t\t\t\t<div class=\"elementor-element elementor-element-b71941b elementor-widget elementor-widget-text-editor\" data-id=\"b71941b\" data-element_type=\"widget\" data-e-type=\"widget\" data-widget_type=\"text-editor.default\">\n\t\t\t\t<div class=\"elementor-widget-container\">\n\t\t\t\t\t\t\t\t\t<p>Another of the things to see in Lleida province is undoubtedly Montfalc\u00f3 Murallat, a small village located on top of a hill. Apart from having only 15 houses, it is special because it will transport you to the Middle Ages with its narrow streets, its 11th century church, its low stone arches&#8230; The truth is that Montfalc\u00f3 Murallat in its essence is a perfect representation of medieval villages, but with great charm. So much so that some of the houses have been converted into rural houses. Did you know that? The village still has something else that makes it stand out: its cistern in the central square. Yes, yes&#8230; you read that right, a cistern where the town&#8217;s water is still stored today.\u00a0<\/p>\t\t\t\t\t\t\t\t<\/div>\n\t\t\t\t<\/div>\n\t\t\t\t\t<\/div>\n\t\t<\/div>\n\t\t\t\t\t<\/div>\n\t\t<\/section>\n\t\t\t\t<section class=\"elementor-section elementor-top-section elementor-element elementor-element-f4b4d2d elementor-section-boxed elementor-section-height-default elementor-section-height-default parallax_section_no qode_elementor_container_no\" data-id=\"f4b4d2d\" data-element_type=\"section\" data-e-type=\"section\">\n\t\t\t\t\t\t<div class=\"elementor-container elementor-column-gap-default\">\n\t\t\t\t\t<div class=\"elementor-column elementor-col-100 elementor-top-column elementor-element elementor-element-b481077\" data-id=\"b481077\" data-element_type=\"column\" data-e-type=\"column\">\n\t\t\t<div class=\"elementor-widget-wrap elementor-element-populated\">\n\t\t\t\t\t\t<div class=\"elementor-element elementor-element-7b0ab47 elementor-widget elementor-widget-image\" data-id=\"7b0ab47\" data-element_type=\"widget\" data-e-type=\"widget\" data-widget_type=\"image.default\">\n\t\t\t\t<div class=\"elementor-widget-container\">\n\t\t\t\t\t\t\t\t\t\t\t\t\t\t\t\t<a href=\"https:\/\/casadelspeixos.cat\/en\/contact-reservations-2\/?utm_source=blog&#038;utm_medium=banner\" rel=\"nofollow\">\n\t\t\t\t\t\t\t<img decoding=\"async\" width=\"728\" height=\"90\" src=\"https:\/\/casadelspeixos.cat\/wp-content\/uploads\/2023\/06\/rent-a-cottage-1.png\" class=\"attachment-large size-large wp-image-7770\" alt=\"\" srcset=\"https:\/\/casadelspeixos.cat\/wp-content\/uploads\/2023\/06\/rent-a-cottage-1.png 728w, https:\/\/casadelspeixos.cat\/wp-content\/uploads\/2023\/06\/rent-a-cottage-1-300x37.png 300w, https:\/\/casadelspeixos.cat\/wp-content\/uploads\/2023\/06\/rent-a-cottage-1-700x87.png 700w\" sizes=\"(max-width: 728px) 100vw, 728px\" \/>\t\t\t\t\t\t\t\t<\/a>\n\t\t\t\t\t\t\t\t\t\t\t\t\t\t\t<\/div>\n\t\t\t\t<\/div>\n\t\t\t\t\t<\/div>\n\t\t<\/div>\n\t\t\t\t\t<\/div>\n\t\t<\/section>\n\t\t\t\t<section class=\"elementor-section elementor-top-section elementor-element elementor-element-d671967 elementor-section-boxed elementor-section-height-default elementor-section-height-default parallax_section_no qode_elementor_container_no\" data-id=\"d671967\" data-element_type=\"section\" data-e-type=\"section\">\n\t\t\t\t\t\t<div class=\"elementor-container elementor-column-gap-default\">\n\t\t\t\t\t<div class=\"elementor-column elementor-col-100 elementor-top-column elementor-element elementor-element-aa67ab4\" data-id=\"aa67ab4\" data-element_type=\"column\" data-e-type=\"column\">\n\t\t\t<div class=\"elementor-widget-wrap elementor-element-populated\">\n\t\t\t\t\t\t<div class=\"elementor-element elementor-element-428fc87 elementor-widget elementor-widget-heading\" data-id=\"428fc87\" data-element_type=\"widget\" data-e-type=\"widget\" data-widget_type=\"heading.default\">\n\t\t\t\t<div class=\"elementor-widget-container\">\n\t\t\t\t\t<h3 class=\"elementor-heading-title elementor-size-default\"> Penelles\n<\/h3>\t\t\t\t<\/div>\n\t\t\t\t<\/div>\n\t\t\t\t\t<\/div>\n\t\t<\/div>\n\t\t\t\t\t<\/div>\n\t\t<\/section>\n\t\t\t\t<section class=\"elementor-section elementor-top-section elementor-element elementor-element-0b6150b elementor-section-boxed elementor-section-height-default elementor-section-height-default parallax_section_no qode_elementor_container_no\" data-id=\"0b6150b\" data-element_type=\"section\" data-e-type=\"section\">\n\t\t\t\t\t\t<div class=\"elementor-container elementor-column-gap-default\">\n\t\t\t\t\t<div class=\"elementor-column elementor-col-50 elementor-top-column elementor-element elementor-element-6a5d5ae\" data-id=\"6a5d5ae\" data-element_type=\"column\" data-e-type=\"column\">\n\t\t\t<div class=\"elementor-widget-wrap elementor-element-populated\">\n\t\t\t\t\t\t<div class=\"elementor-element elementor-element-de94343 elementor-widget elementor-widget-image\" data-id=\"de94343\" data-element_type=\"widget\" data-e-type=\"widget\" data-widget_type=\"image.default\">\n\t\t\t\t<div class=\"elementor-widget-container\">\n\t\t\t\t\t\t\t\t\t\t\t\t\t\t\t<img loading=\"lazy\" decoding=\"async\" width=\"1000\" height=\"750\" src=\"https:\/\/casadelspeixos.cat\/wp-content\/uploads\/2022\/04\/6-copia.png\" class=\"attachment-large size-large wp-image-2324\" alt=\"Penelles, grafiti de inmensas dimensiones de un pay\u00e9s t\u00edpico de la zona\" srcset=\"https:\/\/casadelspeixos.cat\/wp-content\/uploads\/2022\/04\/6-copia.png 1000w, https:\/\/casadelspeixos.cat\/wp-content\/uploads\/2022\/04\/6-copia-300x225.png 300w, https:\/\/casadelspeixos.cat\/wp-content\/uploads\/2022\/04\/6-copia-768x576.png 768w, https:\/\/casadelspeixos.cat\/wp-content\/uploads\/2022\/04\/6-copia-800x600.png 800w, https:\/\/casadelspeixos.cat\/wp-content\/uploads\/2022\/04\/6-copia-700x525.png 700w\" sizes=\"(max-width: 1000px) 100vw, 1000px\" \/>\t\t\t\t\t\t\t\t\t\t\t\t\t\t\t<\/div>\n\t\t\t\t<\/div>\n\t\t\t\t\t<\/div>\n\t\t<\/div>\n\t\t\t\t<div class=\"elementor-column elementor-col-50 elementor-top-column elementor-element elementor-element-379692a\" data-id=\"379692a\" data-element_type=\"column\" data-e-type=\"column\">\n\t\t\t<div class=\"elementor-widget-wrap elementor-element-populated\">\n\t\t\t\t\t\t<div class=\"elementor-element elementor-element-cfd0f96 elementor-widget elementor-widget-google_maps\" data-id=\"cfd0f96\" data-element_type=\"widget\" data-e-type=\"widget\" data-widget_type=\"google_maps.default\">\n\t\t\t\t<div class=\"elementor-widget-container\">\n\t\t\t\t\t\t\t<div class=\"elementor-custom-embed\">\n\t\t\t<iframe loading=\"lazy\"\n\t\t\t\t\tsrc=\"https:\/\/maps.google.com\/maps?q=Penelles&#038;t=m&#038;z=10&#038;output=embed&#038;iwloc=near\"\n\t\t\t\t\ttitle=\"Penelles\"\n\t\t\t\t\taria-label=\"Penelles\"\n\t\t\t><\/iframe>\n\t\t<\/div>\n\t\t\t\t\t\t<\/div>\n\t\t\t\t<\/div>\n\t\t\t\t\t<\/div>\n\t\t<\/div>\n\t\t\t\t\t<\/div>\n\t\t<\/section>\n\t\t\t\t<section class=\"elementor-section elementor-top-section elementor-element elementor-element-e6716cf elementor-section-boxed elementor-section-height-default elementor-section-height-default parallax_section_no qode_elementor_container_no\" data-id=\"e6716cf\" data-element_type=\"section\" data-e-type=\"section\">\n\t\t\t\t\t\t<div class=\"elementor-container elementor-column-gap-default\">\n\t\t\t\t\t<div class=\"elementor-column elementor-col-100 elementor-top-column elementor-element elementor-element-834d93e\" data-id=\"834d93e\" data-element_type=\"column\" data-e-type=\"column\">\n\t\t\t<div class=\"elementor-widget-wrap elementor-element-populated\">\n\t\t\t\t\t\t<div class=\"elementor-element elementor-element-4224f24 elementor-widget elementor-widget-text-editor\" data-id=\"4224f24\" data-element_type=\"widget\" data-e-type=\"widget\" data-widget_type=\"text-editor.default\">\n\t\t\t\t<div class=\"elementor-widget-container\">\n\t\t\t\t\t\t\t\t\t<p>So far we&#8217;ve recommended different places to visit in Lleida that have an important historical legacy, but now we&#8217;re going to tell you about a slightly more modern place. What to see near Lleida? Penelles, a 40-minute drive from the capital, is a town full of graffiti done by well-known graffiti artists from all over Europe (every year a festival is held where they are invited), so you won&#8217;t be disappointed: they have become the town&#8217;s tourist attraction, so if you don&#8217;t want to miss any of them, the tourist office will tell you where to find the most outstanding ones.<\/p>\t\t\t\t\t\t\t\t<\/div>\n\t\t\t\t<\/div>\n\t\t\t\t\t<\/div>\n\t\t<\/div>\n\t\t\t\t\t<\/div>\n\t\t<\/section>\n\t\t\t\t<section class=\"elementor-section elementor-top-section elementor-element elementor-element-77c21c2 elementor-section-boxed elementor-section-height-default elementor-section-height-default parallax_section_no qode_elementor_container_no\" data-id=\"77c21c2\" data-element_type=\"section\" data-e-type=\"section\">\n\t\t\t\t\t\t<div class=\"elementor-container elementor-column-gap-default\">\n\t\t\t\t\t<div class=\"elementor-column elementor-col-100 elementor-top-column elementor-element elementor-element-c902af4\" data-id=\"c902af4\" data-element_type=\"column\" data-e-type=\"column\">\n\t\t\t<div class=\"elementor-widget-wrap elementor-element-populated\">\n\t\t\t\t\t\t<div class=\"elementor-element elementor-element-3223851 elementor-widget elementor-widget-heading\" data-id=\"3223851\" data-element_type=\"widget\" data-e-type=\"widget\" data-widget_type=\"heading.default\">\n\t\t\t\t<div class=\"elementor-widget-container\">\n\t\t\t\t\t<h3 class=\"elementor-heading-title elementor-size-default\">Montson\u00eds Castle\n<\/h3>\t\t\t\t<\/div>\n\t\t\t\t<\/div>\n\t\t\t\t\t<\/div>\n\t\t<\/div>\n\t\t\t\t\t<\/div>\n\t\t<\/section>\n\t\t\t\t<section class=\"elementor-section elementor-top-section elementor-element elementor-element-f83c620 elementor-section-boxed elementor-section-height-default elementor-section-height-default parallax_section_no qode_elementor_container_no\" data-id=\"f83c620\" data-element_type=\"section\" data-e-type=\"section\">\n\t\t\t\t\t\t<div class=\"elementor-container elementor-column-gap-default\">\n\t\t\t\t\t<div class=\"elementor-column elementor-col-50 elementor-top-column elementor-element elementor-element-4e80d90\" data-id=\"4e80d90\" data-element_type=\"column\" data-e-type=\"column\">\n\t\t\t<div class=\"elementor-widget-wrap elementor-element-populated\">\n\t\t\t\t\t\t<div class=\"elementor-element elementor-element-94df8db elementor-widget elementor-widget-image\" data-id=\"94df8db\" data-element_type=\"widget\" data-e-type=\"widget\" data-widget_type=\"image.default\">\n\t\t\t\t<div class=\"elementor-widget-container\">\n\t\t\t\t\t\t\t\t\t\t\t\t\t\t\t<img loading=\"lazy\" decoding=\"async\" width=\"1000\" height=\"750\" src=\"https:\/\/casadelspeixos.cat\/wp-content\/uploads\/2022\/04\/7-1.png\" class=\"attachment-large size-large wp-image-2330\" alt=\"Castillo de Montsoni\u0301s, fachada del castillo con su torre\u00f3n\" srcset=\"https:\/\/casadelspeixos.cat\/wp-content\/uploads\/2022\/04\/7-1.png 1000w, https:\/\/casadelspeixos.cat\/wp-content\/uploads\/2022\/04\/7-1-300x225.png 300w, https:\/\/casadelspeixos.cat\/wp-content\/uploads\/2022\/04\/7-1-768x576.png 768w, https:\/\/casadelspeixos.cat\/wp-content\/uploads\/2022\/04\/7-1-800x600.png 800w, https:\/\/casadelspeixos.cat\/wp-content\/uploads\/2022\/04\/7-1-700x525.png 700w\" sizes=\"(max-width: 1000px) 100vw, 1000px\" \/>\t\t\t\t\t\t\t\t\t\t\t\t\t\t\t<\/div>\n\t\t\t\t<\/div>\n\t\t\t\t\t<\/div>\n\t\t<\/div>\n\t\t\t\t<div class=\"elementor-column elementor-col-50 elementor-top-column elementor-element elementor-element-29b0853\" data-id=\"29b0853\" data-element_type=\"column\" data-e-type=\"column\">\n\t\t\t<div class=\"elementor-widget-wrap elementor-element-populated\">\n\t\t\t\t\t\t<div class=\"elementor-element elementor-element-e4a95c1 elementor-widget elementor-widget-google_maps\" data-id=\"e4a95c1\" data-element_type=\"widget\" data-e-type=\"widget\" data-widget_type=\"google_maps.default\">\n\t\t\t\t<div class=\"elementor-widget-container\">\n\t\t\t\t\t\t\t<div class=\"elementor-custom-embed\">\n\t\t\t<iframe loading=\"lazy\"\n\t\t\t\t\tsrc=\"https:\/\/maps.google.com\/maps?q=Castell%20de%20Montson%C3%ADs&#038;t=m&#038;z=10&#038;output=embed&#038;iwloc=near\"\n\t\t\t\t\ttitle=\"Castell de Montson\u00eds\"\n\t\t\t\t\taria-label=\"Castell de Montson\u00eds\"\n\t\t\t><\/iframe>\n\t\t<\/div>\n\t\t\t\t\t\t<\/div>\n\t\t\t\t<\/div>\n\t\t\t\t\t<\/div>\n\t\t<\/div>\n\t\t\t\t\t<\/div>\n\t\t<\/section>\n\t\t\t\t<section class=\"elementor-section elementor-top-section elementor-element elementor-element-ce93b94 elementor-section-boxed elementor-section-height-default elementor-section-height-default parallax_section_no qode_elementor_container_no\" data-id=\"ce93b94\" data-element_type=\"section\" data-e-type=\"section\">\n\t\t\t\t\t\t<div class=\"elementor-container elementor-column-gap-default\">\n\t\t\t\t\t<div class=\"elementor-column elementor-col-100 elementor-top-column elementor-element elementor-element-955c580\" data-id=\"955c580\" data-element_type=\"column\" data-e-type=\"column\">\n\t\t\t<div class=\"elementor-widget-wrap elementor-element-populated\">\n\t\t\t\t\t\t<div class=\"elementor-element elementor-element-7e40584 elementor-widget elementor-widget-text-editor\" data-id=\"7e40584\" data-element_type=\"widget\" data-e-type=\"widget\" data-widget_type=\"text-editor.default\">\n\t\t\t\t<div class=\"elementor-widget-container\">\n\t\t\t\t\t\t\t\t\t<p>The list goes on! Montson\u00eds Castle is one of the best visitable castles in the area, which is still home to its owner: the Baron of Alb\u00ed, of the Order of the Knights of Malta, who resides on the upper floor of the castle. Despite this, the castle is open to the public on Saturdays, Sundays and public holidays, and you are allowed to visit its main rooms, giving you a perfect insight into life in the Middle Ages.\u00a0<\/p>\t\t\t\t\t\t\t\t<\/div>\n\t\t\t\t<\/div>\n\t\t\t\t\t<\/div>\n\t\t<\/div>\n\t\t\t\t\t<\/div>\n\t\t<\/section>\n\t\t\t\t<section class=\"elementor-section elementor-top-section elementor-element elementor-element-5fdd508 elementor-section-boxed elementor-section-height-default elementor-section-height-default parallax_section_no qode_elementor_container_no\" data-id=\"5fdd508\" data-element_type=\"section\" data-e-type=\"section\">\n\t\t\t\t\t\t<div class=\"elementor-container elementor-column-gap-default\">\n\t\t\t\t\t<div class=\"elementor-column elementor-col-100 elementor-top-column elementor-element elementor-element-5691399\" data-id=\"5691399\" data-element_type=\"column\" data-e-type=\"column\">\n\t\t\t<div class=\"elementor-widget-wrap elementor-element-populated\">\n\t\t\t\t\t\t<div class=\"elementor-element elementor-element-25a10a5 elementor-widget elementor-widget-image\" data-id=\"25a10a5\" data-element_type=\"widget\" data-e-type=\"widget\" data-widget_type=\"image.default\">\n\t\t\t\t<div class=\"elementor-widget-container\">\n\t\t\t\t\t\t\t\t\t\t\t\t\t\t\t\t<a href=\"https:\/\/casadelspeixos.cat\/en\/contact-reservations-2\/?utm_source=blog&#038;utm_medium=banner\" rel=\"nofollow\">\n\t\t\t\t\t\t\t<img decoding=\"async\" width=\"728\" height=\"90\" src=\"https:\/\/casadelspeixos.cat\/wp-content\/uploads\/2023\/06\/rent-a-cottage-1.png\" class=\"attachment-large size-large wp-image-7770\" alt=\"\" srcset=\"https:\/\/casadelspeixos.cat\/wp-content\/uploads\/2023\/06\/rent-a-cottage-1.png 728w, https:\/\/casadelspeixos.cat\/wp-content\/uploads\/2023\/06\/rent-a-cottage-1-300x37.png 300w, https:\/\/casadelspeixos.cat\/wp-content\/uploads\/2023\/06\/rent-a-cottage-1-700x87.png 700w\" sizes=\"(max-width: 728px) 100vw, 728px\" \/>\t\t\t\t\t\t\t\t<\/a>\n\t\t\t\t\t\t\t\t\t\t\t\t\t\t\t<\/div>\n\t\t\t\t<\/div>\n\t\t\t\t\t<\/div>\n\t\t<\/div>\n\t\t\t\t\t<\/div>\n\t\t<\/section>\n\t\t\t\t<section class=\"elementor-section elementor-top-section elementor-element elementor-element-5339880 elementor-section-boxed elementor-section-height-default elementor-section-height-default parallax_section_no qode_elementor_container_no\" data-id=\"5339880\" data-element_type=\"section\" data-e-type=\"section\">\n\t\t\t\t\t\t<div class=\"elementor-container elementor-column-gap-default\">\n\t\t\t\t\t<div class=\"elementor-column elementor-col-100 elementor-top-column elementor-element elementor-element-c5b3ed2\" data-id=\"c5b3ed2\" data-element_type=\"column\" data-e-type=\"column\">\n\t\t\t<div class=\"elementor-widget-wrap elementor-element-populated\">\n\t\t\t\t\t\t<div class=\"elementor-element elementor-element-8f50c63 elementor-widget elementor-widget-heading\" data-id=\"8f50c63\" data-element_type=\"widget\" data-e-type=\"widget\" data-widget_type=\"heading.default\">\n\t\t\t\t<div class=\"elementor-widget-container\">\n\t\t\t\t\t<h2 class=\"elementor-heading-title elementor-size-default\">Barony of Sant O\u00efsme\n<\/h2>\t\t\t\t<\/div>\n\t\t\t\t<\/div>\n\t\t\t\t\t<\/div>\n\t\t<\/div>\n\t\t\t\t\t<\/div>\n\t\t<\/section>\n\t\t\t\t<section class=\"elementor-section elementor-top-section elementor-element elementor-element-fa84556 elementor-section-boxed elementor-section-height-default elementor-section-height-default parallax_section_no qode_elementor_container_no\" data-id=\"fa84556\" data-element_type=\"section\" data-e-type=\"section\">\n\t\t\t\t\t\t<div class=\"elementor-container elementor-column-gap-default\">\n\t\t\t\t\t<div class=\"elementor-column elementor-col-50 elementor-top-column elementor-element elementor-element-b7e5718\" data-id=\"b7e5718\" data-element_type=\"column\" data-e-type=\"column\">\n\t\t\t<div class=\"elementor-widget-wrap elementor-element-populated\">\n\t\t\t\t\t\t<div class=\"elementor-element elementor-element-61969bd elementor-widget elementor-widget-image\" data-id=\"61969bd\" data-element_type=\"widget\" data-e-type=\"widget\" data-widget_type=\"image.default\">\n\t\t\t\t<div class=\"elementor-widget-container\">\n\t\t\t\t\t\t\t\t\t\t\t\t\t\t\t<img loading=\"lazy\" decoding=\"async\" width=\"800\" height=\"600\" src=\"https:\/\/casadelspeixos.cat\/wp-content\/uploads\/2022\/04\/5-2-800x600.png\" class=\"attachment-portfolio-landscape size-portfolio-landscape wp-image-2333\" alt=\"Baron\u00eda de Sant O\u00efsme, vista de una torre de defensa y al fondo la sierra del Montsec\" srcset=\"https:\/\/casadelspeixos.cat\/wp-content\/uploads\/2022\/04\/5-2-800x600.png 800w, https:\/\/casadelspeixos.cat\/wp-content\/uploads\/2022\/04\/5-2-300x225.png 300w, https:\/\/casadelspeixos.cat\/wp-content\/uploads\/2022\/04\/5-2-768x576.png 768w, https:\/\/casadelspeixos.cat\/wp-content\/uploads\/2022\/04\/5-2-700x525.png 700w, https:\/\/casadelspeixos.cat\/wp-content\/uploads\/2022\/04\/5-2.png 1000w\" sizes=\"(max-width: 800px) 100vw, 800px\" \/>\t\t\t\t\t\t\t\t\t\t\t\t\t\t\t<\/div>\n\t\t\t\t<\/div>\n\t\t\t\t\t<\/div>\n\t\t<\/div>\n\t\t\t\t<div class=\"elementor-column elementor-col-50 elementor-top-column elementor-element elementor-element-c633b11\" data-id=\"c633b11\" data-element_type=\"column\" data-e-type=\"column\">\n\t\t\t<div class=\"elementor-widget-wrap elementor-element-populated\">\n\t\t\t\t\t\t<div class=\"elementor-element elementor-element-d40a484 elementor-widget elementor-widget-google_maps\" data-id=\"d40a484\" data-element_type=\"widget\" data-e-type=\"widget\" data-widget_type=\"google_maps.default\">\n\t\t\t\t<div class=\"elementor-widget-container\">\n\t\t\t\t\t\t\t<div class=\"elementor-custom-embed\">\n\t\t\t<iframe loading=\"lazy\"\n\t\t\t\t\tsrc=\"https:\/\/maps.google.com\/maps?q=Baron%C3%ADa%20de%20Sant%20O%C3%AFsme&#038;t=m&#038;z=10&#038;output=embed&#038;iwloc=near\"\n\t\t\t\t\ttitle=\"Baron\u00eda de Sant O\u00efsme\"\n\t\t\t\t\taria-label=\"Baron\u00eda de Sant O\u00efsme\"\n\t\t\t><\/iframe>\n\t\t<\/div>\n\t\t\t\t\t\t<\/div>\n\t\t\t\t<\/div>\n\t\t\t\t\t<\/div>\n\t\t<\/div>\n\t\t\t\t\t<\/div>\n\t\t<\/section>\n\t\t\t\t<section class=\"elementor-section elementor-top-section elementor-element elementor-element-55d0dd8 elementor-section-boxed elementor-section-height-default elementor-section-height-default parallax_section_no qode_elementor_container_no\" data-id=\"55d0dd8\" data-element_type=\"section\" data-e-type=\"section\">\n\t\t\t\t\t\t<div class=\"elementor-container elementor-column-gap-default\">\n\t\t\t\t\t<div class=\"elementor-column elementor-col-100 elementor-top-column elementor-element elementor-element-04c3ad8\" data-id=\"04c3ad8\" data-element_type=\"column\" data-e-type=\"column\">\n\t\t\t<div class=\"elementor-widget-wrap elementor-element-populated\">\n\t\t\t\t\t\t<div class=\"elementor-element elementor-element-204e90e elementor-widget elementor-widget-text-editor\" data-id=\"204e90e\" data-element_type=\"widget\" data-e-type=\"widget\" data-widget_type=\"text-editor.default\">\n\t\t\t\t<div class=\"elementor-widget-container\">\n\t\t\t\t\t\t\t\t\t<p>What to see in Lleida and the surrounding area? In case we haven&#8217;t convinced you yet, we present the Barony of Sant O\u00efsme, a 20-minute drive from Camarasa. It is a reservoir, and right next to it you will find a stone tower and a church, dedicated to Sant Bartomeu. Despite being a simple architectural complex, it is well worth a visit, especially for the incredible views that can be seen from the top of the tower, which is about 14 metres high. There are references to the Barony from the 11th century, when it was a castle, although it cannot be seen today.\u00a0<\/p>\t\t\t\t\t\t\t\t<\/div>\n\t\t\t\t<\/div>\n\t\t\t\t\t<\/div>\n\t\t<\/div>\n\t\t\t\t\t<\/div>\n\t\t<\/section>\n\t\t\t\t<section class=\"elementor-section elementor-top-section elementor-element elementor-element-a2fd464 elementor-section-boxed elementor-section-height-default elementor-section-height-default parallax_section_no qode_elementor_container_no\" data-id=\"a2fd464\" data-element_type=\"section\" data-e-type=\"section\">\n\t\t\t\t\t\t<div class=\"elementor-container elementor-column-gap-default\">\n\t\t\t\t\t<div class=\"elementor-column elementor-col-100 elementor-top-column elementor-element elementor-element-3e7695a\" data-id=\"3e7695a\" data-element_type=\"column\" data-e-type=\"column\">\n\t\t\t<div class=\"elementor-widget-wrap elementor-element-populated\">\n\t\t\t\t\t\t<div class=\"elementor-element elementor-element-ccfd9ca elementor-widget elementor-widget-heading\" data-id=\"ccfd9ca\" data-element_type=\"widget\" data-e-type=\"widget\" data-widget_type=\"heading.default\">\n\t\t\t\t<div class=\"elementor-widget-container\">\n\t\t\t\t\t<h3 class=\"elementor-heading-title elementor-size-default\">Wine Route\n<\/h3>\t\t\t\t<\/div>\n\t\t\t\t<\/div>\n\t\t\t\t\t<\/div>\n\t\t<\/div>\n\t\t\t\t\t<\/div>\n\t\t<\/section>\n\t\t\t\t<section class=\"elementor-section elementor-top-section elementor-element elementor-element-e98f063 elementor-section-boxed elementor-section-height-default elementor-section-height-default parallax_section_no qode_elementor_container_no\" data-id=\"e98f063\" data-element_type=\"section\" data-e-type=\"section\">\n\t\t\t\t\t\t<div class=\"elementor-container elementor-column-gap-default\">\n\t\t\t\t\t<div class=\"elementor-column elementor-col-50 elementor-top-column elementor-element elementor-element-55d11ae\" data-id=\"55d11ae\" data-element_type=\"column\" data-e-type=\"column\">\n\t\t\t<div class=\"elementor-widget-wrap elementor-element-populated\">\n\t\t\t\t\t\t<div class=\"elementor-element elementor-element-b2fac77 elementor-widget elementor-widget-image\" data-id=\"b2fac77\" data-element_type=\"widget\" data-e-type=\"widget\" data-widget_type=\"image.default\">\n\t\t\t\t<div class=\"elementor-widget-container\">\n\t\t\t\t\t\t\t\t\t\t\t\t\t\t\t<img loading=\"lazy\" decoding=\"async\" width=\"1024\" height=\"756\" src=\"https:\/\/casadelspeixos.cat\/wp-content\/uploads\/2022\/04\/enoturismo_en_catalua-1024x756.jpg\" class=\"attachment-large size-large wp-image-2189\" alt=\"Ruta del Vino, preciosa vista de un vi\u00f1edo\" srcset=\"https:\/\/casadelspeixos.cat\/wp-content\/uploads\/2022\/04\/enoturismo_en_catalua-1024x756.jpg 1024w, https:\/\/casadelspeixos.cat\/wp-content\/uploads\/2022\/04\/enoturismo_en_catalua-300x221.jpg 300w, https:\/\/casadelspeixos.cat\/wp-content\/uploads\/2022\/04\/enoturismo_en_catalua-768x567.jpg 768w, https:\/\/casadelspeixos.cat\/wp-content\/uploads\/2022\/04\/enoturismo_en_catalua-700x517.jpg 700w, https:\/\/casadelspeixos.cat\/wp-content\/uploads\/2022\/04\/enoturismo_en_catalua.jpg 1355w\" sizes=\"(max-width: 1024px) 100vw, 1024px\" \/>\t\t\t\t\t\t\t\t\t\t\t\t\t\t\t<\/div>\n\t\t\t\t<\/div>\n\t\t\t\t\t<\/div>\n\t\t<\/div>\n\t\t\t\t<div class=\"elementor-column elementor-col-50 elementor-top-column elementor-element elementor-element-9862be4\" data-id=\"9862be4\" data-element_type=\"column\" data-e-type=\"column\">\n\t\t\t<div class=\"elementor-widget-wrap elementor-element-populated\">\n\t\t\t\t\t\t<div class=\"elementor-element elementor-element-b1ba043 elementor-widget elementor-widget-google_maps\" data-id=\"b1ba043\" data-element_type=\"widget\" data-e-type=\"widget\" data-widget_type=\"google_maps.default\">\n\t\t\t\t<div class=\"elementor-widget-container\">\n\t\t\t\t\t\t\t<div class=\"elementor-custom-embed\">\n\t\t\t<iframe loading=\"lazy\"\n\t\t\t\t\tsrc=\"https:\/\/maps.google.com\/maps?q=Costers%20del%20Segre&#038;t=m&#038;z=10&#038;output=embed&#038;iwloc=near\"\n\t\t\t\t\ttitle=\"Costers del Segre\"\n\t\t\t\t\taria-label=\"Costers del Segre\"\n\t\t\t><\/iframe>\n\t\t<\/div>\n\t\t\t\t\t\t<\/div>\n\t\t\t\t<\/div>\n\t\t\t\t\t<\/div>\n\t\t<\/div>\n\t\t\t\t\t<\/div>\n\t\t<\/section>\n\t\t\t\t<section class=\"elementor-section elementor-top-section elementor-element elementor-element-76293bb elementor-section-boxed elementor-section-height-default elementor-section-height-default parallax_section_no qode_elementor_container_no\" data-id=\"76293bb\" data-element_type=\"section\" data-e-type=\"section\">\n\t\t\t\t\t\t<div class=\"elementor-container elementor-column-gap-default\">\n\t\t\t\t\t<div class=\"elementor-column elementor-col-100 elementor-top-column elementor-element elementor-element-a232b1d\" data-id=\"a232b1d\" data-element_type=\"column\" data-e-type=\"column\">\n\t\t\t<div class=\"elementor-widget-wrap elementor-element-populated\">\n\t\t\t\t\t\t<div class=\"elementor-element elementor-element-a9e036f elementor-widget elementor-widget-text-editor\" data-id=\"a9e036f\" data-element_type=\"widget\" data-e-type=\"widget\" data-widget_type=\"text-editor.default\">\n\t\t\t\t<div class=\"elementor-widget-container\">\n\t\t\t\t\t\t\t\t\t<p>The river Segre has allowed the growth of vineyards, turning the lands of Lleida into an attractive destination for those who want to do wine tourism. There are different wineries all over the province that form part of the Costers del Segre Designation of Origin: wines that have been born in chalky lands, under a Mediterranean climate. Visiting these wineries will allow you to get to know the flavour of the land in depth, as the wine route goes from the south of Lleida to the north, where different fermentation techniques are used. In some cases the wine is born from between the stones&#8230; yes, you heard that right! But to find out more you&#8217;ll have to visit.\u00a0<\/p>\t\t\t\t\t\t\t\t<\/div>\n\t\t\t\t<\/div>\n\t\t\t\t\t<\/div>\n\t\t<\/div>\n\t\t\t\t\t<\/div>\n\t\t<\/section>\n\t\t\t\t<section class=\"elementor-section elementor-top-section elementor-element elementor-element-ce1bd05 elementor-section-boxed elementor-section-height-default elementor-section-height-default parallax_section_no qode_elementor_container_no\" data-id=\"ce1bd05\" data-element_type=\"section\" data-e-type=\"section\">\n\t\t\t\t\t\t<div class=\"elementor-container elementor-column-gap-default\">\n\t\t\t\t\t<div class=\"elementor-column elementor-col-100 elementor-top-column elementor-element elementor-element-ae7c35e\" data-id=\"ae7c35e\" data-element_type=\"column\" data-e-type=\"column\">\n\t\t\t<div class=\"elementor-widget-wrap elementor-element-populated\">\n\t\t\t\t\t\t<div class=\"elementor-element elementor-element-d741376 elementor-widget elementor-widget-image\" data-id=\"d741376\" data-element_type=\"widget\" data-e-type=\"widget\" data-widget_type=\"image.default\">\n\t\t\t\t<div class=\"elementor-widget-container\">\n\t\t\t\t\t\t\t\t\t\t\t\t\t\t\t\t<a href=\"https:\/\/casadelspeixos.cat\/en\/contact-reservations-2\/?utm_source=blog&#038;utm_medium=banner\" rel=\"nofollow\">\n\t\t\t\t\t\t\t<img decoding=\"async\" width=\"728\" height=\"90\" src=\"https:\/\/casadelspeixos.cat\/wp-content\/uploads\/2023\/06\/rent-a-cottage-1.png\" class=\"attachment-large size-large wp-image-7770\" alt=\"\" srcset=\"https:\/\/casadelspeixos.cat\/wp-content\/uploads\/2023\/06\/rent-a-cottage-1.png 728w, https:\/\/casadelspeixos.cat\/wp-content\/uploads\/2023\/06\/rent-a-cottage-1-300x37.png 300w, https:\/\/casadelspeixos.cat\/wp-content\/uploads\/2023\/06\/rent-a-cottage-1-700x87.png 700w\" sizes=\"(max-width: 728px) 100vw, 728px\" \/>\t\t\t\t\t\t\t\t<\/a>\n\t\t\t\t\t\t\t\t\t\t\t\t\t\t\t<\/div>\n\t\t\t\t<\/div>\n\t\t\t\t\t<\/div>\n\t\t<\/div>\n\t\t\t\t\t<\/div>\n\t\t<\/section>\n\t\t\t\t<section class=\"elementor-section elementor-top-section elementor-element elementor-element-bc77c54 elementor-section-boxed elementor-section-height-default elementor-section-height-default parallax_section_no qode_elementor_container_no\" data-id=\"bc77c54\" data-element_type=\"section\" data-e-type=\"section\">\n\t\t\t\t\t\t<div class=\"elementor-container elementor-column-gap-default\">\n\t\t\t\t\t<div class=\"elementor-column elementor-col-100 elementor-top-column elementor-element elementor-element-6ac75ac\" data-id=\"6ac75ac\" data-element_type=\"column\" data-e-type=\"column\">\n\t\t\t<div class=\"elementor-widget-wrap elementor-element-populated\">\n\t\t\t\t\t\t<div class=\"elementor-element elementor-element-f6be484 elementor-widget elementor-widget-heading\" data-id=\"f6be484\" data-element_type=\"widget\" data-e-type=\"widget\" data-widget_type=\"heading.default\">\n\t\t\t\t<div class=\"elementor-widget-container\">\n\t\t\t\t\t<h3 class=\"elementor-heading-title elementor-size-default\">Modernist Itinerary<\/h3>\t\t\t\t<\/div>\n\t\t\t\t<\/div>\n\t\t\t\t\t<\/div>\n\t\t<\/div>\n\t\t\t\t\t<\/div>\n\t\t<\/section>\n\t\t\t\t<section class=\"elementor-section elementor-top-section elementor-element elementor-element-9b84c70 elementor-section-boxed elementor-section-height-default elementor-section-height-default parallax_section_no qode_elementor_container_no\" data-id=\"9b84c70\" data-element_type=\"section\" data-e-type=\"section\">\n\t\t\t\t\t\t<div class=\"elementor-container elementor-column-gap-default\">\n\t\t\t\t\t<div class=\"elementor-column elementor-col-50 elementor-top-column elementor-element elementor-element-97b2921\" data-id=\"97b2921\" data-element_type=\"column\" data-e-type=\"column\">\n\t\t\t<div class=\"elementor-widget-wrap elementor-element-populated\">\n\t\t\t\t\t\t<div class=\"elementor-element elementor-element-29a1906 elementor-widget elementor-widget-image\" data-id=\"29a1906\" data-element_type=\"widget\" data-e-type=\"widget\" data-widget_type=\"image.default\">\n\t\t\t\t<div class=\"elementor-widget-container\">\n\t\t\t\t\t\t\t\t\t\t\t\t\t\t\t<img loading=\"lazy\" decoding=\"async\" width=\"500\" height=\"500\" src=\"https:\/\/casadelspeixos.cat\/wp-content\/uploads\/2022\/04\/3-copia-500x500.png\" class=\"attachment-portfolio_masonry_regular size-portfolio_masonry_regular wp-image-2336\" alt=\"Casa Melcior ,Fachada modernista\" srcset=\"https:\/\/casadelspeixos.cat\/wp-content\/uploads\/2022\/04\/3-copia-500x500.png 500w, https:\/\/casadelspeixos.cat\/wp-content\/uploads\/2022\/04\/3-copia-150x150.png 150w, https:\/\/casadelspeixos.cat\/wp-content\/uploads\/2022\/04\/3-copia-570x570.png 570w\" sizes=\"(max-width: 500px) 100vw, 500px\" \/>\t\t\t\t\t\t\t\t\t\t\t\t\t\t\t<\/div>\n\t\t\t\t<\/div>\n\t\t\t\t\t<\/div>\n\t\t<\/div>\n\t\t\t\t<div class=\"elementor-column elementor-col-50 elementor-top-column elementor-element elementor-element-7e2e64e\" data-id=\"7e2e64e\" data-element_type=\"column\" data-e-type=\"column\">\n\t\t\t<div class=\"elementor-widget-wrap elementor-element-populated\">\n\t\t\t\t\t\t<div class=\"elementor-element elementor-element-2f9703e elementor-widget elementor-widget-google_maps\" data-id=\"2f9703e\" data-element_type=\"widget\" data-e-type=\"widget\" data-widget_type=\"google_maps.default\">\n\t\t\t\t<div class=\"elementor-widget-container\">\n\t\t\t\t\t\t\t<div class=\"elementor-custom-embed\">\n\t\t\t<iframe loading=\"lazy\"\n\t\t\t\t\tsrc=\"https:\/\/maps.google.com\/maps?q=Teatre%20Municipal%20de%20l%27Escorxador%20Lleida&#038;t=m&#038;z=10&#038;output=embed&#038;iwloc=near\"\n\t\t\t\t\ttitle=\"Teatre Municipal de l&#039;Escorxador Lleida\"\n\t\t\t\t\taria-label=\"Teatre Municipal de l&#039;Escorxador Lleida\"\n\t\t\t><\/iframe>\n\t\t<\/div>\n\t\t\t\t\t\t<\/div>\n\t\t\t\t<\/div>\n\t\t\t\t\t<\/div>\n\t\t<\/div>\n\t\t\t\t\t<\/div>\n\t\t<\/section>\n\t\t\t\t<section class=\"elementor-section elementor-top-section elementor-element elementor-element-835ccd1 elementor-section-boxed elementor-section-height-default elementor-section-height-default parallax_section_no qode_elementor_container_no\" data-id=\"835ccd1\" data-element_type=\"section\" data-e-type=\"section\">\n\t\t\t\t\t\t<div class=\"elementor-container elementor-column-gap-default\">\n\t\t\t\t\t<div class=\"elementor-column elementor-col-100 elementor-top-column elementor-element elementor-element-5f4d58b\" data-id=\"5f4d58b\" data-element_type=\"column\" data-e-type=\"column\">\n\t\t\t<div class=\"elementor-widget-wrap elementor-element-populated\">\n\t\t\t\t\t\t<div class=\"elementor-element elementor-element-6424ad7 elementor-widget elementor-widget-text-editor\" data-id=\"6424ad7\" data-element_type=\"widget\" data-e-type=\"widget\" data-widget_type=\"text-editor.default\">\n\t\t\t\t<div class=\"elementor-widget-container\">\n\t\t\t\t\t\t\t\t\t<p>We have already talked about the capital, but we had focused on the part born between the 12th and 14th centuries. However, as you may well know, Modernisme was an important artistic movement in Catalonia, and it left its mark on Lleida. If you go to the centre, you will have to stop at the Teatre Municipal de l&#8217;Escorxador, Casa Melcior, Casa Morera, Casa Mag\u00ed Llorens and Casas de Balasch. Some of these buildings are Cultural Heritage of Local Interest, and have been remodelled, so it is easy to appreciate the vitality of the colours that were so popular at the beginning of the 20th century.<\/p>\t\t\t\t\t\t\t\t<\/div>\n\t\t\t\t<\/div>\n\t\t\t\t\t<\/div>\n\t\t<\/div>\n\t\t\t\t\t<\/div>\n\t\t<\/section>\n\t\t\t\t<\/div>\n\t\t","protected":false},"excerpt":{"rendered":"<p>What to see in Lleida? It is very easy to decide, as it is a province full of tourist attractions and attractive landscapes that will easily take your breath away. In this article we present 10 places you can&#8217;t miss.\u00a0\u00a0 What to see and visit&#8230;<\/p>\n","protected":false},"author":2,"featured_media":2118,"comment_status":"open","ping_status":"open","sticky":false,"template":"","format":"standard","meta":{"_joinchat":[],"footnotes":""},"categories":[26],"tags":[],"class_list":["post-2582","post","type-post","status-publish","format-standard","has-post-thumbnail","hentry","category-blog-3"],"yoast_head":"<!-- This site is optimized with the Yoast SEO Premium plugin v20.1 (Yoast SEO v27.5) - https:\/\/yoast.com\/product\/yoast-seo-premium-wordpress\/ -->\n<title>10 Places to see and things to do in Lleida &#8226; Casa dels Peixos<\/title>\n<meta name=\"description\" content=\"Are you looking for things to see and do in Lleida? Here you will find different tourist sites and places to visit on your route in Lleida.\" \/>\n<meta name=\"robots\" content=\"index, follow, max-snippet:-1, max-image-preview:large, max-video-preview:-1\" \/>\n<link rel=\"canonical\" href=\"https:\/\/casadelspeixos.cat\/en\/wp-json\/wp\/v2\/posts\/2582\" \/>\n<meta property=\"og:locale\" content=\"en_US\" \/>\n<meta property=\"og:type\" content=\"article\" \/>\n<meta property=\"og:title\" content=\"10 Places to see and things to do in Lleida\" \/>\n<meta property=\"og:description\" content=\"Are you looking for things to see and do in Lleida? Here you will find different tourist sites and places to visit on your route in Lleida.\" \/>\n<meta property=\"og:url\" content=\"https:\/\/casadelspeixos.cat\/en\/blog-3\/10-places-to-see-and-things-to-do-in-lleida\/\" \/>\n<meta property=\"og:site_name\" content=\"Casa dels Peixos\" \/>\n<meta property=\"article:publisher\" content=\"https:\/\/www.facebook.com\/lacasadelspeixos\/\" \/>\n<meta property=\"article:published_time\" content=\"2022-05-28T14:39:25+00:00\" \/>\n<meta property=\"article:modified_time\" content=\"2023-06-14T15:54:01+00:00\" \/>\n<meta property=\"og:image\" content=\"https:\/\/casadelspeixos.cat\/wp-content\/uploads\/2022\/04\/Excursio\u0301n-Congost-de-Mont-Rebei.jpg\" \/>\n\t<meta property=\"og:image:width\" content=\"1708\" \/>\n\t<meta property=\"og:image:height\" content=\"1440\" \/>\n\t<meta property=\"og:image:type\" content=\"image\/jpeg\" \/>\n<meta name=\"author\" content=\"Casa dels Peixos\" \/>\n<meta name=\"twitter:card\" content=\"summary_large_image\" \/>\n<meta name=\"twitter:label1\" content=\"Written by\" \/>\n\t<meta name=\"twitter:data1\" content=\"Casa dels Peixos\" \/>\n\t<meta name=\"twitter:label2\" content=\"Est. reading time\" \/>\n\t<meta name=\"twitter:data2\" content=\"8 minutes\" \/>\n<script type=\"application\/ld+json\" class=\"yoast-schema-graph\">{\"@context\":\"https:\\\/\\\/schema.org\",\"@graph\":[{\"@type\":\"Article\",\"@id\":\"https:\\\/\\\/casadelspeixos.cat\\\/en\\\/blog-3\\\/10-places-to-see-and-things-to-do-in-lleida\\\/#article\",\"isPartOf\":{\"@id\":\"https:\\\/\\\/casadelspeixos.cat\\\/en\\\/blog-3\\\/10-places-to-see-and-things-to-do-in-lleida\\\/\"},\"author\":{\"name\":\"Casa dels Peixos\",\"@id\":\"https:\\\/\\\/casadelspeixos.cat\\\/#\\\/schema\\\/person\\\/8ade7b5ce60430b661080abd10e6b6dd\"},\"headline\":\"10 Places to see and things to do in Lleida\",\"datePublished\":\"2022-05-28T14:39:25+00:00\",\"dateModified\":\"2023-06-14T15:54:01+00:00\",\"mainEntityOfPage\":{\"@id\":\"https:\\\/\\\/casadelspeixos.cat\\\/en\\\/blog-3\\\/10-places-to-see-and-things-to-do-in-lleida\\\/\"},\"wordCount\":1216,\"commentCount\":0,\"publisher\":{\"@id\":\"https:\\\/\\\/casadelspeixos.cat\\\/#organization\"},\"image\":{\"@id\":\"https:\\\/\\\/casadelspeixos.cat\\\/en\\\/blog-3\\\/10-places-to-see-and-things-to-do-in-lleida\\\/#primaryimage\"},\"thumbnailUrl\":\"https:\\\/\\\/casadelspeixos.cat\\\/wp-content\\\/uploads\\\/2022\\\/04\\\/Excursio\u0301n-Congost-de-Mont-Rebei.jpg\",\"articleSection\":[\"Blog\"],\"inLanguage\":\"en-US\",\"potentialAction\":[{\"@type\":\"CommentAction\",\"name\":\"Comment\",\"target\":[\"https:\\\/\\\/casadelspeixos.cat\\\/en\\\/blog-3\\\/10-places-to-see-and-things-to-do-in-lleida\\\/#respond\"]}]},{\"@type\":\"WebPage\",\"@id\":\"https:\\\/\\\/casadelspeixos.cat\\\/en\\\/blog-3\\\/10-places-to-see-and-things-to-do-in-lleida\\\/\",\"url\":\"https:\\\/\\\/casadelspeixos.cat\\\/en\\\/blog-3\\\/10-places-to-see-and-things-to-do-in-lleida\\\/\",\"name\":\"10 Places to see and things to do in Lleida &#8226; Casa dels Peixos\",\"isPartOf\":{\"@id\":\"https:\\\/\\\/casadelspeixos.cat\\\/#website\"},\"primaryImageOfPage\":{\"@id\":\"https:\\\/\\\/casadelspeixos.cat\\\/en\\\/blog-3\\\/10-places-to-see-and-things-to-do-in-lleida\\\/#primaryimage\"},\"image\":{\"@id\":\"https:\\\/\\\/casadelspeixos.cat\\\/en\\\/blog-3\\\/10-places-to-see-and-things-to-do-in-lleida\\\/#primaryimage\"},\"thumbnailUrl\":\"https:\\\/\\\/casadelspeixos.cat\\\/wp-content\\\/uploads\\\/2022\\\/04\\\/Excursio\u0301n-Congost-de-Mont-Rebei.jpg\",\"datePublished\":\"2022-05-28T14:39:25+00:00\",\"dateModified\":\"2023-06-14T15:54:01+00:00\",\"description\":\"Are you looking for things to see and do in Lleida? Here you will find different tourist sites and places to visit on your route in Lleida.\",\"breadcrumb\":{\"@id\":\"https:\\\/\\\/casadelspeixos.cat\\\/en\\\/blog-3\\\/10-places-to-see-and-things-to-do-in-lleida\\\/#breadcrumb\"},\"inLanguage\":\"en-US\",\"potentialAction\":[{\"@type\":\"ReadAction\",\"target\":[\"https:\\\/\\\/casadelspeixos.cat\\\/en\\\/blog-3\\\/10-places-to-see-and-things-to-do-in-lleida\\\/\"]}]},{\"@type\":\"ImageObject\",\"inLanguage\":\"en-US\",\"@id\":\"https:\\\/\\\/casadelspeixos.cat\\\/en\\\/blog-3\\\/10-places-to-see-and-things-to-do-in-lleida\\\/#primaryimage\",\"url\":\"https:\\\/\\\/casadelspeixos.cat\\\/wp-content\\\/uploads\\\/2022\\\/04\\\/Excursio\u0301n-Congost-de-Mont-Rebei.jpg\",\"contentUrl\":\"https:\\\/\\\/casadelspeixos.cat\\\/wp-content\\\/uploads\\\/2022\\\/04\\\/Excursio\u0301n-Congost-de-Mont-Rebei.jpg\",\"width\":1708,\"height\":1440,\"caption\":\"Excursion Congost de Mont-Rebei, hanging footbridges in the natural wall of the congost\"},{\"@type\":\"BreadcrumbList\",\"@id\":\"https:\\\/\\\/casadelspeixos.cat\\\/en\\\/blog-3\\\/10-places-to-see-and-things-to-do-in-lleida\\\/#breadcrumb\",\"itemListElement\":[{\"@type\":\"ListItem\",\"position\":1,\"name\":\"Inici\",\"item\":\"https:\\\/\\\/casadelspeixos.cat\\\/\"},{\"@type\":\"ListItem\",\"position\":2,\"name\":\"10 Places to see and things to do in Lleida\"}]},{\"@type\":\"WebSite\",\"@id\":\"https:\\\/\\\/casadelspeixos.cat\\\/#website\",\"url\":\"https:\\\/\\\/casadelspeixos.cat\\\/\",\"name\":\"Casa dels Peixos\",\"description\":\"Casa de lloguer \u00edntegre al Pre-Pirineu Catal\u00e0\",\"publisher\":{\"@id\":\"https:\\\/\\\/casadelspeixos.cat\\\/#organization\"},\"potentialAction\":[{\"@type\":\"SearchAction\",\"target\":{\"@type\":\"EntryPoint\",\"urlTemplate\":\"https:\\\/\\\/casadelspeixos.cat\\\/?s={search_term_string}\"},\"query-input\":{\"@type\":\"PropertyValueSpecification\",\"valueRequired\":true,\"valueName\":\"search_term_string\"}}],\"inLanguage\":\"en-US\"},{\"@type\":\"Organization\",\"@id\":\"https:\\\/\\\/casadelspeixos.cat\\\/#organization\",\"name\":\"Casa dels Peixos\",\"url\":\"https:\\\/\\\/casadelspeixos.cat\\\/\",\"logo\":{\"@type\":\"ImageObject\",\"inLanguage\":\"en-US\",\"@id\":\"https:\\\/\\\/casadelspeixos.cat\\\/#\\\/schema\\\/logo\\\/image\\\/\",\"url\":\"https:\\\/\\\/casadelspeixos.cat\\\/wp-content\\\/uploads\\\/2020\\\/07\\\/logo-center.png\",\"contentUrl\":\"https:\\\/\\\/casadelspeixos.cat\\\/wp-content\\\/uploads\\\/2020\\\/07\\\/logo-center.png\",\"width\":376,\"height\":200,\"caption\":\"Casa dels Peixos\"},\"image\":{\"@id\":\"https:\\\/\\\/casadelspeixos.cat\\\/#\\\/schema\\\/logo\\\/image\\\/\"},\"sameAs\":[\"https:\\\/\\\/www.facebook.com\\\/lacasadelspeixos\\\/\",\"https:\\\/\\\/www.instagram.com\\\/casa_dels_peixos\\\/\"]},{\"@type\":\"Person\",\"@id\":\"https:\\\/\\\/casadelspeixos.cat\\\/#\\\/schema\\\/person\\\/8ade7b5ce60430b661080abd10e6b6dd\",\"name\":\"Casa dels Peixos\",\"image\":{\"@type\":\"ImageObject\",\"inLanguage\":\"en-US\",\"@id\":\"https:\\\/\\\/secure.gravatar.com\\\/avatar\\\/056e03404aff6b8e9001d4e876f1748e550e688defbba6a2cff6095a3c34ba3d?s=96&d=mm&r=g\",\"url\":\"https:\\\/\\\/secure.gravatar.com\\\/avatar\\\/056e03404aff6b8e9001d4e876f1748e550e688defbba6a2cff6095a3c34ba3d?s=96&d=mm&r=g\",\"contentUrl\":\"https:\\\/\\\/secure.gravatar.com\\\/avatar\\\/056e03404aff6b8e9001d4e876f1748e550e688defbba6a2cff6095a3c34ba3d?s=96&d=mm&r=g\",\"caption\":\"Casa dels Peixos\"},\"sameAs\":[\"https:\\\/\\\/casadelspeixos.cat\\\/\"]}]}<\/script>\n<!-- \/ Yoast SEO Premium plugin. -->","yoast_head_json":{"title":"10 Places to see and things to do in Lleida &#8226; Casa dels Peixos","description":"Are you looking for things to see and do in Lleida? Here you will find different tourist sites and places to visit on your route in Lleida.","robots":{"index":"index","follow":"follow","max-snippet":"max-snippet:-1","max-image-preview":"max-image-preview:large","max-video-preview":"max-video-preview:-1"},"canonical":"https:\/\/casadelspeixos.cat\/en\/wp-json\/wp\/v2\/posts\/2582","og_locale":"en_US","og_type":"article","og_title":"10 Places to see and things to do in Lleida","og_description":"Are you looking for things to see and do in Lleida? Here you will find different tourist sites and places to visit on your route in Lleida.","og_url":"https:\/\/casadelspeixos.cat\/en\/blog-3\/10-places-to-see-and-things-to-do-in-lleida\/","og_site_name":"Casa dels Peixos","article_publisher":"https:\/\/www.facebook.com\/lacasadelspeixos\/","article_published_time":"2022-05-28T14:39:25+00:00","article_modified_time":"2023-06-14T15:54:01+00:00","og_image":[{"width":1708,"height":1440,"url":"https:\/\/casadelspeixos.cat\/wp-content\/uploads\/2022\/04\/Excursio\u0301n-Congost-de-Mont-Rebei.jpg","type":"image\/jpeg"}],"author":"Casa dels Peixos","twitter_card":"summary_large_image","twitter_misc":{"Written by":"Casa dels Peixos","Est. reading time":"8 minutes"},"schema":{"@context":"https:\/\/schema.org","@graph":[{"@type":"Article","@id":"https:\/\/casadelspeixos.cat\/en\/blog-3\/10-places-to-see-and-things-to-do-in-lleida\/#article","isPartOf":{"@id":"https:\/\/casadelspeixos.cat\/en\/blog-3\/10-places-to-see-and-things-to-do-in-lleida\/"},"author":{"name":"Casa dels Peixos","@id":"https:\/\/casadelspeixos.cat\/#\/schema\/person\/8ade7b5ce60430b661080abd10e6b6dd"},"headline":"10 Places to see and things to do in Lleida","datePublished":"2022-05-28T14:39:25+00:00","dateModified":"2023-06-14T15:54:01+00:00","mainEntityOfPage":{"@id":"https:\/\/casadelspeixos.cat\/en\/blog-3\/10-places-to-see-and-things-to-do-in-lleida\/"},"wordCount":1216,"commentCount":0,"publisher":{"@id":"https:\/\/casadelspeixos.cat\/#organization"},"image":{"@id":"https:\/\/casadelspeixos.cat\/en\/blog-3\/10-places-to-see-and-things-to-do-in-lleida\/#primaryimage"},"thumbnailUrl":"https:\/\/casadelspeixos.cat\/wp-content\/uploads\/2022\/04\/Excursio\u0301n-Congost-de-Mont-Rebei.jpg","articleSection":["Blog"],"inLanguage":"en-US","potentialAction":[{"@type":"CommentAction","name":"Comment","target":["https:\/\/casadelspeixos.cat\/en\/blog-3\/10-places-to-see-and-things-to-do-in-lleida\/#respond"]}]},{"@type":"WebPage","@id":"https:\/\/casadelspeixos.cat\/en\/blog-3\/10-places-to-see-and-things-to-do-in-lleida\/","url":"https:\/\/casadelspeixos.cat\/en\/blog-3\/10-places-to-see-and-things-to-do-in-lleida\/","name":"10 Places to see and things to do in Lleida &#8226; Casa dels Peixos","isPartOf":{"@id":"https:\/\/casadelspeixos.cat\/#website"},"primaryImageOfPage":{"@id":"https:\/\/casadelspeixos.cat\/en\/blog-3\/10-places-to-see-and-things-to-do-in-lleida\/#primaryimage"},"image":{"@id":"https:\/\/casadelspeixos.cat\/en\/blog-3\/10-places-to-see-and-things-to-do-in-lleida\/#primaryimage"},"thumbnailUrl":"https:\/\/casadelspeixos.cat\/wp-content\/uploads\/2022\/04\/Excursio\u0301n-Congost-de-Mont-Rebei.jpg","datePublished":"2022-05-28T14:39:25+00:00","dateModified":"2023-06-14T15:54:01+00:00","description":"Are you looking for things to see and do in Lleida? Here you will find different tourist sites and places to visit on your route in Lleida.","breadcrumb":{"@id":"https:\/\/casadelspeixos.cat\/en\/blog-3\/10-places-to-see-and-things-to-do-in-lleida\/#breadcrumb"},"inLanguage":"en-US","potentialAction":[{"@type":"ReadAction","target":["https:\/\/casadelspeixos.cat\/en\/blog-3\/10-places-to-see-and-things-to-do-in-lleida\/"]}]},{"@type":"ImageObject","inLanguage":"en-US","@id":"https:\/\/casadelspeixos.cat\/en\/blog-3\/10-places-to-see-and-things-to-do-in-lleida\/#primaryimage","url":"https:\/\/casadelspeixos.cat\/wp-content\/uploads\/2022\/04\/Excursio\u0301n-Congost-de-Mont-Rebei.jpg","contentUrl":"https:\/\/casadelspeixos.cat\/wp-content\/uploads\/2022\/04\/Excursio\u0301n-Congost-de-Mont-Rebei.jpg","width":1708,"height":1440,"caption":"Excursion Congost de Mont-Rebei, hanging footbridges in the natural wall of the congost"},{"@type":"BreadcrumbList","@id":"https:\/\/casadelspeixos.cat\/en\/blog-3\/10-places-to-see-and-things-to-do-in-lleida\/#breadcrumb","itemListElement":[{"@type":"ListItem","position":1,"name":"Inici","item":"https:\/\/casadelspeixos.cat\/"},{"@type":"ListItem","position":2,"name":"10 Places to see and things to do in Lleida"}]},{"@type":"WebSite","@id":"https:\/\/casadelspeixos.cat\/#website","url":"https:\/\/casadelspeixos.cat\/","name":"Casa dels Peixos","description":"Casa de lloguer \u00edntegre al Pre-Pirineu Catal\u00e0","publisher":{"@id":"https:\/\/casadelspeixos.cat\/#organization"},"potentialAction":[{"@type":"SearchAction","target":{"@type":"EntryPoint","urlTemplate":"https:\/\/casadelspeixos.cat\/?s={search_term_string}"},"query-input":{"@type":"PropertyValueSpecification","valueRequired":true,"valueName":"search_term_string"}}],"inLanguage":"en-US"},{"@type":"Organization","@id":"https:\/\/casadelspeixos.cat\/#organization","name":"Casa dels Peixos","url":"https:\/\/casadelspeixos.cat\/","logo":{"@type":"ImageObject","inLanguage":"en-US","@id":"https:\/\/casadelspeixos.cat\/#\/schema\/logo\/image\/","url":"https:\/\/casadelspeixos.cat\/wp-content\/uploads\/2020\/07\/logo-center.png","contentUrl":"https:\/\/casadelspeixos.cat\/wp-content\/uploads\/2020\/07\/logo-center.png","width":376,"height":200,"caption":"Casa dels Peixos"},"image":{"@id":"https:\/\/casadelspeixos.cat\/#\/schema\/logo\/image\/"},"sameAs":["https:\/\/www.facebook.com\/lacasadelspeixos\/","https:\/\/www.instagram.com\/casa_dels_peixos\/"]},{"@type":"Person","@id":"https:\/\/casadelspeixos.cat\/#\/schema\/person\/8ade7b5ce60430b661080abd10e6b6dd","name":"Casa dels Peixos","image":{"@type":"ImageObject","inLanguage":"en-US","@id":"https:\/\/secure.gravatar.com\/avatar\/056e03404aff6b8e9001d4e876f1748e550e688defbba6a2cff6095a3c34ba3d?s=96&d=mm&r=g","url":"https:\/\/secure.gravatar.com\/avatar\/056e03404aff6b8e9001d4e876f1748e550e688defbba6a2cff6095a3c34ba3d?s=96&d=mm&r=g","contentUrl":"https:\/\/secure.gravatar.com\/avatar\/056e03404aff6b8e9001d4e876f1748e550e688defbba6a2cff6095a3c34ba3d?s=96&d=mm&r=g","caption":"Casa dels Peixos"},"sameAs":["https:\/\/casadelspeixos.cat\/"]}]}},"_links":{"self":[{"href":"https:\/\/casadelspeixos.cat\/en\/wp-json\/wp\/v2\/posts\/2582","targetHints":{"allow":["GET"]}}],"collection":[{"href":"https:\/\/casadelspeixos.cat\/en\/wp-json\/wp\/v2\/posts"}],"about":[{"href":"https:\/\/casadelspeixos.cat\/en\/wp-json\/wp\/v2\/types\/post"}],"author":[{"embeddable":true,"href":"https:\/\/casadelspeixos.cat\/en\/wp-json\/wp\/v2\/users\/2"}],"replies":[{"embeddable":true,"href":"https:\/\/casadelspeixos.cat\/en\/wp-json\/wp\/v2\/comments?post=2582"}],"version-history":[{"count":12,"href":"https:\/\/casadelspeixos.cat\/en\/wp-json\/wp\/v2\/posts\/2582\/revisions"}],"predecessor-version":[{"id":7820,"href":"https:\/\/casadelspeixos.cat\/en\/wp-json\/wp\/v2\/posts\/2582\/revisions\/7820"}],"wp:featuredmedia":[{"embeddable":true,"href":"https:\/\/casadelspeixos.cat\/en\/wp-json\/wp\/v2\/media\/2118"}],"wp:attachment":[{"href":"https:\/\/casadelspeixos.cat\/en\/wp-json\/wp\/v2\/media?parent=2582"}],"wp:term":[{"taxonomy":"category","embeddable":true,"href":"https:\/\/casadelspeixos.cat\/en\/wp-json\/wp\/v2\/categories?post=2582"},{"taxonomy":"post_tag","embeddable":true,"href":"https:\/\/casadelspeixos.cat\/en\/wp-json\/wp\/v2\/tags?post=2582"}],"curies":[{"name":"wp","href":"https:\/\/api.w.org\/{rel}","templated":true}]}}