{"id":7272,"date":"2023-04-20T11:10:19","date_gmt":"2023-04-20T09:10:19","guid":{"rendered":"https:\/\/casadelspeixos.cat\/?p=7272"},"modified":"2023-06-14T17:07:56","modified_gmt":"2023-06-14T15:07:56","slug":"7-llocs-per-fer-fotos-a-lleida","status":"publish","type":"post","link":"https:\/\/casadelspeixos.cat\/ca\/blog-2\/7-llocs-per-fer-fotos-a-lleida\/","title":{"rendered":"7 Llocs per fer fotos a Lleida"},"content":{"rendered":"\t\t<div data-elementor-type=\"wp-post\" data-elementor-id=\"7272\" class=\"elementor elementor-7272\" data-elementor-post-type=\"post\">\n\t\t\t\t\t\t<section class=\"elementor-section elementor-top-section elementor-element elementor-element-62b656e elementor-section-boxed elementor-section-height-default elementor-section-height-default parallax_section_no qode_elementor_container_no\" data-id=\"62b656e\" data-element_type=\"section\" data-e-type=\"section\">\n\t\t\t\t\t\t<div class=\"elementor-container elementor-column-gap-default\">\n\t\t\t\t\t<div class=\"elementor-column elementor-col-100 elementor-top-column elementor-element elementor-element-0a6c712\" data-id=\"0a6c712\" data-element_type=\"column\" data-e-type=\"column\">\n\t\t\t<div class=\"elementor-widget-wrap elementor-element-populated\">\n\t\t\t\t\t\t<div class=\"elementor-element elementor-element-47a4216 elementor-widget elementor-widget-text-editor\" data-id=\"47a4216\" data-element_type=\"widget\" data-e-type=\"widget\" data-widget_type=\"text-editor.default\">\n\t\t\t\t<div class=\"elementor-widget-container\">\n\t\t\t\t\t\t\t\t\t<p>Est\u00e0s buscant els millors llocs per fer fotos a Lleida, per a la teva sessi\u00f3 de post casament, per anunciar una not\u00edcia important o simplement, perqu\u00e8 vols que el teu perfil d&#8217;Instagram estigui impecable? Aleshores segueix llegint.<\/p><p>\u00a0<\/p><p>La prov\u00edncia de Lleida, moltes vegades, \u00e9s la m\u00e9s oblidada pel turisme, que dedica tot el temps a Barcelona, la Costa Brava o la Costa Daurada. Per\u00f2 el cert \u00e9s que Lleida \u00e9s una de les destinacions de Catalunya que ofereix racons plens de m\u00e0gia on podr\u00e0s connectar d&#8217;una forma directa amb la natura i fer algunes de les fotos m\u00e9s incre\u00efbles, que quedaran per a la posteritat.<\/p><p>\u00a0<\/p><p>Agafa la c\u00e0mera, escull l&#8217;outfit adequat i pentina&#8217;t b\u00e9 perqu\u00e8 hem realitzat un r\u00e0nquing amb els millors 7 llocs per fer fotos a Lleida, perqu\u00e8 tri\u00efs l&#8217;escenari que m\u00e9s cridi la teva atenci\u00f3 i llencis alguns dels teus millors shots.<\/p>\t\t\t\t\t\t\t\t<\/div>\n\t\t\t\t<\/div>\n\t\t\t\t\t<\/div>\n\t\t<\/div>\n\t\t\t\t\t<\/div>\n\t\t<\/section>\n\t\t\t\t<section class=\"elementor-section elementor-top-section elementor-element elementor-element-c9918aa elementor-section-boxed elementor-section-height-default elementor-section-height-default parallax_section_no qode_elementor_container_no\" data-id=\"c9918aa\" data-element_type=\"section\" data-e-type=\"section\">\n\t\t\t\t\t\t<div class=\"elementor-container elementor-column-gap-default\">\n\t\t\t\t\t<div class=\"elementor-column elementor-col-100 elementor-top-column elementor-element elementor-element-3b949c5\" data-id=\"3b949c5\" data-element_type=\"column\" data-e-type=\"column\">\n\t\t\t<div class=\"elementor-widget-wrap elementor-element-populated\">\n\t\t\t\t\t\t<div class=\"elementor-element elementor-element-32db34a elementor-widget elementor-widget-spacer\" data-id=\"32db34a\" data-element_type=\"widget\" data-e-type=\"widget\" data-widget_type=\"spacer.default\">\n\t\t\t\t<div class=\"elementor-widget-container\">\n\t\t\t\t\t\t\t<div class=\"elementor-spacer\">\n\t\t\t<div class=\"elementor-spacer-inner\"><\/div>\n\t\t<\/div>\n\t\t\t\t\t\t<\/div>\n\t\t\t\t<\/div>\n\t\t\t\t\t<\/div>\n\t\t<\/div>\n\t\t\t\t\t<\/div>\n\t\t<\/section>\n\t\t\t\t<section class=\"elementor-section elementor-top-section elementor-element elementor-element-967e922 elementor-section-boxed elementor-section-height-default elementor-section-height-default parallax_section_no qode_elementor_container_no\" data-id=\"967e922\" data-element_type=\"section\" data-e-type=\"section\">\n\t\t\t\t\t\t<div class=\"elementor-container elementor-column-gap-default\">\n\t\t\t\t\t<div class=\"elementor-column elementor-col-100 elementor-top-column elementor-element elementor-element-a634fa8\" data-id=\"a634fa8\" data-element_type=\"column\" data-e-type=\"column\">\n\t\t\t<div class=\"elementor-widget-wrap elementor-element-populated\">\n\t\t\t\t\t\t<div class=\"elementor-element elementor-element-23cdc01 elementor-widget elementor-widget-heading\" data-id=\"23cdc01\" data-element_type=\"widget\" data-e-type=\"widget\" data-widget_type=\"heading.default\">\n\t\t\t\t<div class=\"elementor-widget-container\">\n\t\t\t\t\t<h2 class=\"elementor-heading-title elementor-size-default\">La Seu Vella<\/h2>\t\t\t\t<\/div>\n\t\t\t\t<\/div>\n\t\t\t\t\t<\/div>\n\t\t<\/div>\n\t\t\t\t\t<\/div>\n\t\t<\/section>\n\t\t\t\t<section class=\"elementor-section elementor-top-section elementor-element elementor-element-215a64a elementor-section-boxed elementor-section-height-default elementor-section-height-default parallax_section_no qode_elementor_container_no\" data-id=\"215a64a\" data-element_type=\"section\" data-e-type=\"section\">\n\t\t\t\t\t\t<div class=\"elementor-container elementor-column-gap-default\">\n\t\t\t\t\t<div class=\"elementor-column elementor-col-100 elementor-top-column elementor-element elementor-element-a9ed2bb\" data-id=\"a9ed2bb\" data-element_type=\"column\" data-e-type=\"column\">\n\t\t\t<div class=\"elementor-widget-wrap elementor-element-populated\">\n\t\t\t\t\t\t<div class=\"elementor-element elementor-element-1ffff7f elementor-widget elementor-widget-image\" data-id=\"1ffff7f\" data-element_type=\"widget\" data-e-type=\"widget\" data-widget_type=\"image.default\">\n\t\t\t\t<div class=\"elementor-widget-container\">\n\t\t\t\t\t\t\t\t\t\t\t\t\t\t\t<img fetchpriority=\"high\" decoding=\"async\" width=\"900\" height=\"500\" src=\"https:\/\/casadelspeixos.cat\/wp-content\/uploads\/2023\/04\/LA-SEU-VELLA-FOTO-2-900x500.jpeg\" class=\"attachment-portfolio_masonry_wide size-portfolio_masonry_wide wp-image-7290\" alt=\"Silueta de la catedral de la Seu Vella de Lleida amb la llum del crepuscle i amb tota la il\u00b7luminaci\u00f3 arificial encesa, per ressaltar m\u00e9s la seva imatge espectacular.\" \/>\t\t\t\t\t\t\t\t\t\t\t\t\t\t\t<\/div>\n\t\t\t\t<\/div>\n\t\t\t\t\t<\/div>\n\t\t<\/div>\n\t\t\t\t\t<\/div>\n\t\t<\/section>\n\t\t\t\t<section class=\"elementor-section elementor-top-section elementor-element elementor-element-404fee6 elementor-section-boxed elementor-section-height-default elementor-section-height-default parallax_section_no qode_elementor_container_no\" data-id=\"404fee6\" data-element_type=\"section\" data-e-type=\"section\">\n\t\t\t\t\t\t<div class=\"elementor-container elementor-column-gap-default\">\n\t\t\t\t\t<div class=\"elementor-column elementor-col-100 elementor-top-column elementor-element elementor-element-3b7bd72\" data-id=\"3b7bd72\" data-element_type=\"column\" data-e-type=\"column\">\n\t\t\t<div class=\"elementor-widget-wrap elementor-element-populated\">\n\t\t\t\t\t\t<div class=\"elementor-element elementor-element-1f2f90f elementor-widget elementor-widget-text-editor\" data-id=\"1f2f90f\" data-element_type=\"widget\" data-e-type=\"widget\" data-widget_type=\"text-editor.default\">\n\t\t\t\t<div class=\"elementor-widget-container\">\n\t\t\t\t\t\t\t\t\t<p>La Seu Vella \u00e9s la catedral de la ciutat principal de la prov\u00edncia i ha esdevingut un dels millors llocs per fer fotos a Lleida. El campanar fa 60 metres d&#8217;al\u00e7ada ia l&#8217;hora del capvespre dibuixa una silueta digna de ser fotografiada. Aquest espai ha estat considerat B\u00e9 d&#8217;Inter\u00e8s Nacional des del 1918 i des del pati tindr\u00e0s vistes a tota la ciutat de Lleida.<\/p><p>\u00a0<\/p><p>Es tracta de l&#8217;edifici m\u00e9s emblem\u00e0tic de la ciutat i un dels monuments m\u00e9s instagramejables de la regi\u00f3, aix\u00ed que no t&#8217;ho pots perdre.<\/p>\t\t\t\t\t\t\t\t<\/div>\n\t\t\t\t<\/div>\n\t\t\t\t\t<\/div>\n\t\t<\/div>\n\t\t\t\t\t<\/div>\n\t\t<\/section>\n\t\t\t\t<section class=\"elementor-section elementor-top-section elementor-element elementor-element-d4ccf84 elementor-section-boxed elementor-section-height-default elementor-section-height-default parallax_section_no qode_elementor_container_no\" data-id=\"d4ccf84\" data-element_type=\"section\" data-e-type=\"section\">\n\t\t\t\t\t\t<div class=\"elementor-container elementor-column-gap-default\">\n\t\t\t\t\t<div class=\"elementor-column elementor-col-100 elementor-top-column elementor-element elementor-element-599801d\" data-id=\"599801d\" data-element_type=\"column\" data-e-type=\"column\">\n\t\t\t<div class=\"elementor-widget-wrap elementor-element-populated\">\n\t\t\t\t\t\t<div class=\"elementor-element elementor-element-b3be407 elementor-widget elementor-widget-image\" data-id=\"b3be407\" data-element_type=\"widget\" data-e-type=\"widget\" data-widget_type=\"image.default\">\n\t\t\t\t<div class=\"elementor-widget-container\">\n\t\t\t\t\t\t\t\t\t\t\t\t\t\t\t\t<a href=\"https:\/\/casadelspeixos.cat\/ca\/contacte\/?utm_source=blog&#038;utm_medium=banner\" rel=\"nofollow\">\n\t\t\t\t\t\t\t<img decoding=\"async\" width=\"728\" height=\"90\" src=\"https:\/\/casadelspeixos.cat\/wp-content\/uploads\/2022\/05\/lloga-una-casa-rural-a-la-baronia-de-rialb.png\" class=\"attachment-large size-large wp-image-7701\" alt=\"casa rural a la baronia de rialb\" srcset=\"https:\/\/casadelspeixos.cat\/wp-content\/uploads\/2022\/05\/lloga-una-casa-rural-a-la-baronia-de-rialb.png 728w, https:\/\/casadelspeixos.cat\/wp-content\/uploads\/2022\/05\/lloga-una-casa-rural-a-la-baronia-de-rialb-300x37.png 300w, https:\/\/casadelspeixos.cat\/wp-content\/uploads\/2022\/05\/lloga-una-casa-rural-a-la-baronia-de-rialb-700x87.png 700w\" sizes=\"(max-width: 728px) 100vw, 728px\" \/>\t\t\t\t\t\t\t\t<\/a>\n\t\t\t\t\t\t\t\t\t\t\t\t\t\t\t<\/div>\n\t\t\t\t<\/div>\n\t\t\t\t\t<\/div>\n\t\t<\/div>\n\t\t\t\t\t<\/div>\n\t\t<\/section>\n\t\t\t\t<section class=\"elementor-section elementor-top-section elementor-element elementor-element-cde3d37 elementor-section-boxed elementor-section-height-default elementor-section-height-default parallax_section_no qode_elementor_container_no\" data-id=\"cde3d37\" data-element_type=\"section\" data-e-type=\"section\">\n\t\t\t\t\t\t<div class=\"elementor-container elementor-column-gap-default\">\n\t\t\t\t\t<div class=\"elementor-column elementor-col-100 elementor-top-column elementor-element elementor-element-c71dacc\" data-id=\"c71dacc\" data-element_type=\"column\" data-e-type=\"column\">\n\t\t\t<div class=\"elementor-widget-wrap elementor-element-populated\">\n\t\t\t\t\t\t<div class=\"elementor-element elementor-element-21479a6 elementor-widget elementor-widget-spacer\" data-id=\"21479a6\" data-element_type=\"widget\" data-e-type=\"widget\" data-widget_type=\"spacer.default\">\n\t\t\t\t<div class=\"elementor-widget-container\">\n\t\t\t\t\t\t\t<div class=\"elementor-spacer\">\n\t\t\t<div class=\"elementor-spacer-inner\"><\/div>\n\t\t<\/div>\n\t\t\t\t\t\t<\/div>\n\t\t\t\t<\/div>\n\t\t\t\t\t<\/div>\n\t\t<\/div>\n\t\t\t\t\t<\/div>\n\t\t<\/section>\n\t\t\t\t<section class=\"elementor-section elementor-top-section elementor-element elementor-element-779b340 elementor-section-boxed elementor-section-height-default elementor-section-height-default parallax_section_no qode_elementor_container_no\" data-id=\"779b340\" data-element_type=\"section\" data-e-type=\"section\">\n\t\t\t\t\t\t<div class=\"elementor-container elementor-column-gap-default\">\n\t\t\t\t\t<div class=\"elementor-column elementor-col-100 elementor-top-column elementor-element elementor-element-f969e58\" data-id=\"f969e58\" data-element_type=\"column\" data-e-type=\"column\">\n\t\t\t<div class=\"elementor-widget-wrap elementor-element-populated\">\n\t\t\t\t\t\t<div class=\"elementor-element elementor-element-8db6ab2 elementor-widget elementor-widget-heading\" data-id=\"8db6ab2\" data-element_type=\"widget\" data-e-type=\"widget\" data-widget_type=\"heading.default\">\n\t\t\t\t<div class=\"elementor-widget-container\">\n\t\t\t\t\t<h2 class=\"elementor-heading-title elementor-size-default\">Estany de Sant Maurici<\/h2>\t\t\t\t<\/div>\n\t\t\t\t<\/div>\n\t\t\t\t\t<\/div>\n\t\t<\/div>\n\t\t\t\t\t<\/div>\n\t\t<\/section>\n\t\t\t\t<section class=\"elementor-section elementor-top-section elementor-element elementor-element-e7c7f12 elementor-section-boxed elementor-section-height-default elementor-section-height-default parallax_section_no qode_elementor_container_no\" data-id=\"e7c7f12\" data-element_type=\"section\" data-e-type=\"section\">\n\t\t\t\t\t\t<div class=\"elementor-container elementor-column-gap-default\">\n\t\t\t\t\t<div class=\"elementor-column elementor-col-100 elementor-top-column elementor-element elementor-element-cc4743a\" data-id=\"cc4743a\" data-element_type=\"column\" data-e-type=\"column\">\n\t\t\t<div class=\"elementor-widget-wrap elementor-element-populated\">\n\t\t\t\t\t\t<div class=\"elementor-element elementor-element-2c36970 elementor-widget elementor-widget-image\" data-id=\"2c36970\" data-element_type=\"widget\" data-e-type=\"widget\" data-widget_type=\"image.default\">\n\t\t\t\t<div class=\"elementor-widget-container\">\n\t\t\t\t\t\t\t\t\t\t\t\t\t\t\t<img decoding=\"async\" width=\"1000\" height=\"500\" src=\"https:\/\/casadelspeixos.cat\/wp-content\/uploads\/2023\/04\/SANT-MAURICI-1000x500.jpg\" class=\"attachment-portfolio_masonry_wide size-portfolio_masonry_wide wp-image-7254\" alt=\"Magn\u00edfica vista de l&#039;Estany de Sant Maurici, les aig\u00fces d&#039;un color verd-blau maragda reflecteixen, com si fos un mirall, les muntanyes que l&#039;envolten. Cel d\u00b4un blau impecable.\" \/>\t\t\t\t\t\t\t\t\t\t\t\t\t\t\t<\/div>\n\t\t\t\t<\/div>\n\t\t\t\t\t<\/div>\n\t\t<\/div>\n\t\t\t\t\t<\/div>\n\t\t<\/section>\n\t\t\t\t<section class=\"elementor-section elementor-top-section elementor-element elementor-element-886934b elementor-section-boxed elementor-section-height-default elementor-section-height-default parallax_section_no qode_elementor_container_no\" data-id=\"886934b\" data-element_type=\"section\" data-e-type=\"section\">\n\t\t\t\t\t\t<div class=\"elementor-container elementor-column-gap-default\">\n\t\t\t\t\t<div class=\"elementor-column elementor-col-100 elementor-top-column elementor-element elementor-element-c1986e3\" data-id=\"c1986e3\" data-element_type=\"column\" data-e-type=\"column\">\n\t\t\t<div class=\"elementor-widget-wrap elementor-element-populated\">\n\t\t\t\t\t\t<div class=\"elementor-element elementor-element-da3b07a elementor-widget elementor-widget-text-editor\" data-id=\"da3b07a\" data-element_type=\"widget\" data-e-type=\"widget\" data-widget_type=\"text-editor.default\">\n\t\t\t\t<div class=\"elementor-widget-container\">\n\t\t\t\t\t\t\t\t\t<p>Hem de recon\u00e8ixer-ho, aquest no \u00e9s un dels llocs per fer fotos a Lleida m\u00e9s accessibles, ja que haur\u00e0s de deixar el cotxe a Espot i fer una excursi\u00f3 d&#8217;una hora i mitja fins arribar a la destinaci\u00f3. Per\u00f2 t&#8217;assegurem que val la pena! Et recomanem que, aquesta vegada, facis les fotos amb un m\u00f2bil que tingui una c\u00e0mera de bona qualitat.<\/p><p>\u00a0<\/p><p>La imatge de la muntanya dels Encantats reflectida al llac \u00e9s una de les m\u00e9s fotografiades de tot el Pirineu Catal\u00e0, per\u00f2 t&#8217;atreveixes a retratar-la d&#8217;una manera original?<\/p>\t\t\t\t\t\t\t\t<\/div>\n\t\t\t\t<\/div>\n\t\t\t\t\t<\/div>\n\t\t<\/div>\n\t\t\t\t\t<\/div>\n\t\t<\/section>\n\t\t\t\t<section class=\"elementor-section elementor-top-section elementor-element elementor-element-f1b2927 elementor-section-boxed elementor-section-height-default elementor-section-height-default parallax_section_no qode_elementor_container_no\" data-id=\"f1b2927\" data-element_type=\"section\" data-e-type=\"section\">\n\t\t\t\t\t\t<div class=\"elementor-container elementor-column-gap-default\">\n\t\t\t\t\t<div class=\"elementor-column elementor-col-100 elementor-top-column elementor-element elementor-element-e6d6891\" data-id=\"e6d6891\" data-element_type=\"column\" data-e-type=\"column\">\n\t\t\t<div class=\"elementor-widget-wrap elementor-element-populated\">\n\t\t\t\t\t\t<div class=\"elementor-element elementor-element-010f2b3 elementor-widget elementor-widget-spacer\" data-id=\"010f2b3\" data-element_type=\"widget\" data-e-type=\"widget\" data-widget_type=\"spacer.default\">\n\t\t\t\t<div class=\"elementor-widget-container\">\n\t\t\t\t\t\t\t<div class=\"elementor-spacer\">\n\t\t\t<div class=\"elementor-spacer-inner\"><\/div>\n\t\t<\/div>\n\t\t\t\t\t\t<\/div>\n\t\t\t\t<\/div>\n\t\t\t\t\t<\/div>\n\t\t<\/div>\n\t\t\t\t\t<\/div>\n\t\t<\/section>\n\t\t\t\t<section class=\"elementor-section elementor-top-section elementor-element elementor-element-a6205e2 elementor-section-boxed elementor-section-height-default elementor-section-height-default parallax_section_no qode_elementor_container_no\" data-id=\"a6205e2\" data-element_type=\"section\" data-e-type=\"section\">\n\t\t\t\t\t\t<div class=\"elementor-container elementor-column-gap-default\">\n\t\t\t\t\t<div class=\"elementor-column elementor-col-100 elementor-top-column elementor-element elementor-element-9131408\" data-id=\"9131408\" data-element_type=\"column\" data-e-type=\"column\">\n\t\t\t<div class=\"elementor-widget-wrap elementor-element-populated\">\n\t\t\t\t\t\t<div class=\"elementor-element elementor-element-9040537 elementor-widget elementor-widget-heading\" data-id=\"9040537\" data-element_type=\"widget\" data-e-type=\"widget\" data-widget_type=\"heading.default\">\n\t\t\t\t<div class=\"elementor-widget-container\">\n\t\t\t\t\t<h2 class=\"elementor-heading-title elementor-size-default\">Guimer\u00e0<\/h2>\t\t\t\t<\/div>\n\t\t\t\t<\/div>\n\t\t\t\t\t<\/div>\n\t\t<\/div>\n\t\t\t\t\t<\/div>\n\t\t<\/section>\n\t\t\t\t<section class=\"elementor-section elementor-top-section elementor-element elementor-element-583813b elementor-section-boxed elementor-section-height-default elementor-section-height-default parallax_section_no qode_elementor_container_no\" data-id=\"583813b\" data-element_type=\"section\" data-e-type=\"section\">\n\t\t\t\t\t\t<div class=\"elementor-container elementor-column-gap-default\">\n\t\t\t\t\t<div class=\"elementor-column elementor-col-100 elementor-top-column elementor-element elementor-element-aed1b16\" data-id=\"aed1b16\" data-element_type=\"column\" data-e-type=\"column\">\n\t\t\t<div class=\"elementor-widget-wrap elementor-element-populated\">\n\t\t\t\t\t\t<div class=\"elementor-element elementor-element-9335699 elementor-widget elementor-widget-image\" data-id=\"9335699\" data-element_type=\"widget\" data-e-type=\"widget\" data-widget_type=\"image.default\">\n\t\t\t\t<div class=\"elementor-widget-container\">\n\t\t\t\t\t\t\t\t\t\t\t\t\t\t\t<img loading=\"lazy\" decoding=\"async\" width=\"1000\" height=\"500\" src=\"https:\/\/casadelspeixos.cat\/wp-content\/uploads\/2023\/04\/GUIMERA-FOTOS-1000x500.jpg\" class=\"attachment-portfolio_masonry_wide size-portfolio_masonry_wide wp-image-7257\" alt=\"Carrer d&#039;un poble medieval, carrer estret amb un dels seus arcs de pedra que hi ha als carrers\" \/>\t\t\t\t\t\t\t\t\t\t\t\t\t\t\t<\/div>\n\t\t\t\t<\/div>\n\t\t\t\t<div class=\"elementor-element elementor-element-cb5427f elementor-widget elementor-widget-spacer\" data-id=\"cb5427f\" data-element_type=\"widget\" data-e-type=\"widget\" data-widget_type=\"spacer.default\">\n\t\t\t\t<div class=\"elementor-widget-container\">\n\t\t\t\t\t\t\t<div class=\"elementor-spacer\">\n\t\t\t<div class=\"elementor-spacer-inner\"><\/div>\n\t\t<\/div>\n\t\t\t\t\t\t<\/div>\n\t\t\t\t<\/div>\n\t\t\t\t\t<\/div>\n\t\t<\/div>\n\t\t\t\t\t<\/div>\n\t\t<\/section>\n\t\t\t\t<section class=\"elementor-section elementor-top-section elementor-element elementor-element-c8fe306 elementor-section-boxed elementor-section-height-default elementor-section-height-default parallax_section_no qode_elementor_container_no\" data-id=\"c8fe306\" data-element_type=\"section\" data-e-type=\"section\">\n\t\t\t\t\t\t<div class=\"elementor-container elementor-column-gap-default\">\n\t\t\t\t\t<div class=\"elementor-column elementor-col-100 elementor-top-column elementor-element elementor-element-84dbd02\" data-id=\"84dbd02\" data-element_type=\"column\" data-e-type=\"column\">\n\t\t\t<div class=\"elementor-widget-wrap elementor-element-populated\">\n\t\t\t\t\t\t<div class=\"elementor-element elementor-element-af6a6dc elementor-widget elementor-widget-text-editor\" data-id=\"af6a6dc\" data-element_type=\"widget\" data-e-type=\"widget\" data-widget_type=\"text-editor.default\">\n\t\t\t\t<div class=\"elementor-widget-container\">\n\t\t\t\t\t\t\t\t\t<p>Si busques pobles bonics a Lleida per fer les teves millors fotos, ja ho has trobat. Guimer\u00e0 \u00e9s un casc medieval que es va adaptar, al seu moment, al fort desnivell del terreny. A dalt de tot del poble podr\u00e0s descobrir les restes del castell i l&#8217;esgl\u00e9sia; per\u00f2 la hist\u00f2ria segueix quan et perds, sense rumb, pels carrers estrets.<\/p><p>\u00a0<\/p><p>Et recomanem que cerquis un arc de pedra que t&#8217;agradi, que posis la teva c\u00e0mera amb temporitzador i que el creuis caminant, per aconseguir una foto molt natural, digna de sortir en un conte de fades.<\/p>\t\t\t\t\t\t\t\t<\/div>\n\t\t\t\t<\/div>\n\t\t\t\t\t<\/div>\n\t\t<\/div>\n\t\t\t\t\t<\/div>\n\t\t<\/section>\n\t\t\t\t<section class=\"elementor-section elementor-top-section elementor-element elementor-element-018b165 elementor-section-boxed elementor-section-height-default elementor-section-height-default parallax_section_no qode_elementor_container_no\" data-id=\"018b165\" data-element_type=\"section\" data-e-type=\"section\">\n\t\t\t\t\t\t<div class=\"elementor-container elementor-column-gap-default\">\n\t\t\t\t\t<div class=\"elementor-column elementor-col-100 elementor-top-column elementor-element elementor-element-ab85158\" data-id=\"ab85158\" data-element_type=\"column\" data-e-type=\"column\">\n\t\t\t<div class=\"elementor-widget-wrap elementor-element-populated\">\n\t\t\t\t\t\t<div class=\"elementor-element elementor-element-eba8ba8 elementor-widget elementor-widget-image\" data-id=\"eba8ba8\" data-element_type=\"widget\" data-e-type=\"widget\" data-widget_type=\"image.default\">\n\t\t\t\t<div class=\"elementor-widget-container\">\n\t\t\t\t\t\t\t\t\t\t\t\t\t\t\t\t<a href=\"https:\/\/casadelspeixos.cat\/ca\/contacte\/?utm_source=blog&#038;utm_medium=banner\" rel=\"nofollow\">\n\t\t\t\t\t\t\t<img decoding=\"async\" width=\"728\" height=\"90\" src=\"https:\/\/casadelspeixos.cat\/wp-content\/uploads\/2022\/05\/lloga-una-casa-rural-a-la-baronia-de-rialb.png\" class=\"attachment-large size-large wp-image-7701\" alt=\"casa rural a la baronia de rialb\" srcset=\"https:\/\/casadelspeixos.cat\/wp-content\/uploads\/2022\/05\/lloga-una-casa-rural-a-la-baronia-de-rialb.png 728w, https:\/\/casadelspeixos.cat\/wp-content\/uploads\/2022\/05\/lloga-una-casa-rural-a-la-baronia-de-rialb-300x37.png 300w, https:\/\/casadelspeixos.cat\/wp-content\/uploads\/2022\/05\/lloga-una-casa-rural-a-la-baronia-de-rialb-700x87.png 700w\" sizes=\"(max-width: 728px) 100vw, 728px\" \/>\t\t\t\t\t\t\t\t<\/a>\n\t\t\t\t\t\t\t\t\t\t\t\t\t\t\t<\/div>\n\t\t\t\t<\/div>\n\t\t\t\t\t<\/div>\n\t\t<\/div>\n\t\t\t\t\t<\/div>\n\t\t<\/section>\n\t\t\t\t<section class=\"elementor-section elementor-top-section elementor-element elementor-element-1a895c9 elementor-section-boxed elementor-section-height-default elementor-section-height-default parallax_section_no qode_elementor_container_no\" data-id=\"1a895c9\" data-element_type=\"section\" data-e-type=\"section\">\n\t\t\t\t\t\t<div class=\"elementor-container elementor-column-gap-default\">\n\t\t\t\t\t<div class=\"elementor-column elementor-col-100 elementor-top-column elementor-element elementor-element-6b94bf1\" data-id=\"6b94bf1\" data-element_type=\"column\" data-e-type=\"column\">\n\t\t\t<div class=\"elementor-widget-wrap elementor-element-populated\">\n\t\t\t\t\t\t<div class=\"elementor-element elementor-element-3ab4b5d elementor-widget elementor-widget-spacer\" data-id=\"3ab4b5d\" data-element_type=\"widget\" data-e-type=\"widget\" data-widget_type=\"spacer.default\">\n\t\t\t\t<div class=\"elementor-widget-container\">\n\t\t\t\t\t\t\t<div class=\"elementor-spacer\">\n\t\t\t<div class=\"elementor-spacer-inner\"><\/div>\n\t\t<\/div>\n\t\t\t\t\t\t<\/div>\n\t\t\t\t<\/div>\n\t\t\t\t\t<\/div>\n\t\t<\/div>\n\t\t\t\t\t<\/div>\n\t\t<\/section>\n\t\t\t\t<section class=\"elementor-section elementor-top-section elementor-element elementor-element-6d966b3 elementor-section-boxed elementor-section-height-default elementor-section-height-default parallax_section_no qode_elementor_container_no\" data-id=\"6d966b3\" data-element_type=\"section\" data-e-type=\"section\">\n\t\t\t\t\t\t<div class=\"elementor-container elementor-column-gap-default\">\n\t\t\t\t\t<div class=\"elementor-column elementor-col-100 elementor-top-column elementor-element elementor-element-042adea\" data-id=\"042adea\" data-element_type=\"column\" data-e-type=\"column\">\n\t\t\t<div class=\"elementor-widget-wrap elementor-element-populated\">\n\t\t\t\t\t\t<div class=\"elementor-element elementor-element-8bdc1f1 elementor-widget elementor-widget-heading\" data-id=\"8bdc1f1\" data-element_type=\"widget\" data-e-type=\"widget\" data-widget_type=\"heading.default\">\n\t\t\t\t<div class=\"elementor-widget-container\">\n\t\t\t\t\t<h2 class=\"elementor-heading-title elementor-size-default\">Penelles<\/h2>\t\t\t\t<\/div>\n\t\t\t\t<\/div>\n\t\t\t\t\t<\/div>\n\t\t<\/div>\n\t\t\t\t\t<\/div>\n\t\t<\/section>\n\t\t\t\t<section class=\"elementor-section elementor-top-section elementor-element elementor-element-cd633aa elementor-section-boxed elementor-section-height-default elementor-section-height-default parallax_section_no qode_elementor_container_no\" data-id=\"cd633aa\" data-element_type=\"section\" data-e-type=\"section\">\n\t\t\t\t\t\t<div class=\"elementor-container elementor-column-gap-default\">\n\t\t\t\t\t<div class=\"elementor-column elementor-col-100 elementor-top-column elementor-element elementor-element-98d46e8\" data-id=\"98d46e8\" data-element_type=\"column\" data-e-type=\"column\">\n\t\t\t<div class=\"elementor-widget-wrap elementor-element-populated\">\n\t\t\t\t\t\t<div class=\"elementor-element elementor-element-8f7e8d9 elementor-widget elementor-widget-image\" data-id=\"8f7e8d9\" data-element_type=\"widget\" data-e-type=\"widget\" data-widget_type=\"image.default\">\n\t\t\t\t<div class=\"elementor-widget-container\">\n\t\t\t\t\t\t\t\t\t\t\t\t\t\t\t<img loading=\"lazy\" decoding=\"async\" width=\"1000\" height=\"500\" src=\"https:\/\/casadelspeixos.cat\/wp-content\/uploads\/2023\/04\/PENELLES-FOTOS-1000x500.jpg\" class=\"attachment-portfolio_masonry_wide size-portfolio_masonry_wide wp-image-7247\" alt=\"Foto d&#039;un grafit a la poblaci\u00f3 de Penelles. Una cara bregada d&#039;un home adult, al centre tres cavalls blancs galopant per l&#039;aigua, una dona caracteritzada com a sevillana amb un ventall que tapa el tors nu i finalment tres cigonyes en vol. Pintat en blanc i negre i grisos.\" \/>\t\t\t\t\t\t\t\t\t\t\t\t\t\t\t<\/div>\n\t\t\t\t<\/div>\n\t\t\t\t\t<\/div>\n\t\t<\/div>\n\t\t\t\t\t<\/div>\n\t\t<\/section>\n\t\t\t\t<section class=\"elementor-section elementor-top-section elementor-element elementor-element-f225e0c elementor-section-boxed elementor-section-height-default elementor-section-height-default parallax_section_no qode_elementor_container_no\" data-id=\"f225e0c\" data-element_type=\"section\" data-e-type=\"section\">\n\t\t\t\t\t\t<div class=\"elementor-container elementor-column-gap-default\">\n\t\t\t\t\t<div class=\"elementor-column elementor-col-100 elementor-top-column elementor-element elementor-element-d0dcc31\" data-id=\"d0dcc31\" data-element_type=\"column\" data-e-type=\"column\">\n\t\t\t<div class=\"elementor-widget-wrap elementor-element-populated\">\n\t\t\t\t\t\t<div class=\"elementor-element elementor-element-d6abb93 elementor-widget elementor-widget-text-editor\" data-id=\"d6abb93\" data-element_type=\"widget\" data-e-type=\"widget\" data-widget_type=\"text-editor.default\">\n\t\t\t\t<div class=\"elementor-widget-container\">\n\t\t\t\t\t\t\t\t\t<p>Penelles \u00e9s un petit poble de la prov\u00edncia de Lleida fam\u00f3s pels seus grafits. Quan passis pels seus carrers, et semblar\u00e0 que recorres un museu d&#8217;art de carrer, per\u00f2 a l&#8217;aire lliure. A cada cantonada podr\u00e0s trobar-te una fa\u00e7ana decorada amb un espectacular grafit i, per aix\u00f2 s&#8217;ha convertit en un dels millors llocs per fer fotos a Lleida.<\/p><p>\u00a0<\/p><p>Per fotografiar l&#8217;art de carrer \u00e9s important que tri\u00efs b\u00e9 la perspectiva des de la qual llan\u00e7ar\u00e0s la foto, ja que si no ho fas b\u00e9, aquesta podria sortir desproporcionada<\/p>\t\t\t\t\t\t\t\t<\/div>\n\t\t\t\t<\/div>\n\t\t\t\t\t<\/div>\n\t\t<\/div>\n\t\t\t\t\t<\/div>\n\t\t<\/section>\n\t\t\t\t<section class=\"elementor-section elementor-top-section elementor-element elementor-element-be5f053 elementor-section-boxed elementor-section-height-default elementor-section-height-default parallax_section_no qode_elementor_container_no\" data-id=\"be5f053\" data-element_type=\"section\" data-e-type=\"section\">\n\t\t\t\t\t\t<div class=\"elementor-container elementor-column-gap-default\">\n\t\t\t\t\t<div class=\"elementor-column elementor-col-100 elementor-top-column elementor-element elementor-element-1c6a5ca\" data-id=\"1c6a5ca\" data-element_type=\"column\" data-e-type=\"column\">\n\t\t\t<div class=\"elementor-widget-wrap elementor-element-populated\">\n\t\t\t\t\t\t<div class=\"elementor-element elementor-element-744c457 elementor-widget elementor-widget-spacer\" data-id=\"744c457\" data-element_type=\"widget\" data-e-type=\"widget\" data-widget_type=\"spacer.default\">\n\t\t\t\t<div class=\"elementor-widget-container\">\n\t\t\t\t\t\t\t<div class=\"elementor-spacer\">\n\t\t\t<div class=\"elementor-spacer-inner\"><\/div>\n\t\t<\/div>\n\t\t\t\t\t\t<\/div>\n\t\t\t\t<\/div>\n\t\t\t\t\t<\/div>\n\t\t<\/div>\n\t\t\t\t\t<\/div>\n\t\t<\/section>\n\t\t\t\t<section class=\"elementor-section elementor-top-section elementor-element elementor-element-ad4d797 elementor-section-boxed elementor-section-height-default elementor-section-height-default parallax_section_no qode_elementor_container_no\" data-id=\"ad4d797\" data-element_type=\"section\" data-e-type=\"section\">\n\t\t\t\t\t\t<div class=\"elementor-container elementor-column-gap-default\">\n\t\t\t\t\t<div class=\"elementor-column elementor-col-100 elementor-top-column elementor-element elementor-element-2e0ebe4\" data-id=\"2e0ebe4\" data-element_type=\"column\" data-e-type=\"column\">\n\t\t\t<div class=\"elementor-widget-wrap elementor-element-populated\">\n\t\t\t\t\t\t<div class=\"elementor-element elementor-element-10d4641 elementor-widget elementor-widget-heading\" data-id=\"10d4641\" data-element_type=\"widget\" data-e-type=\"widget\" data-widget_type=\"heading.default\">\n\t\t\t\t<div class=\"elementor-widget-container\">\n\t\t\t\t\t<h2 class=\"elementor-heading-title elementor-size-default\">Les vinyes de la D.O Costers del Segre<\/h2>\t\t\t\t<\/div>\n\t\t\t\t<\/div>\n\t\t\t\t\t<\/div>\n\t\t<\/div>\n\t\t\t\t\t<\/div>\n\t\t<\/section>\n\t\t\t\t<section class=\"elementor-section elementor-top-section elementor-element elementor-element-64aa548 elementor-section-boxed elementor-section-height-default elementor-section-height-default parallax_section_no qode_elementor_container_no\" data-id=\"64aa548\" data-element_type=\"section\" data-e-type=\"section\">\n\t\t\t\t\t\t<div class=\"elementor-container elementor-column-gap-default\">\n\t\t\t\t\t<div class=\"elementor-column elementor-col-100 elementor-top-column elementor-element elementor-element-fdea355\" data-id=\"fdea355\" data-element_type=\"column\" data-e-type=\"column\">\n\t\t\t<div class=\"elementor-widget-wrap elementor-element-populated\">\n\t\t\t\t\t\t<div class=\"elementor-element elementor-element-1b4ce53 elementor-widget elementor-widget-image\" data-id=\"1b4ce53\" data-element_type=\"widget\" data-e-type=\"widget\" data-widget_type=\"image.default\">\n\t\t\t\t<div class=\"elementor-widget-container\">\n\t\t\t\t\t\t\t\t\t\t\t\t\t\t\t<img loading=\"lazy\" decoding=\"async\" width=\"825\" height=\"500\" src=\"https:\/\/casadelspeixos.cat\/wp-content\/uploads\/2023\/04\/COSTERS-DEL-SEGRE-FOTOS-825x500.jpg\" class=\"attachment-portfolio_masonry_wide size-portfolio_masonry_wide wp-image-7260\" alt=\"Vista extensa de vinyes d&#039;un color verd intens, al fons una mola de muntanyes i un cel cobert de n\u00favols grisos\" \/>\t\t\t\t\t\t\t\t\t\t\t\t\t\t\t<\/div>\n\t\t\t\t<\/div>\n\t\t\t\t\t<\/div>\n\t\t<\/div>\n\t\t\t\t\t<\/div>\n\t\t<\/section>\n\t\t\t\t<section class=\"elementor-section elementor-top-section elementor-element elementor-element-a55a3aa elementor-section-boxed elementor-section-height-default elementor-section-height-default parallax_section_no qode_elementor_container_no\" data-id=\"a55a3aa\" data-element_type=\"section\" data-e-type=\"section\">\n\t\t\t\t\t\t<div class=\"elementor-container elementor-column-gap-default\">\n\t\t\t\t\t<div class=\"elementor-column elementor-col-100 elementor-top-column elementor-element elementor-element-7541055\" data-id=\"7541055\" data-element_type=\"column\" data-e-type=\"column\">\n\t\t\t<div class=\"elementor-widget-wrap elementor-element-populated\">\n\t\t\t\t\t\t<div class=\"elementor-element elementor-element-e831a89 elementor-widget elementor-widget-text-editor\" data-id=\"e831a89\" data-element_type=\"widget\" data-e-type=\"widget\" data-widget_type=\"text-editor.default\">\n\t\t\t\t<div class=\"elementor-widget-container\">\n\t\t\t\t\t\t\t\t\t<p>Costers del Segre \u00e9s una Denominaci\u00f3 d&#8217;Origen que ja fa m\u00e9s de 30 anys que ofereix els millors vins als seus clients. Aquesta denominaci\u00f3 inclou 7 zones en total: Segri\u00e0, Raimat, Artesa de Segre, Urgell, Pallars, Valls de Riu Corb i Garrigues. Al passejar per les vinyes o visitar els cellers descobrir\u00e0s alguns dels racons m\u00e9s fotog\u00e8nics de les teves vacances.<\/p><p>\u00a0<\/p><p>Aquests paratges naturals s\u00f3n bonics de per si, per\u00f2 et recomanem que busquis algun dels seus professionals viticultors que estigui treballant a les terres, per fer una foto carregada de car\u00e0cter i tradici\u00f3<\/p>\t\t\t\t\t\t\t\t<\/div>\n\t\t\t\t<\/div>\n\t\t\t\t\t<\/div>\n\t\t<\/div>\n\t\t\t\t\t<\/div>\n\t\t<\/section>\n\t\t\t\t<section class=\"elementor-section elementor-top-section elementor-element elementor-element-3f8559c elementor-section-boxed elementor-section-height-default elementor-section-height-default parallax_section_no qode_elementor_container_no\" data-id=\"3f8559c\" data-element_type=\"section\" data-e-type=\"section\">\n\t\t\t\t\t\t<div class=\"elementor-container elementor-column-gap-default\">\n\t\t\t\t\t<div class=\"elementor-column elementor-col-100 elementor-top-column elementor-element elementor-element-4b2673d\" data-id=\"4b2673d\" data-element_type=\"column\" data-e-type=\"column\">\n\t\t\t<div class=\"elementor-widget-wrap elementor-element-populated\">\n\t\t\t\t\t\t<div class=\"elementor-element elementor-element-5d0de45 elementor-widget elementor-widget-image\" data-id=\"5d0de45\" data-element_type=\"widget\" data-e-type=\"widget\" data-widget_type=\"image.default\">\n\t\t\t\t<div class=\"elementor-widget-container\">\n\t\t\t\t\t\t\t\t\t\t\t\t\t\t\t\t<a href=\"https:\/\/casadelspeixos.cat\/ca\/contacte\/?utm_source=blog&#038;utm_medium=banner\" rel=\"nofollow\">\n\t\t\t\t\t\t\t<img decoding=\"async\" width=\"728\" height=\"90\" src=\"https:\/\/casadelspeixos.cat\/wp-content\/uploads\/2022\/05\/lloga-una-casa-rural-a-la-baronia-de-rialb.png\" class=\"attachment-large size-large wp-image-7701\" alt=\"casa rural a la baronia de rialb\" srcset=\"https:\/\/casadelspeixos.cat\/wp-content\/uploads\/2022\/05\/lloga-una-casa-rural-a-la-baronia-de-rialb.png 728w, https:\/\/casadelspeixos.cat\/wp-content\/uploads\/2022\/05\/lloga-una-casa-rural-a-la-baronia-de-rialb-300x37.png 300w, https:\/\/casadelspeixos.cat\/wp-content\/uploads\/2022\/05\/lloga-una-casa-rural-a-la-baronia-de-rialb-700x87.png 700w\" sizes=\"(max-width: 728px) 100vw, 728px\" \/>\t\t\t\t\t\t\t\t<\/a>\n\t\t\t\t\t\t\t\t\t\t\t\t\t\t\t<\/div>\n\t\t\t\t<\/div>\n\t\t\t\t\t<\/div>\n\t\t<\/div>\n\t\t\t\t\t<\/div>\n\t\t<\/section>\n\t\t\t\t<section class=\"elementor-section elementor-top-section elementor-element elementor-element-c5b1990 elementor-section-boxed elementor-section-height-default elementor-section-height-default parallax_section_no qode_elementor_container_no\" data-id=\"c5b1990\" data-element_type=\"section\" data-e-type=\"section\">\n\t\t\t\t\t\t<div class=\"elementor-container elementor-column-gap-default\">\n\t\t\t\t\t<div class=\"elementor-column elementor-col-100 elementor-top-column elementor-element elementor-element-ea68290\" data-id=\"ea68290\" data-element_type=\"column\" data-e-type=\"column\">\n\t\t\t<div class=\"elementor-widget-wrap elementor-element-populated\">\n\t\t\t\t\t\t<div class=\"elementor-element elementor-element-09b0e89 elementor-widget elementor-widget-spacer\" data-id=\"09b0e89\" data-element_type=\"widget\" data-e-type=\"widget\" data-widget_type=\"spacer.default\">\n\t\t\t\t<div class=\"elementor-widget-container\">\n\t\t\t\t\t\t\t<div class=\"elementor-spacer\">\n\t\t\t<div class=\"elementor-spacer-inner\"><\/div>\n\t\t<\/div>\n\t\t\t\t\t\t<\/div>\n\t\t\t\t<\/div>\n\t\t\t\t\t<\/div>\n\t\t<\/div>\n\t\t\t\t\t<\/div>\n\t\t<\/section>\n\t\t\t\t<section class=\"elementor-section elementor-top-section elementor-element elementor-element-20f27dd elementor-section-boxed elementor-section-height-default elementor-section-height-default parallax_section_no qode_elementor_container_no\" data-id=\"20f27dd\" data-element_type=\"section\" data-e-type=\"section\">\n\t\t\t\t\t\t<div class=\"elementor-container elementor-column-gap-default\">\n\t\t\t\t\t<div class=\"elementor-column elementor-col-100 elementor-top-column elementor-element elementor-element-0193ceb\" data-id=\"0193ceb\" data-element_type=\"column\" data-e-type=\"column\">\n\t\t\t<div class=\"elementor-widget-wrap elementor-element-populated\">\n\t\t\t\t\t\t<div class=\"elementor-element elementor-element-68bb2fe elementor-widget elementor-widget-heading\" data-id=\"68bb2fe\" data-element_type=\"widget\" data-e-type=\"widget\" data-widget_type=\"heading.default\">\n\t\t\t\t<div class=\"elementor-widget-container\">\n\t\t\t\t\t<h2 class=\"elementor-heading-title elementor-size-default\">El Congost del Mont-Rebei<\/h2>\t\t\t\t<\/div>\n\t\t\t\t<\/div>\n\t\t\t\t\t<\/div>\n\t\t<\/div>\n\t\t\t\t\t<\/div>\n\t\t<\/section>\n\t\t\t\t<section class=\"elementor-section elementor-top-section elementor-element elementor-element-a664e45 elementor-section-boxed elementor-section-height-default elementor-section-height-default parallax_section_no qode_elementor_container_no\" data-id=\"a664e45\" data-element_type=\"section\" data-e-type=\"section\">\n\t\t\t\t\t\t<div class=\"elementor-container elementor-column-gap-default\">\n\t\t\t\t\t<div class=\"elementor-column elementor-col-100 elementor-top-column elementor-element elementor-element-292caad\" data-id=\"292caad\" data-element_type=\"column\" data-e-type=\"column\">\n\t\t\t<div class=\"elementor-widget-wrap elementor-element-populated\">\n\t\t\t\t\t\t<div class=\"elementor-element elementor-element-2f20767 elementor-widget elementor-widget-image\" data-id=\"2f20767\" data-element_type=\"widget\" data-e-type=\"widget\" data-widget_type=\"image.default\">\n\t\t\t\t<div class=\"elementor-widget-container\">\n\t\t\t\t\t\t\t\t\t\t\t\t\t\t\t<img loading=\"lazy\" decoding=\"async\" width=\"1000\" height=\"500\" src=\"https:\/\/casadelspeixos.cat\/wp-content\/uploads\/2023\/04\/CONGOST-DE-MONTREBEI-FOTOS-1000x500.jpg\" class=\"attachment-portfolio_masonry_wide size-portfolio_masonry_wide wp-image-7263\" alt=\"Vista desde la pasarela del Congost, abajo serpiente del agua rodeando el perfil de las monta\u00f1as . Cielo azul intenso\" \/>\t\t\t\t\t\t\t\t\t\t\t\t\t\t\t<\/div>\n\t\t\t\t<\/div>\n\t\t\t\t\t<\/div>\n\t\t<\/div>\n\t\t\t\t\t<\/div>\n\t\t<\/section>\n\t\t\t\t<section class=\"elementor-section elementor-top-section elementor-element elementor-element-90f8d45 elementor-section-boxed elementor-section-height-default elementor-section-height-default parallax_section_no qode_elementor_container_no\" data-id=\"90f8d45\" data-element_type=\"section\" data-e-type=\"section\">\n\t\t\t\t\t\t<div class=\"elementor-container elementor-column-gap-default\">\n\t\t\t\t\t<div class=\"elementor-column elementor-col-100 elementor-top-column elementor-element elementor-element-08119a7\" data-id=\"08119a7\" data-element_type=\"column\" data-e-type=\"column\">\n\t\t\t<div class=\"elementor-widget-wrap elementor-element-populated\">\n\t\t\t\t\t\t<div class=\"elementor-element elementor-element-a76a521 elementor-widget elementor-widget-text-editor\" data-id=\"a76a521\" data-element_type=\"widget\" data-e-type=\"widget\" data-widget_type=\"text-editor.default\">\n\t\t\t\t<div class=\"elementor-widget-container\">\n\t\t\t\t\t\t\t\t\t<p>El Congost del Mont-Rebei \u00e9s un dels millors llocs per fer fotos a Lleida per la seva bellesa natural incomparable. Es tracta d&#8217;un congost del riu Noguera Ribagor\u00e7ana que serveix com a frontera natural entre Catalunya i Arag\u00f3. Aquest ha estat considerat un dels paisatges m\u00e9s bonics de la Comunitat Aut\u00f2noma i podr\u00e0s con\u00e8ixer-lo caminant o amb caiac.<\/p><p>\u00a0<\/p><p>Tingues sempre la teva c\u00e0mera a punt, perqu\u00e8 en el moment m\u00e9s inesperat haur\u00e0s de treure-la per fer-li una foto a una au salvatge, que baixa a buscar aigua, a la llera del riu<\/p>\t\t\t\t\t\t\t\t<\/div>\n\t\t\t\t<\/div>\n\t\t\t\t\t<\/div>\n\t\t<\/div>\n\t\t\t\t\t<\/div>\n\t\t<\/section>\n\t\t\t\t<section class=\"elementor-section elementor-top-section elementor-element elementor-element-54eed1f elementor-section-boxed elementor-section-height-default elementor-section-height-default parallax_section_no qode_elementor_container_no\" data-id=\"54eed1f\" data-element_type=\"section\" data-e-type=\"section\">\n\t\t\t\t\t\t<div class=\"elementor-container elementor-column-gap-default\">\n\t\t\t\t\t<div class=\"elementor-column elementor-col-100 elementor-top-column elementor-element elementor-element-80641fb\" data-id=\"80641fb\" data-element_type=\"column\" data-e-type=\"column\">\n\t\t\t<div class=\"elementor-widget-wrap elementor-element-populated\">\n\t\t\t\t\t\t<div class=\"elementor-element elementor-element-5d79cb6 elementor-widget elementor-widget-spacer\" data-id=\"5d79cb6\" data-element_type=\"widget\" data-e-type=\"widget\" data-widget_type=\"spacer.default\">\n\t\t\t\t<div class=\"elementor-widget-container\">\n\t\t\t\t\t\t\t<div class=\"elementor-spacer\">\n\t\t\t<div class=\"elementor-spacer-inner\"><\/div>\n\t\t<\/div>\n\t\t\t\t\t\t<\/div>\n\t\t\t\t<\/div>\n\t\t\t\t\t<\/div>\n\t\t<\/div>\n\t\t\t\t\t<\/div>\n\t\t<\/section>\n\t\t\t\t<section class=\"elementor-section elementor-top-section elementor-element elementor-element-5048514 elementor-section-boxed elementor-section-height-default elementor-section-height-default parallax_section_no qode_elementor_container_no\" data-id=\"5048514\" data-element_type=\"section\" data-e-type=\"section\">\n\t\t\t\t\t\t<div class=\"elementor-container elementor-column-gap-default\">\n\t\t\t\t\t<div class=\"elementor-column elementor-col-100 elementor-top-column elementor-element elementor-element-fcdf9e6\" data-id=\"fcdf9e6\" data-element_type=\"column\" data-e-type=\"column\">\n\t\t\t<div class=\"elementor-widget-wrap elementor-element-populated\">\n\t\t\t\t\t\t<div class=\"elementor-element elementor-element-0f0f9f8 elementor-widget elementor-widget-heading\" data-id=\"0f0f9f8\" data-element_type=\"widget\" data-e-type=\"widget\" data-widget_type=\"heading.default\">\n\t\t\t\t<div class=\"elementor-widget-container\">\n\t\t\t\t\t<h2 class=\"elementor-heading-title elementor-size-default\">Montfalc\u00f3<\/h2>\t\t\t\t<\/div>\n\t\t\t\t<\/div>\n\t\t\t\t\t<\/div>\n\t\t<\/div>\n\t\t\t\t\t<\/div>\n\t\t<\/section>\n\t\t\t\t<section class=\"elementor-section elementor-top-section elementor-element elementor-element-80ffdbc elementor-section-boxed elementor-section-height-default elementor-section-height-default parallax_section_no qode_elementor_container_no\" data-id=\"80ffdbc\" data-element_type=\"section\" data-e-type=\"section\">\n\t\t\t\t\t\t<div class=\"elementor-container elementor-column-gap-default\">\n\t\t\t\t\t<div class=\"elementor-column elementor-col-100 elementor-top-column elementor-element elementor-element-769410b\" data-id=\"769410b\" data-element_type=\"column\" data-e-type=\"column\">\n\t\t\t<div class=\"elementor-widget-wrap elementor-element-populated\">\n\t\t\t\t\t\t<div class=\"elementor-element elementor-element-199fe50 elementor-widget elementor-widget-image\" data-id=\"199fe50\" data-element_type=\"widget\" data-e-type=\"widget\" data-widget_type=\"image.default\">\n\t\t\t\t<div class=\"elementor-widget-container\">\n\t\t\t\t\t\t\t\t\t\t\t\t\t\t\t<img loading=\"lazy\" decoding=\"async\" width=\"871\" height=\"500\" src=\"https:\/\/casadelspeixos.cat\/wp-content\/uploads\/2023\/04\/MONTFALCO-FOTOS-871x500.jpg\" class=\"attachment-portfolio_masonry_wide size-portfolio_masonry_wide wp-image-7266\" alt=\"Vista de les passarel\u00b7les que serpentegen la paret a Montfalc\u00f3\" srcset=\"https:\/\/casadelspeixos.cat\/wp-content\/uploads\/2023\/04\/MONTFALCO-FOTOS-871x500.jpg 871w, https:\/\/casadelspeixos.cat\/wp-content\/uploads\/2023\/04\/MONTFALCO-FOTOS-345x198.jpg 345w\" sizes=\"(max-width: 871px) 100vw, 871px\" \/>\t\t\t\t\t\t\t\t\t\t\t\t\t\t\t<\/div>\n\t\t\t\t<\/div>\n\t\t\t\t\t<\/div>\n\t\t<\/div>\n\t\t\t\t\t<\/div>\n\t\t<\/section>\n\t\t\t\t<section class=\"elementor-section elementor-top-section elementor-element elementor-element-71ae4f7 elementor-section-boxed elementor-section-height-default elementor-section-height-default parallax_section_no qode_elementor_container_no\" data-id=\"71ae4f7\" data-element_type=\"section\" data-e-type=\"section\">\n\t\t\t\t\t\t<div class=\"elementor-container elementor-column-gap-default\">\n\t\t\t\t\t<div class=\"elementor-column elementor-col-100 elementor-top-column elementor-element elementor-element-1158297\" data-id=\"1158297\" data-element_type=\"column\" data-e-type=\"column\">\n\t\t\t<div class=\"elementor-widget-wrap elementor-element-populated\">\n\t\t\t\t\t\t<div class=\"elementor-element elementor-element-c58172a elementor-widget elementor-widget-text-editor\" data-id=\"c58172a\" data-element_type=\"widget\" data-e-type=\"widget\" data-widget_type=\"text-editor.default\">\n\t\t\t\t<div class=\"elementor-widget-container\">\n\t\t\t\t\t\t\t\t\t<p>Acabem aquesta selecci\u00f3 dels millors llocs per fer fotos a Lleida amb Montfalc\u00f3, un poble amb molt d&#8217;encant. Es tracta d&#8217;una vila medieval completament emmurallada que us traslladar\u00e0 a l&#8217;Edat Mitjana.<\/p><p>\u00a0<\/p><p>Els seus carrers estrets, les galeries porxades, els arcs adovellats i la cisterna de la pla\u00e7a central s&#8217;han convertit en l&#8217;escenari perfecte per a totes aquelles persones que busquen un lloc per fer les seves fotos d&#8217;\u00e8poca.<\/p><p>\u00a0<\/p>\t\t\t\t\t\t\t\t<\/div>\n\t\t\t\t<\/div>\n\t\t\t\t\t<\/div>\n\t\t<\/div>\n\t\t\t\t\t<\/div>\n\t\t<\/section>\n\t\t\t\t<section class=\"elementor-section elementor-top-section elementor-element elementor-element-74834bd elementor-section-boxed elementor-section-height-default elementor-section-height-default parallax_section_no qode_elementor_container_no\" data-id=\"74834bd\" data-element_type=\"section\" data-e-type=\"section\">\n\t\t\t\t\t\t<div class=\"elementor-container elementor-column-gap-default\">\n\t\t\t\t\t<div class=\"elementor-column elementor-col-100 elementor-top-column elementor-element elementor-element-088fe2b\" data-id=\"088fe2b\" data-element_type=\"column\" data-e-type=\"column\">\n\t\t\t<div class=\"elementor-widget-wrap elementor-element-populated\">\n\t\t\t\t\t\t<div class=\"elementor-element elementor-element-5aad95f elementor-widget-divider--view-line elementor-widget elementor-widget-divider\" data-id=\"5aad95f\" data-element_type=\"widget\" data-e-type=\"widget\" data-widget_type=\"divider.default\">\n\t\t\t\t<div class=\"elementor-widget-container\">\n\t\t\t\t\t\t\t<div class=\"elementor-divider\">\n\t\t\t<span class=\"elementor-divider-separator\">\n\t\t\t\t\t\t<\/span>\n\t\t<\/div>\n\t\t\t\t\t\t<\/div>\n\t\t\t\t<\/div>\n\t\t\t\t\t<\/div>\n\t\t<\/div>\n\t\t\t\t\t<\/div>\n\t\t<\/section>\n\t\t\t\t<section class=\"elementor-section elementor-top-section elementor-element elementor-element-e4ec026 elementor-section-boxed elementor-section-height-default elementor-section-height-default parallax_section_no qode_elementor_container_no\" data-id=\"e4ec026\" data-element_type=\"section\" data-e-type=\"section\">\n\t\t\t\t\t\t<div class=\"elementor-container elementor-column-gap-default\">\n\t\t\t\t\t<div class=\"elementor-column elementor-col-100 elementor-top-column elementor-element elementor-element-e129a89\" data-id=\"e129a89\" data-element_type=\"column\" data-e-type=\"column\">\n\t\t\t<div class=\"elementor-widget-wrap elementor-element-populated\">\n\t\t\t\t\t\t<div class=\"elementor-element elementor-element-3dbaa8b elementor-widget elementor-widget-text-editor\" data-id=\"3dbaa8b\" data-element_type=\"widget\" data-e-type=\"widget\" data-widget_type=\"text-editor.default\">\n\t\t\t\t<div class=\"elementor-widget-container\">\n\t\t\t\t\t\t\t\t\t<p>Ara que ja coneixes els millors 7 llocs per fer fotos a Lleida, qu\u00e8 esperes? Treu la teva c\u00e0mera i surt aqu\u00ed fora a descobrir, de primera m\u00e0, els racons plens de m\u00e0gia on la llum, els colors i les textures crearan l&#8217;escenari perfecte per a les teves fotos.<\/p>\t\t\t\t\t\t\t\t<\/div>\n\t\t\t\t<\/div>\n\t\t\t\t\t<\/div>\n\t\t<\/div>\n\t\t\t\t\t<\/div>\n\t\t<\/section>\n\t\t\t\t<\/div>\n\t\t","protected":false},"excerpt":{"rendered":"<p>Est\u00e0s buscant els millors llocs per fer fotos a Lleida, per a la teva sessi\u00f3 de post casament, per anunciar una not\u00edcia important o simplement, perqu\u00e8 vols que el teu perfil d&#8217;Instagram estigui impecable? Aleshores segueix llegint. \u00a0 La prov\u00edncia de Lleida, moltes vegades, \u00e9s&#8230;<\/p>\n","protected":false},"author":2,"featured_media":7247,"comment_status":"open","ping_status":"open","sticky":false,"template":"","format":"standard","meta":{"_joinchat":[],"footnotes":""},"categories":[24],"tags":[],"class_list":["post-7272","post","type-post","status-publish","format-standard","has-post-thumbnail","hentry","category-blog-2"],"yoast_head":"<!-- This site is optimized with the Yoast SEO Premium plugin v20.1 (Yoast SEO v27.5) - https:\/\/yoast.com\/product\/yoast-seo-premium-wordpress\/ -->\n<title>7 Llocs per fer fotos a Lleida &#8226; Casa dels Peixos<\/title>\n<meta name=\"description\" content=\"Est\u00e0s buscant informaci\u00f3 sobre els llocs per fer fotos a lleida? \u2705 T&#039;expliquem tot el que has de saber sobre llocs per fer fotos a lleida\" \/>\n<meta name=\"robots\" content=\"index, follow, max-snippet:-1, max-image-preview:large, max-video-preview:-1\" \/>\n<link rel=\"canonical\" href=\"https:\/\/casadelspeixos.cat\/ca\/wp-json\/wp\/v2\/posts\/7272\" \/>\n<meta property=\"og:locale\" content=\"ca_ES\" \/>\n<meta property=\"og:type\" content=\"article\" \/>\n<meta property=\"og:title\" content=\"7 Llocs per fer fotos a Lleida\" \/>\n<meta property=\"og:description\" content=\"Est\u00e0s buscant informaci\u00f3 sobre els llocs per fer fotos a lleida? \u2705 T&#039;expliquem tot el que has de saber sobre llocs per fer fotos a lleida\" \/>\n<meta property=\"og:url\" content=\"https:\/\/casadelspeixos.cat\/ca\/blog-2\/7-llocs-per-fer-fotos-a-lleida\/\" \/>\n<meta property=\"og:site_name\" content=\"Casa dels Peixos\" \/>\n<meta property=\"article:publisher\" content=\"https:\/\/www.facebook.com\/lacasadelspeixos\/\" \/>\n<meta property=\"article:published_time\" content=\"2023-04-20T09:10:19+00:00\" \/>\n<meta property=\"article:modified_time\" content=\"2023-06-14T15:07:56+00:00\" \/>\n<meta property=\"og:image\" content=\"https:\/\/casadelspeixos.cat\/wp-content\/uploads\/2023\/04\/PENELLES-FOTOS.jpg\" \/>\n\t<meta property=\"og:image:width\" content=\"1120\" \/>\n\t<meta property=\"og:image:height\" content=\"674\" \/>\n\t<meta property=\"og:image:type\" content=\"image\/jpeg\" \/>\n<meta name=\"author\" content=\"Casa dels Peixos\" \/>\n<meta name=\"twitter:card\" content=\"summary_large_image\" \/>\n<meta name=\"twitter:label1\" content=\"Escrit per\" \/>\n\t<meta name=\"twitter:data1\" content=\"Casa dels Peixos\" \/>\n\t<meta name=\"twitter:label2\" content=\"Temps estimat de lectura\" \/>\n\t<meta name=\"twitter:data2\" content=\"4 minuts\" \/>\n<script type=\"application\/ld+json\" class=\"yoast-schema-graph\">{\"@context\":\"https:\\\/\\\/schema.org\",\"@graph\":[{\"@type\":\"Article\",\"@id\":\"https:\\\/\\\/casadelspeixos.cat\\\/ca\\\/blog-2\\\/7-llocs-per-fer-fotos-a-lleida\\\/#article\",\"isPartOf\":{\"@id\":\"https:\\\/\\\/casadelspeixos.cat\\\/ca\\\/blog-2\\\/7-llocs-per-fer-fotos-a-lleida\\\/\"},\"author\":{\"name\":\"Casa dels Peixos\",\"@id\":\"https:\\\/\\\/casadelspeixos.cat\\\/#\\\/schema\\\/person\\\/8ade7b5ce60430b661080abd10e6b6dd\"},\"headline\":\"7 Llocs per fer fotos a Lleida\",\"datePublished\":\"2023-04-20T09:10:19+00:00\",\"dateModified\":\"2023-06-14T15:07:56+00:00\",\"mainEntityOfPage\":{\"@id\":\"https:\\\/\\\/casadelspeixos.cat\\\/ca\\\/blog-2\\\/7-llocs-per-fer-fotos-a-lleida\\\/\"},\"wordCount\":888,\"commentCount\":0,\"publisher\":{\"@id\":\"https:\\\/\\\/casadelspeixos.cat\\\/#organization\"},\"image\":{\"@id\":\"https:\\\/\\\/casadelspeixos.cat\\\/ca\\\/blog-2\\\/7-llocs-per-fer-fotos-a-lleida\\\/#primaryimage\"},\"thumbnailUrl\":\"https:\\\/\\\/casadelspeixos.cat\\\/wp-content\\\/uploads\\\/2023\\\/04\\\/PENELLES-FOTOS.jpg\",\"articleSection\":[\"Blog\"],\"inLanguage\":\"ca\",\"potentialAction\":[{\"@type\":\"CommentAction\",\"name\":\"Comment\",\"target\":[\"https:\\\/\\\/casadelspeixos.cat\\\/ca\\\/blog-2\\\/7-llocs-per-fer-fotos-a-lleida\\\/#respond\"]}]},{\"@type\":\"WebPage\",\"@id\":\"https:\\\/\\\/casadelspeixos.cat\\\/ca\\\/blog-2\\\/7-llocs-per-fer-fotos-a-lleida\\\/\",\"url\":\"https:\\\/\\\/casadelspeixos.cat\\\/ca\\\/blog-2\\\/7-llocs-per-fer-fotos-a-lleida\\\/\",\"name\":\"7 Llocs per fer fotos a Lleida &#8226; Casa dels Peixos\",\"isPartOf\":{\"@id\":\"https:\\\/\\\/casadelspeixos.cat\\\/#website\"},\"primaryImageOfPage\":{\"@id\":\"https:\\\/\\\/casadelspeixos.cat\\\/ca\\\/blog-2\\\/7-llocs-per-fer-fotos-a-lleida\\\/#primaryimage\"},\"image\":{\"@id\":\"https:\\\/\\\/casadelspeixos.cat\\\/ca\\\/blog-2\\\/7-llocs-per-fer-fotos-a-lleida\\\/#primaryimage\"},\"thumbnailUrl\":\"https:\\\/\\\/casadelspeixos.cat\\\/wp-content\\\/uploads\\\/2023\\\/04\\\/PENELLES-FOTOS.jpg\",\"datePublished\":\"2023-04-20T09:10:19+00:00\",\"dateModified\":\"2023-06-14T15:07:56+00:00\",\"description\":\"Est\u00e0s buscant informaci\u00f3 sobre els llocs per fer fotos a lleida? \u2705 T'expliquem tot el que has de saber sobre llocs per fer fotos a lleida\",\"breadcrumb\":{\"@id\":\"https:\\\/\\\/casadelspeixos.cat\\\/ca\\\/blog-2\\\/7-llocs-per-fer-fotos-a-lleida\\\/#breadcrumb\"},\"inLanguage\":\"ca\",\"potentialAction\":[{\"@type\":\"ReadAction\",\"target\":[\"https:\\\/\\\/casadelspeixos.cat\\\/ca\\\/blog-2\\\/7-llocs-per-fer-fotos-a-lleida\\\/\"]}]},{\"@type\":\"ImageObject\",\"inLanguage\":\"ca\",\"@id\":\"https:\\\/\\\/casadelspeixos.cat\\\/ca\\\/blog-2\\\/7-llocs-per-fer-fotos-a-lleida\\\/#primaryimage\",\"url\":\"https:\\\/\\\/casadelspeixos.cat\\\/wp-content\\\/uploads\\\/2023\\\/04\\\/PENELLES-FOTOS.jpg\",\"contentUrl\":\"https:\\\/\\\/casadelspeixos.cat\\\/wp-content\\\/uploads\\\/2023\\\/04\\\/PENELLES-FOTOS.jpg\",\"width\":1120,\"height\":674,\"caption\":\"Foto d'un grafit a la poblaci\u00f3 de Penelles. Una cara bregada d'un home adult, al centre tres cavalls blancs galopant per l'aigua, una dona caracteritzada com a sevillana amb un ventall que tapa el tors nu i finalment tres cigonyes en vol. Pintat en blanc i negre i grisos.\"},{\"@type\":\"BreadcrumbList\",\"@id\":\"https:\\\/\\\/casadelspeixos.cat\\\/ca\\\/blog-2\\\/7-llocs-per-fer-fotos-a-lleida\\\/#breadcrumb\",\"itemListElement\":[{\"@type\":\"ListItem\",\"position\":1,\"name\":\"Inici\",\"item\":\"https:\\\/\\\/casadelspeixos.cat\\\/\"},{\"@type\":\"ListItem\",\"position\":2,\"name\":\"7 Llocs per fer fotos a Lleida\"}]},{\"@type\":\"WebSite\",\"@id\":\"https:\\\/\\\/casadelspeixos.cat\\\/#website\",\"url\":\"https:\\\/\\\/casadelspeixos.cat\\\/\",\"name\":\"Casa dels Peixos\",\"description\":\"Casa de lloguer \u00edntegre al Pre-Pirineu Catal\u00e0\",\"publisher\":{\"@id\":\"https:\\\/\\\/casadelspeixos.cat\\\/#organization\"},\"potentialAction\":[{\"@type\":\"SearchAction\",\"target\":{\"@type\":\"EntryPoint\",\"urlTemplate\":\"https:\\\/\\\/casadelspeixos.cat\\\/?s={search_term_string}\"},\"query-input\":{\"@type\":\"PropertyValueSpecification\",\"valueRequired\":true,\"valueName\":\"search_term_string\"}}],\"inLanguage\":\"ca\"},{\"@type\":\"Organization\",\"@id\":\"https:\\\/\\\/casadelspeixos.cat\\\/#organization\",\"name\":\"Casa dels Peixos\",\"url\":\"https:\\\/\\\/casadelspeixos.cat\\\/\",\"logo\":{\"@type\":\"ImageObject\",\"inLanguage\":\"ca\",\"@id\":\"https:\\\/\\\/casadelspeixos.cat\\\/#\\\/schema\\\/logo\\\/image\\\/\",\"url\":\"https:\\\/\\\/casadelspeixos.cat\\\/wp-content\\\/uploads\\\/2020\\\/07\\\/logo-center.png\",\"contentUrl\":\"https:\\\/\\\/casadelspeixos.cat\\\/wp-content\\\/uploads\\\/2020\\\/07\\\/logo-center.png\",\"width\":376,\"height\":200,\"caption\":\"Casa dels Peixos\"},\"image\":{\"@id\":\"https:\\\/\\\/casadelspeixos.cat\\\/#\\\/schema\\\/logo\\\/image\\\/\"},\"sameAs\":[\"https:\\\/\\\/www.facebook.com\\\/lacasadelspeixos\\\/\",\"https:\\\/\\\/www.instagram.com\\\/casa_dels_peixos\\\/\"]},{\"@type\":\"Person\",\"@id\":\"https:\\\/\\\/casadelspeixos.cat\\\/#\\\/schema\\\/person\\\/8ade7b5ce60430b661080abd10e6b6dd\",\"name\":\"Casa dels Peixos\",\"image\":{\"@type\":\"ImageObject\",\"inLanguage\":\"ca\",\"@id\":\"https:\\\/\\\/secure.gravatar.com\\\/avatar\\\/056e03404aff6b8e9001d4e876f1748e550e688defbba6a2cff6095a3c34ba3d?s=96&d=mm&r=g\",\"url\":\"https:\\\/\\\/secure.gravatar.com\\\/avatar\\\/056e03404aff6b8e9001d4e876f1748e550e688defbba6a2cff6095a3c34ba3d?s=96&d=mm&r=g\",\"contentUrl\":\"https:\\\/\\\/secure.gravatar.com\\\/avatar\\\/056e03404aff6b8e9001d4e876f1748e550e688defbba6a2cff6095a3c34ba3d?s=96&d=mm&r=g\",\"caption\":\"Casa dels Peixos\"},\"sameAs\":[\"https:\\\/\\\/casadelspeixos.cat\\\/\"]}]}<\/script>\n<!-- \/ Yoast SEO Premium plugin. -->","yoast_head_json":{"title":"7 Llocs per fer fotos a Lleida &#8226; Casa dels Peixos","description":"Est\u00e0s buscant informaci\u00f3 sobre els llocs per fer fotos a lleida? \u2705 T'expliquem tot el que has de saber sobre llocs per fer fotos a lleida","robots":{"index":"index","follow":"follow","max-snippet":"max-snippet:-1","max-image-preview":"max-image-preview:large","max-video-preview":"max-video-preview:-1"},"canonical":"https:\/\/casadelspeixos.cat\/ca\/wp-json\/wp\/v2\/posts\/7272","og_locale":"ca_ES","og_type":"article","og_title":"7 Llocs per fer fotos a Lleida","og_description":"Est\u00e0s buscant informaci\u00f3 sobre els llocs per fer fotos a lleida? \u2705 T'expliquem tot el que has de saber sobre llocs per fer fotos a lleida","og_url":"https:\/\/casadelspeixos.cat\/ca\/blog-2\/7-llocs-per-fer-fotos-a-lleida\/","og_site_name":"Casa dels Peixos","article_publisher":"https:\/\/www.facebook.com\/lacasadelspeixos\/","article_published_time":"2023-04-20T09:10:19+00:00","article_modified_time":"2023-06-14T15:07:56+00:00","og_image":[{"width":1120,"height":674,"url":"https:\/\/casadelspeixos.cat\/wp-content\/uploads\/2023\/04\/PENELLES-FOTOS.jpg","type":"image\/jpeg"}],"author":"Casa dels Peixos","twitter_card":"summary_large_image","twitter_misc":{"Escrit per":"Casa dels Peixos","Temps estimat de lectura":"4 minuts"},"schema":{"@context":"https:\/\/schema.org","@graph":[{"@type":"Article","@id":"https:\/\/casadelspeixos.cat\/ca\/blog-2\/7-llocs-per-fer-fotos-a-lleida\/#article","isPartOf":{"@id":"https:\/\/casadelspeixos.cat\/ca\/blog-2\/7-llocs-per-fer-fotos-a-lleida\/"},"author":{"name":"Casa dels Peixos","@id":"https:\/\/casadelspeixos.cat\/#\/schema\/person\/8ade7b5ce60430b661080abd10e6b6dd"},"headline":"7 Llocs per fer fotos a Lleida","datePublished":"2023-04-20T09:10:19+00:00","dateModified":"2023-06-14T15:07:56+00:00","mainEntityOfPage":{"@id":"https:\/\/casadelspeixos.cat\/ca\/blog-2\/7-llocs-per-fer-fotos-a-lleida\/"},"wordCount":888,"commentCount":0,"publisher":{"@id":"https:\/\/casadelspeixos.cat\/#organization"},"image":{"@id":"https:\/\/casadelspeixos.cat\/ca\/blog-2\/7-llocs-per-fer-fotos-a-lleida\/#primaryimage"},"thumbnailUrl":"https:\/\/casadelspeixos.cat\/wp-content\/uploads\/2023\/04\/PENELLES-FOTOS.jpg","articleSection":["Blog"],"inLanguage":"ca","potentialAction":[{"@type":"CommentAction","name":"Comment","target":["https:\/\/casadelspeixos.cat\/ca\/blog-2\/7-llocs-per-fer-fotos-a-lleida\/#respond"]}]},{"@type":"WebPage","@id":"https:\/\/casadelspeixos.cat\/ca\/blog-2\/7-llocs-per-fer-fotos-a-lleida\/","url":"https:\/\/casadelspeixos.cat\/ca\/blog-2\/7-llocs-per-fer-fotos-a-lleida\/","name":"7 Llocs per fer fotos a Lleida &#8226; Casa dels Peixos","isPartOf":{"@id":"https:\/\/casadelspeixos.cat\/#website"},"primaryImageOfPage":{"@id":"https:\/\/casadelspeixos.cat\/ca\/blog-2\/7-llocs-per-fer-fotos-a-lleida\/#primaryimage"},"image":{"@id":"https:\/\/casadelspeixos.cat\/ca\/blog-2\/7-llocs-per-fer-fotos-a-lleida\/#primaryimage"},"thumbnailUrl":"https:\/\/casadelspeixos.cat\/wp-content\/uploads\/2023\/04\/PENELLES-FOTOS.jpg","datePublished":"2023-04-20T09:10:19+00:00","dateModified":"2023-06-14T15:07:56+00:00","description":"Est\u00e0s buscant informaci\u00f3 sobre els llocs per fer fotos a lleida? \u2705 T'expliquem tot el que has de saber sobre llocs per fer fotos a lleida","breadcrumb":{"@id":"https:\/\/casadelspeixos.cat\/ca\/blog-2\/7-llocs-per-fer-fotos-a-lleida\/#breadcrumb"},"inLanguage":"ca","potentialAction":[{"@type":"ReadAction","target":["https:\/\/casadelspeixos.cat\/ca\/blog-2\/7-llocs-per-fer-fotos-a-lleida\/"]}]},{"@type":"ImageObject","inLanguage":"ca","@id":"https:\/\/casadelspeixos.cat\/ca\/blog-2\/7-llocs-per-fer-fotos-a-lleida\/#primaryimage","url":"https:\/\/casadelspeixos.cat\/wp-content\/uploads\/2023\/04\/PENELLES-FOTOS.jpg","contentUrl":"https:\/\/casadelspeixos.cat\/wp-content\/uploads\/2023\/04\/PENELLES-FOTOS.jpg","width":1120,"height":674,"caption":"Foto d'un grafit a la poblaci\u00f3 de Penelles. Una cara bregada d'un home adult, al centre tres cavalls blancs galopant per l'aigua, una dona caracteritzada com a sevillana amb un ventall que tapa el tors nu i finalment tres cigonyes en vol. Pintat en blanc i negre i grisos."},{"@type":"BreadcrumbList","@id":"https:\/\/casadelspeixos.cat\/ca\/blog-2\/7-llocs-per-fer-fotos-a-lleida\/#breadcrumb","itemListElement":[{"@type":"ListItem","position":1,"name":"Inici","item":"https:\/\/casadelspeixos.cat\/"},{"@type":"ListItem","position":2,"name":"7 Llocs per fer fotos a Lleida"}]},{"@type":"WebSite","@id":"https:\/\/casadelspeixos.cat\/#website","url":"https:\/\/casadelspeixos.cat\/","name":"Casa dels Peixos","description":"Casa de lloguer \u00edntegre al Pre-Pirineu Catal\u00e0","publisher":{"@id":"https:\/\/casadelspeixos.cat\/#organization"},"potentialAction":[{"@type":"SearchAction","target":{"@type":"EntryPoint","urlTemplate":"https:\/\/casadelspeixos.cat\/?s={search_term_string}"},"query-input":{"@type":"PropertyValueSpecification","valueRequired":true,"valueName":"search_term_string"}}],"inLanguage":"ca"},{"@type":"Organization","@id":"https:\/\/casadelspeixos.cat\/#organization","name":"Casa dels Peixos","url":"https:\/\/casadelspeixos.cat\/","logo":{"@type":"ImageObject","inLanguage":"ca","@id":"https:\/\/casadelspeixos.cat\/#\/schema\/logo\/image\/","url":"https:\/\/casadelspeixos.cat\/wp-content\/uploads\/2020\/07\/logo-center.png","contentUrl":"https:\/\/casadelspeixos.cat\/wp-content\/uploads\/2020\/07\/logo-center.png","width":376,"height":200,"caption":"Casa dels Peixos"},"image":{"@id":"https:\/\/casadelspeixos.cat\/#\/schema\/logo\/image\/"},"sameAs":["https:\/\/www.facebook.com\/lacasadelspeixos\/","https:\/\/www.instagram.com\/casa_dels_peixos\/"]},{"@type":"Person","@id":"https:\/\/casadelspeixos.cat\/#\/schema\/person\/8ade7b5ce60430b661080abd10e6b6dd","name":"Casa dels Peixos","image":{"@type":"ImageObject","inLanguage":"ca","@id":"https:\/\/secure.gravatar.com\/avatar\/056e03404aff6b8e9001d4e876f1748e550e688defbba6a2cff6095a3c34ba3d?s=96&d=mm&r=g","url":"https:\/\/secure.gravatar.com\/avatar\/056e03404aff6b8e9001d4e876f1748e550e688defbba6a2cff6095a3c34ba3d?s=96&d=mm&r=g","contentUrl":"https:\/\/secure.gravatar.com\/avatar\/056e03404aff6b8e9001d4e876f1748e550e688defbba6a2cff6095a3c34ba3d?s=96&d=mm&r=g","caption":"Casa dels Peixos"},"sameAs":["https:\/\/casadelspeixos.cat\/"]}]}},"_links":{"self":[{"href":"https:\/\/casadelspeixos.cat\/ca\/wp-json\/wp\/v2\/posts\/7272","targetHints":{"allow":["GET"]}}],"collection":[{"href":"https:\/\/casadelspeixos.cat\/ca\/wp-json\/wp\/v2\/posts"}],"about":[{"href":"https:\/\/casadelspeixos.cat\/ca\/wp-json\/wp\/v2\/types\/post"}],"author":[{"embeddable":true,"href":"https:\/\/casadelspeixos.cat\/ca\/wp-json\/wp\/v2\/users\/2"}],"replies":[{"embeddable":true,"href":"https:\/\/casadelspeixos.cat\/ca\/wp-json\/wp\/v2\/comments?post=7272"}],"version-history":[{"count":12,"href":"https:\/\/casadelspeixos.cat\/ca\/wp-json\/wp\/v2\/posts\/7272\/revisions"}],"predecessor-version":[{"id":7751,"href":"https:\/\/casadelspeixos.cat\/ca\/wp-json\/wp\/v2\/posts\/7272\/revisions\/7751"}],"wp:featuredmedia":[{"embeddable":true,"href":"https:\/\/casadelspeixos.cat\/ca\/wp-json\/wp\/v2\/media\/7247"}],"wp:attachment":[{"href":"https:\/\/casadelspeixos.cat\/ca\/wp-json\/wp\/v2\/media?parent=7272"}],"wp:term":[{"taxonomy":"category","embeddable":true,"href":"https:\/\/casadelspeixos.cat\/ca\/wp-json\/wp\/v2\/categories?post=7272"},{"taxonomy":"post_tag","embeddable":true,"href":"https:\/\/casadelspeixos.cat\/ca\/wp-json\/wp\/v2\/tags?post=7272"}],"curies":[{"name":"wp","href":"https:\/\/api.w.org\/{rel}","templated":true}]}}