{"id":7033,"date":"2023-03-28T18:24:45","date_gmt":"2023-03-28T16:24:45","guid":{"rendered":"https:\/\/casadelspeixos.cat\/?p=7033"},"modified":"2023-06-14T17:06:45","modified_gmt":"2023-06-14T15:06:45","slug":"que-fer-a-lleida-amb-nens","status":"publish","type":"post","link":"https:\/\/casadelspeixos.cat\/ca\/blog-2\/que-fer-a-lleida-amb-nens\/","title":{"rendered":"Qu\u00e8 fer a Lleida amb nens?"},"content":{"rendered":"\t\t<div data-elementor-type=\"wp-post\" data-elementor-id=\"7033\" class=\"elementor elementor-7033\" data-elementor-post-type=\"post\">\n\t\t\t\t\t\t<section class=\"elementor-section elementor-top-section elementor-element elementor-element-ed34abe elementor-section-boxed elementor-section-height-default elementor-section-height-default parallax_section_no qode_elementor_container_no\" data-id=\"ed34abe\" data-element_type=\"section\" data-e-type=\"section\">\n\t\t\t\t\t\t<div class=\"elementor-container elementor-column-gap-default\">\n\t\t\t\t\t<div class=\"elementor-column elementor-col-100 elementor-top-column elementor-element elementor-element-38701c2\" data-id=\"38701c2\" data-element_type=\"column\" data-e-type=\"column\">\n\t\t\t<div class=\"elementor-widget-wrap elementor-element-populated\">\n\t\t\t\t\t\t<div class=\"elementor-element elementor-element-05685ed elementor-widget elementor-widget-text-editor\" data-id=\"05685ed\" data-element_type=\"widget\" data-e-type=\"widget\" data-widget_type=\"text-editor.default\">\n\t\t\t\t<div class=\"elementor-widget-container\">\n\t\t\t\t\t\t\t\t\t<p>Si est\u00e0s planificant qu\u00e8 fer a Lleida amb nens, segueix llegint perqu\u00e8 tot seguit t&#8217;expliquem tot el que cal saber.<\/p><p>\u00a0<\/p><p>Tenir un temps de vacances acompanyat dels nens no \u00e9s el mateix que viatjar sol i segurament ja t&#8217;has adonat si ets el pare o la mare. Per\u00f2 aix\u00f2 no vol dir que les teves sortides amb els m\u00e9s petits de la casa hagin de ser m\u00e9s avorrides, sin\u00f3 que simplement han d&#8217;estar adaptades a les necessitats i les possibilitats de tots els membres de la fam\u00edlia.<\/p><p>\u00a0<\/p><p>Lleida \u00e9s una prov\u00edncia de Catalunya que t\u00e9 tots els ingredients necessaris perqu\u00e8 puguis passar uns dies lliures plens d&#8217;adrenalina i aventures, que et permetran desconnectar completament de la rutina i l&#8217;estr\u00e8s, per connectar de deb\u00f2 amb els que m\u00e9s vols.<\/p><p>\u00a0<\/p><p>Aqu\u00ed van algunes idees!<\/p>\t\t\t\t\t\t\t\t<\/div>\n\t\t\t\t<\/div>\n\t\t\t\t\t<\/div>\n\t\t<\/div>\n\t\t\t\t\t<\/div>\n\t\t<\/section>\n\t\t\t\t<section class=\"elementor-section elementor-top-section elementor-element elementor-element-6907f1b elementor-section-boxed elementor-section-height-default elementor-section-height-default parallax_section_no qode_elementor_container_no\" data-id=\"6907f1b\" data-element_type=\"section\" data-e-type=\"section\">\n\t\t\t\t\t\t<div class=\"elementor-container elementor-column-gap-default\">\n\t\t\t\t\t<div class=\"elementor-column elementor-col-100 elementor-top-column elementor-element elementor-element-d0381e1\" data-id=\"d0381e1\" data-element_type=\"column\" data-e-type=\"column\">\n\t\t\t<div class=\"elementor-widget-wrap elementor-element-populated\">\n\t\t\t\t\t\t<div class=\"elementor-element elementor-element-a5c173c elementor-widget elementor-widget-heading\" data-id=\"a5c173c\" data-element_type=\"widget\" data-e-type=\"widget\" data-widget_type=\"heading.default\">\n\t\t\t\t<div class=\"elementor-widget-container\">\n\t\t\t\t\t<h2 class=\"elementor-heading-title elementor-size-default\">Com arribar a Lleida en fam\u00edlia?<\/h2>\t\t\t\t<\/div>\n\t\t\t\t<\/div>\n\t\t\t\t\t<\/div>\n\t\t<\/div>\n\t\t\t\t\t<\/div>\n\t\t<\/section>\n\t\t\t\t<section class=\"elementor-section elementor-top-section elementor-element elementor-element-dcc0d15 elementor-section-boxed elementor-section-height-default elementor-section-height-default parallax_section_no qode_elementor_container_no\" data-id=\"dcc0d15\" data-element_type=\"section\" data-e-type=\"section\">\n\t\t\t\t\t\t<div class=\"elementor-container elementor-column-gap-default\">\n\t\t\t\t\t<div class=\"elementor-column elementor-col-100 elementor-top-column elementor-element elementor-element-8a581f4\" data-id=\"8a581f4\" data-element_type=\"column\" data-e-type=\"column\">\n\t\t\t<div class=\"elementor-widget-wrap elementor-element-populated\">\n\t\t\t\t\t\t<div class=\"elementor-element elementor-element-db54b87 elementor-widget elementor-widget-text-editor\" data-id=\"db54b87\" data-element_type=\"widget\" data-e-type=\"widget\" data-widget_type=\"text-editor.default\">\n\t\t\t\t<div class=\"elementor-widget-container\">\n\t\t\t\t\t\t\t\t\t<p>Lleida \u00e9s una prov\u00edncia molt extensa i algunes de les ciutats i pobles m\u00e9s importants compten amb estaci\u00f3 de tren o autob\u00fas de l\u00ednia. Tot i aix\u00f2, quan vas acompanyat de nens, viatjar amb transport p\u00fablic, pot no ser la millor opci\u00f3.<\/p><p>\u00a0<\/p><p>Et recomanem que puguis organitzar aquesta escapada amb cotxe per arribar a tots els punts que et presentarem a continuaci\u00f3. D&#8217;aquesta manera tindr\u00e0s la comoditat d&#8217;omplir el maleter amb tot all\u00f2 que creguis que necessitaran els m\u00e9s petits de la casa durant aquests dies d&#8217;escapada rural i estar preparat per a qualsevol imprevist.<\/p>\t\t\t\t\t\t\t\t<\/div>\n\t\t\t\t<\/div>\n\t\t\t\t\t<\/div>\n\t\t<\/div>\n\t\t\t\t\t<\/div>\n\t\t<\/section>\n\t\t\t\t<section class=\"elementor-section elementor-top-section elementor-element elementor-element-836642a elementor-section-boxed elementor-section-height-default elementor-section-height-default parallax_section_no qode_elementor_container_no\" data-id=\"836642a\" data-element_type=\"section\" data-e-type=\"section\">\n\t\t\t\t\t\t<div class=\"elementor-container elementor-column-gap-default\">\n\t\t\t\t\t<div class=\"elementor-column elementor-col-100 elementor-top-column elementor-element elementor-element-013abb3\" data-id=\"013abb3\" data-element_type=\"column\" data-e-type=\"column\">\n\t\t\t<div class=\"elementor-widget-wrap elementor-element-populated\">\n\t\t\t\t\t\t<div class=\"elementor-element elementor-element-0dbb371 elementor-widget elementor-widget-image\" data-id=\"0dbb371\" data-element_type=\"widget\" data-e-type=\"widget\" data-widget_type=\"image.default\">\n\t\t\t\t<div class=\"elementor-widget-container\">\n\t\t\t\t\t\t\t\t\t\t\t\t\t\t\t\t<a href=\"https:\/\/casadelspeixos.cat\/ca\/contacte\/?utm_source=blog&#038;utm_medium=banner\" rel=\"nofollow\">\n\t\t\t\t\t\t\t<img fetchpriority=\"high\" decoding=\"async\" width=\"728\" height=\"90\" src=\"https:\/\/casadelspeixos.cat\/wp-content\/uploads\/2022\/05\/lloga-una-casa-rural-a-la-baronia-de-rialb.png\" class=\"attachment-large size-large wp-image-7701\" alt=\"casa rural a la baronia de rialb\" srcset=\"https:\/\/casadelspeixos.cat\/wp-content\/uploads\/2022\/05\/lloga-una-casa-rural-a-la-baronia-de-rialb.png 728w, https:\/\/casadelspeixos.cat\/wp-content\/uploads\/2022\/05\/lloga-una-casa-rural-a-la-baronia-de-rialb-300x37.png 300w, https:\/\/casadelspeixos.cat\/wp-content\/uploads\/2022\/05\/lloga-una-casa-rural-a-la-baronia-de-rialb-700x87.png 700w\" sizes=\"(max-width: 728px) 100vw, 728px\" \/>\t\t\t\t\t\t\t\t<\/a>\n\t\t\t\t\t\t\t\t\t\t\t\t\t\t\t<\/div>\n\t\t\t\t<\/div>\n\t\t\t\t\t<\/div>\n\t\t<\/div>\n\t\t\t\t\t<\/div>\n\t\t<\/section>\n\t\t\t\t<section class=\"elementor-section elementor-top-section elementor-element elementor-element-7df92a3 elementor-section-boxed elementor-section-height-default elementor-section-height-default parallax_section_no qode_elementor_container_no\" data-id=\"7df92a3\" data-element_type=\"section\" data-e-type=\"section\">\n\t\t\t\t\t\t<div class=\"elementor-container elementor-column-gap-default\">\n\t\t\t\t\t<div class=\"elementor-column elementor-col-100 elementor-top-column elementor-element elementor-element-4666c58\" data-id=\"4666c58\" data-element_type=\"column\" data-e-type=\"column\">\n\t\t\t<div class=\"elementor-widget-wrap elementor-element-populated\">\n\t\t\t\t\t\t<div class=\"elementor-element elementor-element-2f6ed5d elementor-widget elementor-widget-heading\" data-id=\"2f6ed5d\" data-element_type=\"widget\" data-e-type=\"widget\" data-widget_type=\"heading.default\">\n\t\t\t\t<div class=\"elementor-widget-container\">\n\t\t\t\t\t<h2 class=\"elementor-heading-title elementor-size-default\">Quina \u00e9s la millor \u00e8poca per visitar Lleida amb nens?<\/h2>\t\t\t\t<\/div>\n\t\t\t\t<\/div>\n\t\t\t\t\t<\/div>\n\t\t<\/div>\n\t\t\t\t\t<\/div>\n\t\t<\/section>\n\t\t\t\t<section class=\"elementor-section elementor-top-section elementor-element elementor-element-9a2b800 elementor-section-boxed elementor-section-height-default elementor-section-height-default parallax_section_no qode_elementor_container_no\" data-id=\"9a2b800\" data-element_type=\"section\" data-e-type=\"section\">\n\t\t\t\t\t\t<div class=\"elementor-container elementor-column-gap-default\">\n\t\t\t\t\t<div class=\"elementor-column elementor-col-100 elementor-top-column elementor-element elementor-element-abd8890\" data-id=\"abd8890\" data-element_type=\"column\" data-e-type=\"column\">\n\t\t\t<div class=\"elementor-widget-wrap elementor-element-populated\">\n\t\t\t\t\t\t<div class=\"elementor-element elementor-element-388bfb4 elementor-widget elementor-widget-text-editor\" data-id=\"388bfb4\" data-element_type=\"widget\" data-e-type=\"widget\" data-widget_type=\"text-editor.default\">\n\t\t\t\t<div class=\"elementor-widget-container\">\n\t\t\t\t\t\t\t\t\t<p>El mes de maig \u00e9s el millor mes de l\u00b4any per visitar la prov\u00edncia de Lleida amb nens. Aix\u00f2 \u00e9s perqu\u00e8 la boira de l&#8217;hivern ja ha desaparegut per deixar pas al sol de la primavera. A m\u00e9s, les temperatures s\u00f3n molt m\u00e9s agradables, sense ser tan elevades com a l&#8217;estiu i \u00e9s la temporada en qu\u00e8 s&#8217;organitzen m\u00e9s esdeveniments culturals i festius ideals per passar una bona estona en fam\u00edlia<\/p>\t\t\t\t\t\t\t\t<\/div>\n\t\t\t\t<\/div>\n\t\t\t\t\t<\/div>\n\t\t<\/div>\n\t\t\t\t\t<\/div>\n\t\t<\/section>\n\t\t\t\t<section class=\"elementor-section elementor-top-section elementor-element elementor-element-6ecd857 elementor-section-boxed elementor-section-height-default elementor-section-height-default parallax_section_no qode_elementor_container_no\" data-id=\"6ecd857\" data-element_type=\"section\" data-e-type=\"section\">\n\t\t\t\t\t\t<div class=\"elementor-container elementor-column-gap-default\">\n\t\t\t\t\t<div class=\"elementor-column elementor-col-100 elementor-top-column elementor-element elementor-element-663a9bc\" data-id=\"663a9bc\" data-element_type=\"column\" data-e-type=\"column\">\n\t\t\t<div class=\"elementor-widget-wrap elementor-element-populated\">\n\t\t\t\t\t\t<div class=\"elementor-element elementor-element-86d0ac2 elementor-widget elementor-widget-spacer\" data-id=\"86d0ac2\" data-element_type=\"widget\" data-e-type=\"widget\" data-widget_type=\"spacer.default\">\n\t\t\t\t<div class=\"elementor-widget-container\">\n\t\t\t\t\t\t\t<div class=\"elementor-spacer\">\n\t\t\t<div class=\"elementor-spacer-inner\"><\/div>\n\t\t<\/div>\n\t\t\t\t\t\t<\/div>\n\t\t\t\t<\/div>\n\t\t\t\t\t<\/div>\n\t\t<\/div>\n\t\t\t\t\t<\/div>\n\t\t<\/section>\n\t\t\t\t<section class=\"elementor-section elementor-top-section elementor-element elementor-element-0cdddc4 elementor-section-boxed elementor-section-height-default elementor-section-height-default parallax_section_no qode_elementor_container_no\" data-id=\"0cdddc4\" data-element_type=\"section\" data-e-type=\"section\">\n\t\t\t\t\t\t<div class=\"elementor-container elementor-column-gap-default\">\n\t\t\t\t\t<div class=\"elementor-column elementor-col-100 elementor-top-column elementor-element elementor-element-b64cba5\" data-id=\"b64cba5\" data-element_type=\"column\" data-e-type=\"column\">\n\t\t\t<div class=\"elementor-widget-wrap elementor-element-populated\">\n\t\t\t\t\t\t<div class=\"elementor-element elementor-element-ea4e881 elementor-widget elementor-widget-heading\" data-id=\"ea4e881\" data-element_type=\"widget\" data-e-type=\"widget\" data-widget_type=\"heading.default\">\n\t\t\t\t<div class=\"elementor-widget-container\">\n\t\t\t\t\t<h2 class=\"elementor-heading-title elementor-size-default\">Qu\u00e8 fer a Lleida amb nens?<\/h2>\t\t\t\t<\/div>\n\t\t\t\t<\/div>\n\t\t\t\t\t<\/div>\n\t\t<\/div>\n\t\t\t\t\t<\/div>\n\t\t<\/section>\n\t\t\t\t<section class=\"elementor-section elementor-top-section elementor-element elementor-element-542eb9e elementor-section-boxed elementor-section-height-default elementor-section-height-default parallax_section_no qode_elementor_container_no\" data-id=\"542eb9e\" data-element_type=\"section\" data-e-type=\"section\">\n\t\t\t\t\t\t<div class=\"elementor-container elementor-column-gap-default\">\n\t\t\t\t\t<div class=\"elementor-column elementor-col-100 elementor-top-column elementor-element elementor-element-82d0473\" data-id=\"82d0473\" data-element_type=\"column\" data-e-type=\"column\">\n\t\t\t<div class=\"elementor-widget-wrap elementor-element-populated\">\n\t\t\t\t\t\t<div class=\"elementor-element elementor-element-b088e30 elementor-widget elementor-widget-image\" data-id=\"b088e30\" data-element_type=\"widget\" data-e-type=\"widget\" data-widget_type=\"image.default\">\n\t\t\t\t<div class=\"elementor-widget-container\">\n\t\t\t\t\t\t\t\t\t\t\t\t\t\t\t<img decoding=\"async\" width=\"500\" height=\"429\" src=\"https:\/\/casadelspeixos.cat\/wp-content\/uploads\/2023\/03\/FAMILIA--500x429.jpg\" class=\"attachment-portfolio_masonry_regular size-portfolio_masonry_regular wp-image-6792\" alt=\"Fam\u00edlia somrient amb el pare la mare un fill i una filla amb el gest a la m\u00e0 de super\u00a1\u00a1\" \/>\t\t\t\t\t\t\t\t\t\t\t\t\t\t\t<\/div>\n\t\t\t\t<\/div>\n\t\t\t\t\t<\/div>\n\t\t<\/div>\n\t\t\t\t\t<\/div>\n\t\t<\/section>\n\t\t\t\t<section class=\"elementor-section elementor-top-section elementor-element elementor-element-996bd13 elementor-section-boxed elementor-section-height-default elementor-section-height-default parallax_section_no qode_elementor_container_no\" data-id=\"996bd13\" data-element_type=\"section\" data-e-type=\"section\">\n\t\t\t\t\t\t<div class=\"elementor-container elementor-column-gap-default\">\n\t\t\t\t\t<div class=\"elementor-column elementor-col-100 elementor-top-column elementor-element elementor-element-488e905\" data-id=\"488e905\" data-element_type=\"column\" data-e-type=\"column\">\n\t\t\t<div class=\"elementor-widget-wrap elementor-element-populated\">\n\t\t\t\t\t\t<div class=\"elementor-element elementor-element-c250e2f elementor-widget elementor-widget-text-editor\" data-id=\"c250e2f\" data-element_type=\"widget\" data-e-type=\"widget\" data-widget_type=\"text-editor.default\">\n\t\t\t\t<div class=\"elementor-widget-container\">\n\t\t\t\t\t\t\t\t\t<p>Anem al gra! Et mostrem les millors activitats que fer a Lleida amb nens, perqu\u00e8 passeu unes vacances inoblidables en fam\u00edlia.<\/p>\t\t\t\t\t\t\t\t<\/div>\n\t\t\t\t<\/div>\n\t\t\t\t\t<\/div>\n\t\t<\/div>\n\t\t\t\t\t<\/div>\n\t\t<\/section>\n\t\t\t\t<section class=\"elementor-section elementor-top-section elementor-element elementor-element-8949563 elementor-section-boxed elementor-section-height-default elementor-section-height-default parallax_section_no qode_elementor_container_no\" data-id=\"8949563\" data-element_type=\"section\" data-e-type=\"section\">\n\t\t\t\t\t\t<div class=\"elementor-container elementor-column-gap-default\">\n\t\t\t\t\t<div class=\"elementor-column elementor-col-100 elementor-top-column elementor-element elementor-element-f3ef640\" data-id=\"f3ef640\" data-element_type=\"column\" data-e-type=\"column\">\n\t\t\t<div class=\"elementor-widget-wrap elementor-element-populated\">\n\t\t\t\t\t\t<div class=\"elementor-element elementor-element-9092c8c elementor-widget elementor-widget-heading\" data-id=\"9092c8c\" data-element_type=\"widget\" data-e-type=\"widget\" data-widget_type=\"heading.default\">\n\t\t\t\t<div class=\"elementor-widget-container\">\n\t\t\t\t\t<h2 class=\"elementor-heading-title elementor-size-default\">Ves al parc<\/h2>\t\t\t\t<\/div>\n\t\t\t\t<\/div>\n\t\t\t\t\t<\/div>\n\t\t<\/div>\n\t\t\t\t\t<\/div>\n\t\t<\/section>\n\t\t\t\t<section class=\"elementor-section elementor-top-section elementor-element elementor-element-df0288d elementor-section-boxed elementor-section-height-default elementor-section-height-default parallax_section_no qode_elementor_container_no\" data-id=\"df0288d\" data-element_type=\"section\" data-e-type=\"section\">\n\t\t\t\t\t\t<div class=\"elementor-container elementor-column-gap-default\">\n\t\t\t\t\t<div class=\"elementor-column elementor-col-100 elementor-top-column elementor-element elementor-element-eaf4fa2\" data-id=\"eaf4fa2\" data-element_type=\"column\" data-e-type=\"column\">\n\t\t\t<div class=\"elementor-widget-wrap elementor-element-populated\">\n\t\t\t\t\t\t<div class=\"elementor-element elementor-element-d48d252 elementor-widget elementor-widget-image\" data-id=\"d48d252\" data-element_type=\"widget\" data-e-type=\"widget\" data-widget_type=\"image.default\">\n\t\t\t\t<div class=\"elementor-widget-container\">\n\t\t\t\t\t\t\t\t\t\t\t\t\t\t\t<img decoding=\"async\" width=\"500\" height=\"443\" src=\"https:\/\/casadelspeixos.cat\/wp-content\/uploads\/2023\/03\/PARC-LLEIDA.jpg\" class=\"attachment-portfolio_masonry_regular size-portfolio_masonry_regular wp-image-6796\" alt=\"Preciosa zona per passejar i jugar amb nens. Arbres gegants que donen una ombra magn\u00edfica per gaudir dels jocs i passejades amb ells\" srcset=\"https:\/\/casadelspeixos.cat\/wp-content\/uploads\/2023\/03\/PARC-LLEIDA.jpg 500w, https:\/\/casadelspeixos.cat\/wp-content\/uploads\/2023\/03\/PARC-LLEIDA-300x266.jpg 300w\" sizes=\"(max-width: 500px) 100vw, 500px\" \/>\t\t\t\t\t\t\t\t\t\t\t\t\t\t\t<\/div>\n\t\t\t\t<\/div>\n\t\t\t\t\t<\/div>\n\t\t<\/div>\n\t\t\t\t\t<\/div>\n\t\t<\/section>\n\t\t\t\t<section class=\"elementor-section elementor-top-section elementor-element elementor-element-691b665 elementor-section-boxed elementor-section-height-default elementor-section-height-default parallax_section_no qode_elementor_container_no\" data-id=\"691b665\" data-element_type=\"section\" data-e-type=\"section\">\n\t\t\t\t\t\t<div class=\"elementor-container elementor-column-gap-default\">\n\t\t\t\t\t<div class=\"elementor-column elementor-col-100 elementor-top-column elementor-element elementor-element-8db1494\" data-id=\"8db1494\" data-element_type=\"column\" data-e-type=\"column\">\n\t\t\t<div class=\"elementor-widget-wrap elementor-element-populated\">\n\t\t\t\t\t\t<div class=\"elementor-element elementor-element-0513abc elementor-widget elementor-widget-text-editor\" data-id=\"0513abc\" data-element_type=\"widget\" data-e-type=\"widget\" data-widget_type=\"text-editor.default\">\n\t\t\t\t<div class=\"elementor-widget-container\">\n\t\t\t\t\t\t\t\t\t<p>Si est\u00e0s ubicat a la ciutat de Lleida et recomanem que puguis portar el teu fill al parc, ja que no t\u00e9 res a veure amb els parcs infantils a qu\u00e8 estem acostumats a les grans ciutats, on hi ha quatre gronxadors i un tobogan.<\/p><p>\u00a0<\/p><p>Els parcs infantils a Lleida s\u00f3n aut\u00e8ntics boscos on els teus fills coneixeran l&#8217;ess\u00e8ncia de la natura, en un entorn protegit.<\/p>\t\t\t\t\t\t\t\t<\/div>\n\t\t\t\t<\/div>\n\t\t\t\t\t<\/div>\n\t\t<\/div>\n\t\t\t\t\t<\/div>\n\t\t<\/section>\n\t\t\t\t<section class=\"elementor-section elementor-top-section elementor-element elementor-element-ea112d9 elementor-section-boxed elementor-section-height-default elementor-section-height-default parallax_section_no qode_elementor_container_no\" data-id=\"ea112d9\" data-element_type=\"section\" data-e-type=\"section\">\n\t\t\t\t\t\t<div class=\"elementor-container elementor-column-gap-default\">\n\t\t\t\t\t<div class=\"elementor-column elementor-col-100 elementor-top-column elementor-element elementor-element-b160493\" data-id=\"b160493\" data-element_type=\"column\" data-e-type=\"column\">\n\t\t\t<div class=\"elementor-widget-wrap elementor-element-populated\">\n\t\t\t\t\t\t<div class=\"elementor-element elementor-element-68099c5 elementor-widget elementor-widget-heading\" data-id=\"68099c5\" data-element_type=\"widget\" data-e-type=\"widget\" data-widget_type=\"heading.default\">\n\t\t\t\t<div class=\"elementor-widget-container\">\n\t\t\t\t\t<h2 class=\"elementor-heading-title elementor-size-default\">Organitza una excursi\u00f3 al llac de Sant Maurici<\/h2>\t\t\t\t<\/div>\n\t\t\t\t<\/div>\n\t\t\t\t\t<\/div>\n\t\t<\/div>\n\t\t\t\t\t<\/div>\n\t\t<\/section>\n\t\t\t\t<section class=\"elementor-section elementor-top-section elementor-element elementor-element-c8c00aa elementor-section-boxed elementor-section-height-default elementor-section-height-default parallax_section_no qode_elementor_container_no\" data-id=\"c8c00aa\" data-element_type=\"section\" data-e-type=\"section\">\n\t\t\t\t\t\t<div class=\"elementor-container elementor-column-gap-default\">\n\t\t\t\t\t<div class=\"elementor-column elementor-col-100 elementor-top-column elementor-element elementor-element-aa90572\" data-id=\"aa90572\" data-element_type=\"column\" data-e-type=\"column\">\n\t\t\t<div class=\"elementor-widget-wrap elementor-element-populated\">\n\t\t\t\t\t\t<div class=\"elementor-element elementor-element-23007f4 elementor-widget elementor-widget-image\" data-id=\"23007f4\" data-element_type=\"widget\" data-e-type=\"widget\" data-widget_type=\"image.default\">\n\t\t\t\t<div class=\"elementor-widget-container\">\n\t\t\t\t\t\t\t\t\t\t\t\t\t\t\t<img loading=\"lazy\" decoding=\"async\" width=\"500\" height=\"435\" src=\"https:\/\/casadelspeixos.cat\/wp-content\/uploads\/2023\/03\/SANNT-MAURICI-500x435.jpg\" class=\"attachment-portfolio_masonry_regular size-portfolio_masonry_regular wp-image-6800\" alt=\"Llac envoltat d&#039;alta muntanya al fons al cel unes nuvolades que semblen cot\u00f3. cam\u00ed que voreja el llac amb un nen\" \/>\t\t\t\t\t\t\t\t\t\t\t\t\t\t\t<\/div>\n\t\t\t\t<\/div>\n\t\t\t\t\t<\/div>\n\t\t<\/div>\n\t\t\t\t\t<\/div>\n\t\t<\/section>\n\t\t\t\t<section class=\"elementor-section elementor-top-section elementor-element elementor-element-5ca152c elementor-section-boxed elementor-section-height-default elementor-section-height-default parallax_section_no qode_elementor_container_no\" data-id=\"5ca152c\" data-element_type=\"section\" data-e-type=\"section\">\n\t\t\t\t\t\t<div class=\"elementor-container elementor-column-gap-default\">\n\t\t\t\t\t<div class=\"elementor-column elementor-col-100 elementor-top-column elementor-element elementor-element-1de232d\" data-id=\"1de232d\" data-element_type=\"column\" data-e-type=\"column\">\n\t\t\t<div class=\"elementor-widget-wrap elementor-element-populated\">\n\t\t\t\t\t\t<div class=\"elementor-element elementor-element-dd1c316 elementor-widget elementor-widget-text-editor\" data-id=\"dd1c316\" data-element_type=\"widget\" data-e-type=\"widget\" data-widget_type=\"text-editor.default\">\n\t\t\t\t<div class=\"elementor-widget-container\">\n\t\t\t\t\t\t\t\t\t<p>Al Parc Natural d&#8217;Aiguestortes hi ha el llac de Sant Maurici, un veritable espectacle natural que els teus fills no es poden perdre. Si els nens tenen m\u00e9s de 8 anys i tenen una bona forma f\u00edsica, et recomanem que puguis fer la ruta de senderisme que va des del poble d&#8217;Espot, fins al llac. El cam\u00ed no \u00e9s dif\u00edcil i et prendr\u00e0 una hora i mitja.<\/p><p>\u00a0<\/p><p>Per\u00f2, si aneu acompanyats de nens m\u00e9s petits, al mateix p\u00e0rquing d&#8217;Espot tindr\u00e0s l&#8217;oportunitat de contractar un tot terreny que et porti fins al llac. D&#8217;aquesta manera podreu gaudir de les impressionants vistes, tamb\u00e9 amb els m\u00e9s petits de la casa.<\/p>\t\t\t\t\t\t\t\t<\/div>\n\t\t\t\t<\/div>\n\t\t\t\t\t<\/div>\n\t\t<\/div>\n\t\t\t\t\t<\/div>\n\t\t<\/section>\n\t\t\t\t<section class=\"elementor-section elementor-top-section elementor-element elementor-element-5d6043a elementor-section-boxed elementor-section-height-default elementor-section-height-default parallax_section_no qode_elementor_container_no\" data-id=\"5d6043a\" data-element_type=\"section\" data-e-type=\"section\">\n\t\t\t\t\t\t<div class=\"elementor-container elementor-column-gap-default\">\n\t\t\t\t\t<div class=\"elementor-column elementor-col-100 elementor-top-column elementor-element elementor-element-2976488\" data-id=\"2976488\" data-element_type=\"column\" data-e-type=\"column\">\n\t\t\t<div class=\"elementor-widget-wrap elementor-element-populated\">\n\t\t\t\t\t\t<div class=\"elementor-element elementor-element-bac7479 elementor-widget elementor-widget-image\" data-id=\"bac7479\" data-element_type=\"widget\" data-e-type=\"widget\" data-widget_type=\"image.default\">\n\t\t\t\t<div class=\"elementor-widget-container\">\n\t\t\t\t\t\t\t\t\t\t\t\t\t\t\t\t<a href=\"https:\/\/casadelspeixos.cat\/ca\/contacte\/?utm_source=blog&#038;utm_medium=banner\" rel=\"nofollow\">\n\t\t\t\t\t\t\t<img fetchpriority=\"high\" decoding=\"async\" width=\"728\" height=\"90\" src=\"https:\/\/casadelspeixos.cat\/wp-content\/uploads\/2022\/05\/lloga-una-casa-rural-a-la-baronia-de-rialb.png\" class=\"attachment-large size-large wp-image-7701\" alt=\"casa rural a la baronia de rialb\" srcset=\"https:\/\/casadelspeixos.cat\/wp-content\/uploads\/2022\/05\/lloga-una-casa-rural-a-la-baronia-de-rialb.png 728w, https:\/\/casadelspeixos.cat\/wp-content\/uploads\/2022\/05\/lloga-una-casa-rural-a-la-baronia-de-rialb-300x37.png 300w, https:\/\/casadelspeixos.cat\/wp-content\/uploads\/2022\/05\/lloga-una-casa-rural-a-la-baronia-de-rialb-700x87.png 700w\" sizes=\"(max-width: 728px) 100vw, 728px\" \/>\t\t\t\t\t\t\t\t<\/a>\n\t\t\t\t\t\t\t\t\t\t\t\t\t\t\t<\/div>\n\t\t\t\t<\/div>\n\t\t\t\t\t<\/div>\n\t\t<\/div>\n\t\t\t\t\t<\/div>\n\t\t<\/section>\n\t\t\t\t<section class=\"elementor-section elementor-top-section elementor-element elementor-element-87ecf0e elementor-section-boxed elementor-section-height-default elementor-section-height-default parallax_section_no qode_elementor_container_no\" data-id=\"87ecf0e\" data-element_type=\"section\" data-e-type=\"section\">\n\t\t\t\t\t\t<div class=\"elementor-container elementor-column-gap-default\">\n\t\t\t\t\t<div class=\"elementor-column elementor-col-100 elementor-top-column elementor-element elementor-element-cab306a\" data-id=\"cab306a\" data-element_type=\"column\" data-e-type=\"column\">\n\t\t\t<div class=\"elementor-widget-wrap elementor-element-populated\">\n\t\t\t\t\t\t<div class=\"elementor-element elementor-element-1856e0f elementor-widget elementor-widget-heading\" data-id=\"1856e0f\" data-element_type=\"widget\" data-e-type=\"widget\" data-widget_type=\"heading.default\">\n\t\t\t\t<div class=\"elementor-widget-container\">\n\t\t\t\t\t<h2 class=\"elementor-heading-title elementor-size-default\">El Congost de Mont-Rebei amb kayak<\/h2>\t\t\t\t<\/div>\n\t\t\t\t<\/div>\n\t\t\t\t\t<\/div>\n\t\t<\/div>\n\t\t\t\t\t<\/div>\n\t\t<\/section>\n\t\t\t\t<section class=\"elementor-section elementor-top-section elementor-element elementor-element-b9dc4f0 elementor-section-boxed elementor-section-height-default elementor-section-height-default parallax_section_no qode_elementor_container_no\" data-id=\"b9dc4f0\" data-element_type=\"section\" data-e-type=\"section\">\n\t\t\t\t\t\t<div class=\"elementor-container elementor-column-gap-default\">\n\t\t\t\t\t<div class=\"elementor-column elementor-col-100 elementor-top-column elementor-element elementor-element-e291bb1\" data-id=\"e291bb1\" data-element_type=\"column\" data-e-type=\"column\">\n\t\t\t<div class=\"elementor-widget-wrap elementor-element-populated\">\n\t\t\t\t\t\t<div class=\"elementor-element elementor-element-3f245fd elementor-widget elementor-widget-image\" data-id=\"3f245fd\" data-element_type=\"widget\" data-e-type=\"widget\" data-widget_type=\"image.default\">\n\t\t\t\t<div class=\"elementor-widget-container\">\n\t\t\t\t\t\t\t\t\t\t\t\t\t\t\t<img loading=\"lazy\" decoding=\"async\" width=\"500\" height=\"500\" src=\"https:\/\/casadelspeixos.cat\/wp-content\/uploads\/2023\/03\/KAYAC-MONT-REBEI-1-500x500.jpg\" class=\"attachment-portfolio_masonry_regular size-portfolio_masonry_regular wp-image-6803\" alt=\"Congost del Congost amb les muntanyes rocoses. Al centre es veu nom\u00e9s el principi del Kayack que va recorrent en aig\u00fces tranquil\u00b7les aquest congost\" srcset=\"https:\/\/casadelspeixos.cat\/wp-content\/uploads\/2023\/03\/KAYAC-MONT-REBEI-1-500x500.jpg 500w, https:\/\/casadelspeixos.cat\/wp-content\/uploads\/2023\/03\/KAYAC-MONT-REBEI-1-150x150.jpg 150w, https:\/\/casadelspeixos.cat\/wp-content\/uploads\/2023\/03\/KAYAC-MONT-REBEI-1-570x570.jpg 570w\" sizes=\"(max-width: 500px) 100vw, 500px\" \/>\t\t\t\t\t\t\t\t\t\t\t\t\t\t\t<\/div>\n\t\t\t\t<\/div>\n\t\t\t\t\t<\/div>\n\t\t<\/div>\n\t\t\t\t\t<\/div>\n\t\t<\/section>\n\t\t\t\t<section class=\"elementor-section elementor-top-section elementor-element elementor-element-9a695ae elementor-section-boxed elementor-section-height-default elementor-section-height-default parallax_section_no qode_elementor_container_no\" data-id=\"9a695ae\" data-element_type=\"section\" data-e-type=\"section\">\n\t\t\t\t\t\t<div class=\"elementor-container elementor-column-gap-default\">\n\t\t\t\t\t<div class=\"elementor-column elementor-col-100 elementor-top-column elementor-element elementor-element-43332b4\" data-id=\"43332b4\" data-element_type=\"column\" data-e-type=\"column\">\n\t\t\t<div class=\"elementor-widget-wrap elementor-element-populated\">\n\t\t\t\t\t\t<div class=\"elementor-element elementor-element-bfdd3f1 elementor-widget elementor-widget-text-editor\" data-id=\"bfdd3f1\" data-element_type=\"widget\" data-e-type=\"widget\" data-widget_type=\"text-editor.default\">\n\t\t\t\t<div class=\"elementor-widget-container\">\n\t\t\t\t\t\t\t\t\t<p>El Congost de Mont-Rebei \u00e9s un congost creat per l&#8217;erosi\u00f3 del riu Noguera i s&#8217;ha convertit en un lloc ple d&#8217;activitats on podreu trobar les millors idees de qu\u00e8 fer a Lleida amb nens. Pots triar una de les rutes de senderisme que recorren el congost, per obtenir unes bones vistes, per\u00f2 avui et volem proposar una mica m\u00e9s divertit.<\/p><p>\u00a0<\/p><p>Us suggerim que pugueu llogar un caiac per rec\u00f3rrer el riu al vostre ritme i gaudir del mateix paisatge, per\u00f2 des d&#8217;un altre punt de vista. T&#8217;atreveixes?<\/p>\t\t\t\t\t\t\t\t<\/div>\n\t\t\t\t<\/div>\n\t\t\t\t\t<\/div>\n\t\t<\/div>\n\t\t\t\t\t<\/div>\n\t\t<\/section>\n\t\t\t\t<section class=\"elementor-section elementor-top-section elementor-element elementor-element-be3be1b elementor-section-boxed elementor-section-height-default elementor-section-height-default parallax_section_no qode_elementor_container_no\" data-id=\"be3be1b\" data-element_type=\"section\" data-e-type=\"section\">\n\t\t\t\t\t\t<div class=\"elementor-container elementor-column-gap-default\">\n\t\t\t\t\t<div class=\"elementor-column elementor-col-100 elementor-top-column elementor-element elementor-element-13bb410\" data-id=\"13bb410\" data-element_type=\"column\" data-e-type=\"column\">\n\t\t\t<div class=\"elementor-widget-wrap elementor-element-populated\">\n\t\t\t\t\t\t<div class=\"elementor-element elementor-element-d54adda elementor-widget elementor-widget-heading\" data-id=\"d54adda\" data-element_type=\"widget\" data-e-type=\"widget\" data-widget_type=\"heading.default\">\n\t\t\t\t<div class=\"elementor-widget-container\">\n\t\t\t\t\t<h2 class=\"elementor-heading-title elementor-size-default\">Activitat infantil a la Seu Vella<\/h2>\t\t\t\t<\/div>\n\t\t\t\t<\/div>\n\t\t\t\t\t<\/div>\n\t\t<\/div>\n\t\t\t\t\t<\/div>\n\t\t<\/section>\n\t\t\t\t<section class=\"elementor-section elementor-top-section elementor-element elementor-element-d8bcfb2 elementor-section-boxed elementor-section-height-default elementor-section-height-default parallax_section_no qode_elementor_container_no\" data-id=\"d8bcfb2\" data-element_type=\"section\" data-e-type=\"section\">\n\t\t\t\t\t\t<div class=\"elementor-container elementor-column-gap-default\">\n\t\t\t\t\t<div class=\"elementor-column elementor-col-100 elementor-top-column elementor-element elementor-element-2689081\" data-id=\"2689081\" data-element_type=\"column\" data-e-type=\"column\">\n\t\t\t<div class=\"elementor-widget-wrap elementor-element-populated\">\n\t\t\t\t\t\t<div class=\"elementor-element elementor-element-abfcd6e elementor-widget elementor-widget-image\" data-id=\"abfcd6e\" data-element_type=\"widget\" data-e-type=\"widget\" data-widget_type=\"image.default\">\n\t\t\t\t<div class=\"elementor-widget-container\">\n\t\t\t\t\t\t\t\t\t\t\t\t\t\t\t<img loading=\"lazy\" decoding=\"async\" width=\"350\" height=\"500\" src=\"https:\/\/casadelspeixos.cat\/wp-content\/uploads\/2023\/03\/SEU-VELLA.jpg\" class=\"attachment-portfolio_masonry_regular size-portfolio_masonry_regular wp-image-6806\" alt=\"Interior de la Seu Vella amb els seus majestuosos arcs\" srcset=\"https:\/\/casadelspeixos.cat\/wp-content\/uploads\/2023\/03\/SEU-VELLA.jpg 350w, https:\/\/casadelspeixos.cat\/wp-content\/uploads\/2023\/03\/SEU-VELLA-210x300.jpg 210w\" sizes=\"(max-width: 350px) 100vw, 350px\" \/>\t\t\t\t\t\t\t\t\t\t\t\t\t\t\t<\/div>\n\t\t\t\t<\/div>\n\t\t\t\t\t<\/div>\n\t\t<\/div>\n\t\t\t\t\t<\/div>\n\t\t<\/section>\n\t\t\t\t<section class=\"elementor-section elementor-top-section elementor-element elementor-element-cc12925 elementor-section-boxed elementor-section-height-default elementor-section-height-default parallax_section_no qode_elementor_container_no\" data-id=\"cc12925\" data-element_type=\"section\" data-e-type=\"section\">\n\t\t\t\t\t\t<div class=\"elementor-container elementor-column-gap-default\">\n\t\t\t\t\t<div class=\"elementor-column elementor-col-100 elementor-top-column elementor-element elementor-element-5f402e3\" data-id=\"5f402e3\" data-element_type=\"column\" data-e-type=\"column\">\n\t\t\t<div class=\"elementor-widget-wrap elementor-element-populated\">\n\t\t\t\t\t\t<div class=\"elementor-element elementor-element-3fc5aef elementor-widget elementor-widget-text-editor\" data-id=\"3fc5aef\" data-element_type=\"widget\" data-e-type=\"widget\" data-widget_type=\"text-editor.default\">\n\t\t\t\t<div class=\"elementor-widget-container\">\n\t\t\t\t\t\t\t\t\t<p>La Seu Vella \u00e9s la catedral de la ciutat de Lleida i un dels punts m\u00e9s ic\u00f2nics de tota la prov\u00edncia. Al seu interior podr\u00e0s trobar una gran quantitat de visites guiades que et permetran rec\u00f3rrer l&#8217;espai, encara que tamb\u00e9 pots triar fer-ho pel teu compte a trav\u00e9s dels codis QR.<\/p><p>\u00a0<\/p><p>Aquest edifici emblem\u00e0tic ofereix un itinerari autoguiat especial per a nens, que es diu A la recerca de la Blau. A trav\u00e9s de diferents enigmes i explicacions, els m\u00e9s petits de la casa hauran de resoldre aquesta hist\u00f2ria misteriosa. Aquesta activitat que fer a Lleida amb nens els permetr\u00e0 aprendre la hist\u00f2ria de la ciutat, alhora que s&#8217;ho passen d&#8217;all\u00f2 m\u00e9s b\u00e9.<\/p><p>\u00a0<\/p><p>Ara ja tens algunes idees sobre qu\u00e8 fer a Lleida amb nens. Et recomanem que puguis organitzar una mica la teva ruta per saber qu\u00e8 \u00e9s el que t&#8217;agradaria fer i veure cada dia, per\u00f2 que sempre estiguis lliure per improvisar, ja que, amb els nens mai no se sap!<\/p>\t\t\t\t\t\t\t\t<\/div>\n\t\t\t\t<\/div>\n\t\t\t\t\t<\/div>\n\t\t<\/div>\n\t\t\t\t\t<\/div>\n\t\t<\/section>\n\t\t\t\t<\/div>\n\t\t","protected":false},"excerpt":{"rendered":"<p>Si est\u00e0s planificant qu\u00e8 fer a Lleida amb nens, segueix llegint perqu\u00e8 tot seguit t&#8217;expliquem tot el que cal saber. \u00a0 Tenir un temps de vacances acompanyat dels nens no \u00e9s el mateix que viatjar sol i segurament ja t&#8217;has adonat si ets el pare&#8230;<\/p>\n","protected":false},"author":2,"featured_media":6812,"comment_status":"open","ping_status":"open","sticky":false,"template":"","format":"standard","meta":{"_joinchat":[],"footnotes":""},"categories":[24],"tags":[],"class_list":["post-7033","post","type-post","status-publish","format-standard","has-post-thumbnail","hentry","category-blog-2"],"yoast_head":"<!-- This site is optimized with the Yoast SEO Premium plugin v20.1 (Yoast SEO v27.5) - https:\/\/yoast.com\/product\/yoast-seo-premium-wordpress\/ -->\n<title>Qu\u00e8 fer a Lleida amb nens? &#8226; Casa dels Peixos<\/title>\n<meta name=\"description\" content=\"Est\u00e0s buscant informaci\u00f3 sobre qu\u00e8 fer a lleida amb nens? \u2705 T&#039;expliquem tot el que has de saber sobre qu\u00e8 fer a lleida amb nens de Lleida\" \/>\n<meta name=\"robots\" content=\"index, follow, max-snippet:-1, max-image-preview:large, max-video-preview:-1\" \/>\n<link rel=\"canonical\" href=\"https:\/\/casadelspeixos.cat\/ca\/wp-json\/wp\/v2\/posts\/7033\" \/>\n<meta property=\"og:locale\" content=\"ca_ES\" \/>\n<meta property=\"og:type\" content=\"article\" \/>\n<meta property=\"og:title\" content=\"Qu\u00e8 fer a Lleida amb nens?\" \/>\n<meta property=\"og:description\" content=\"Est\u00e0s buscant informaci\u00f3 sobre qu\u00e8 fer a lleida amb nens? \u2705 T&#039;expliquem tot el que has de saber sobre qu\u00e8 fer a lleida amb nens de Lleida\" \/>\n<meta property=\"og:url\" content=\"https:\/\/casadelspeixos.cat\/ca\/blog-2\/que-fer-a-lleida-amb-nens\/\" \/>\n<meta property=\"og:site_name\" content=\"Casa dels Peixos\" \/>\n<meta property=\"article:publisher\" content=\"https:\/\/www.facebook.com\/lacasadelspeixos\/\" \/>\n<meta property=\"article:published_time\" content=\"2023-03-28T16:24:45+00:00\" \/>\n<meta property=\"article:modified_time\" content=\"2023-06-14T15:06:45+00:00\" \/>\n<meta property=\"og:image\" content=\"https:\/\/casadelspeixos.cat\/wp-content\/uploads\/2023\/03\/IMG_2294.jpg\" \/>\n\t<meta property=\"og:image:width\" content=\"1881\" \/>\n\t<meta property=\"og:image:height\" content=\"2096\" \/>\n\t<meta property=\"og:image:type\" content=\"image\/jpeg\" \/>\n<meta name=\"author\" content=\"Casa dels Peixos\" \/>\n<meta name=\"twitter:card\" content=\"summary_large_image\" \/>\n<meta name=\"twitter:label1\" content=\"Escrit per\" \/>\n\t<meta name=\"twitter:data1\" content=\"Casa dels Peixos\" \/>\n\t<meta name=\"twitter:label2\" content=\"Temps estimat de lectura\" \/>\n\t<meta name=\"twitter:data2\" content=\"4 minuts\" \/>\n<script type=\"application\/ld+json\" class=\"yoast-schema-graph\">{\"@context\":\"https:\\\/\\\/schema.org\",\"@graph\":[{\"@type\":\"Article\",\"@id\":\"https:\\\/\\\/casadelspeixos.cat\\\/ca\\\/blog-2\\\/que-fer-a-lleida-amb-nens\\\/#article\",\"isPartOf\":{\"@id\":\"https:\\\/\\\/casadelspeixos.cat\\\/ca\\\/blog-2\\\/que-fer-a-lleida-amb-nens\\\/\"},\"author\":{\"name\":\"Casa dels Peixos\",\"@id\":\"https:\\\/\\\/casadelspeixos.cat\\\/#\\\/schema\\\/person\\\/8ade7b5ce60430b661080abd10e6b6dd\"},\"headline\":\"Qu\u00e8 fer a Lleida amb nens?\",\"datePublished\":\"2023-03-28T16:24:45+00:00\",\"dateModified\":\"2023-06-14T15:06:45+00:00\",\"mainEntityOfPage\":{\"@id\":\"https:\\\/\\\/casadelspeixos.cat\\\/ca\\\/blog-2\\\/que-fer-a-lleida-amb-nens\\\/\"},\"wordCount\":841,\"commentCount\":0,\"publisher\":{\"@id\":\"https:\\\/\\\/casadelspeixos.cat\\\/#organization\"},\"image\":{\"@id\":\"https:\\\/\\\/casadelspeixos.cat\\\/ca\\\/blog-2\\\/que-fer-a-lleida-amb-nens\\\/#primaryimage\"},\"thumbnailUrl\":\"https:\\\/\\\/casadelspeixos.cat\\\/wp-content\\\/uploads\\\/2023\\\/03\\\/IMG_2294.jpg\",\"articleSection\":[\"Blog\"],\"inLanguage\":\"ca\",\"potentialAction\":[{\"@type\":\"CommentAction\",\"name\":\"Comment\",\"target\":[\"https:\\\/\\\/casadelspeixos.cat\\\/ca\\\/blog-2\\\/que-fer-a-lleida-amb-nens\\\/#respond\"]}]},{\"@type\":\"WebPage\",\"@id\":\"https:\\\/\\\/casadelspeixos.cat\\\/ca\\\/blog-2\\\/que-fer-a-lleida-amb-nens\\\/\",\"url\":\"https:\\\/\\\/casadelspeixos.cat\\\/ca\\\/blog-2\\\/que-fer-a-lleida-amb-nens\\\/\",\"name\":\"Qu\u00e8 fer a Lleida amb nens? &#8226; Casa dels Peixos\",\"isPartOf\":{\"@id\":\"https:\\\/\\\/casadelspeixos.cat\\\/#website\"},\"primaryImageOfPage\":{\"@id\":\"https:\\\/\\\/casadelspeixos.cat\\\/ca\\\/blog-2\\\/que-fer-a-lleida-amb-nens\\\/#primaryimage\"},\"image\":{\"@id\":\"https:\\\/\\\/casadelspeixos.cat\\\/ca\\\/blog-2\\\/que-fer-a-lleida-amb-nens\\\/#primaryimage\"},\"thumbnailUrl\":\"https:\\\/\\\/casadelspeixos.cat\\\/wp-content\\\/uploads\\\/2023\\\/03\\\/IMG_2294.jpg\",\"datePublished\":\"2023-03-28T16:24:45+00:00\",\"dateModified\":\"2023-06-14T15:06:45+00:00\",\"description\":\"Est\u00e0s buscant informaci\u00f3 sobre qu\u00e8 fer a lleida amb nens? \u2705 T'expliquem tot el que has de saber sobre qu\u00e8 fer a lleida amb nens de Lleida\",\"breadcrumb\":{\"@id\":\"https:\\\/\\\/casadelspeixos.cat\\\/ca\\\/blog-2\\\/que-fer-a-lleida-amb-nens\\\/#breadcrumb\"},\"inLanguage\":\"ca\",\"potentialAction\":[{\"@type\":\"ReadAction\",\"target\":[\"https:\\\/\\\/casadelspeixos.cat\\\/ca\\\/blog-2\\\/que-fer-a-lleida-amb-nens\\\/\"]}]},{\"@type\":\"ImageObject\",\"inLanguage\":\"ca\",\"@id\":\"https:\\\/\\\/casadelspeixos.cat\\\/ca\\\/blog-2\\\/que-fer-a-lleida-amb-nens\\\/#primaryimage\",\"url\":\"https:\\\/\\\/casadelspeixos.cat\\\/wp-content\\\/uploads\\\/2023\\\/03\\\/IMG_2294.jpg\",\"contentUrl\":\"https:\\\/\\\/casadelspeixos.cat\\\/wp-content\\\/uploads\\\/2023\\\/03\\\/IMG_2294.jpg\",\"width\":1881,\"height\":2096,\"caption\":\"Nena i la seva mascota passejant per un pont en un paisatge id\u00edl\u00b7lic d'una regi\u00f3 rural de l'Alt Urgell\"},{\"@type\":\"BreadcrumbList\",\"@id\":\"https:\\\/\\\/casadelspeixos.cat\\\/ca\\\/blog-2\\\/que-fer-a-lleida-amb-nens\\\/#breadcrumb\",\"itemListElement\":[{\"@type\":\"ListItem\",\"position\":1,\"name\":\"Inici\",\"item\":\"https:\\\/\\\/casadelspeixos.cat\\\/\"},{\"@type\":\"ListItem\",\"position\":2,\"name\":\"Qu\u00e8 fer a Lleida amb nens?\"}]},{\"@type\":\"WebSite\",\"@id\":\"https:\\\/\\\/casadelspeixos.cat\\\/#website\",\"url\":\"https:\\\/\\\/casadelspeixos.cat\\\/\",\"name\":\"Casa dels Peixos\",\"description\":\"Casa de lloguer \u00edntegre al Pre-Pirineu Catal\u00e0\",\"publisher\":{\"@id\":\"https:\\\/\\\/casadelspeixos.cat\\\/#organization\"},\"potentialAction\":[{\"@type\":\"SearchAction\",\"target\":{\"@type\":\"EntryPoint\",\"urlTemplate\":\"https:\\\/\\\/casadelspeixos.cat\\\/?s={search_term_string}\"},\"query-input\":{\"@type\":\"PropertyValueSpecification\",\"valueRequired\":true,\"valueName\":\"search_term_string\"}}],\"inLanguage\":\"ca\"},{\"@type\":\"Organization\",\"@id\":\"https:\\\/\\\/casadelspeixos.cat\\\/#organization\",\"name\":\"Casa dels Peixos\",\"url\":\"https:\\\/\\\/casadelspeixos.cat\\\/\",\"logo\":{\"@type\":\"ImageObject\",\"inLanguage\":\"ca\",\"@id\":\"https:\\\/\\\/casadelspeixos.cat\\\/#\\\/schema\\\/logo\\\/image\\\/\",\"url\":\"https:\\\/\\\/casadelspeixos.cat\\\/wp-content\\\/uploads\\\/2020\\\/07\\\/logo-center.png\",\"contentUrl\":\"https:\\\/\\\/casadelspeixos.cat\\\/wp-content\\\/uploads\\\/2020\\\/07\\\/logo-center.png\",\"width\":376,\"height\":200,\"caption\":\"Casa dels Peixos\"},\"image\":{\"@id\":\"https:\\\/\\\/casadelspeixos.cat\\\/#\\\/schema\\\/logo\\\/image\\\/\"},\"sameAs\":[\"https:\\\/\\\/www.facebook.com\\\/lacasadelspeixos\\\/\",\"https:\\\/\\\/www.instagram.com\\\/casa_dels_peixos\\\/\"]},{\"@type\":\"Person\",\"@id\":\"https:\\\/\\\/casadelspeixos.cat\\\/#\\\/schema\\\/person\\\/8ade7b5ce60430b661080abd10e6b6dd\",\"name\":\"Casa dels Peixos\",\"image\":{\"@type\":\"ImageObject\",\"inLanguage\":\"ca\",\"@id\":\"https:\\\/\\\/secure.gravatar.com\\\/avatar\\\/056e03404aff6b8e9001d4e876f1748e550e688defbba6a2cff6095a3c34ba3d?s=96&d=mm&r=g\",\"url\":\"https:\\\/\\\/secure.gravatar.com\\\/avatar\\\/056e03404aff6b8e9001d4e876f1748e550e688defbba6a2cff6095a3c34ba3d?s=96&d=mm&r=g\",\"contentUrl\":\"https:\\\/\\\/secure.gravatar.com\\\/avatar\\\/056e03404aff6b8e9001d4e876f1748e550e688defbba6a2cff6095a3c34ba3d?s=96&d=mm&r=g\",\"caption\":\"Casa dels Peixos\"},\"sameAs\":[\"https:\\\/\\\/casadelspeixos.cat\\\/\"]}]}<\/script>\n<!-- \/ Yoast SEO Premium plugin. -->","yoast_head_json":{"title":"Qu\u00e8 fer a Lleida amb nens? &#8226; Casa dels Peixos","description":"Est\u00e0s buscant informaci\u00f3 sobre qu\u00e8 fer a lleida amb nens? \u2705 T'expliquem tot el que has de saber sobre qu\u00e8 fer a lleida amb nens de Lleida","robots":{"index":"index","follow":"follow","max-snippet":"max-snippet:-1","max-image-preview":"max-image-preview:large","max-video-preview":"max-video-preview:-1"},"canonical":"https:\/\/casadelspeixos.cat\/ca\/wp-json\/wp\/v2\/posts\/7033","og_locale":"ca_ES","og_type":"article","og_title":"Qu\u00e8 fer a Lleida amb nens?","og_description":"Est\u00e0s buscant informaci\u00f3 sobre qu\u00e8 fer a lleida amb nens? \u2705 T'expliquem tot el que has de saber sobre qu\u00e8 fer a lleida amb nens de Lleida","og_url":"https:\/\/casadelspeixos.cat\/ca\/blog-2\/que-fer-a-lleida-amb-nens\/","og_site_name":"Casa dels Peixos","article_publisher":"https:\/\/www.facebook.com\/lacasadelspeixos\/","article_published_time":"2023-03-28T16:24:45+00:00","article_modified_time":"2023-06-14T15:06:45+00:00","og_image":[{"width":1881,"height":2096,"url":"https:\/\/casadelspeixos.cat\/wp-content\/uploads\/2023\/03\/IMG_2294.jpg","type":"image\/jpeg"}],"author":"Casa dels Peixos","twitter_card":"summary_large_image","twitter_misc":{"Escrit per":"Casa dels Peixos","Temps estimat de lectura":"4 minuts"},"schema":{"@context":"https:\/\/schema.org","@graph":[{"@type":"Article","@id":"https:\/\/casadelspeixos.cat\/ca\/blog-2\/que-fer-a-lleida-amb-nens\/#article","isPartOf":{"@id":"https:\/\/casadelspeixos.cat\/ca\/blog-2\/que-fer-a-lleida-amb-nens\/"},"author":{"name":"Casa dels Peixos","@id":"https:\/\/casadelspeixos.cat\/#\/schema\/person\/8ade7b5ce60430b661080abd10e6b6dd"},"headline":"Qu\u00e8 fer a Lleida amb nens?","datePublished":"2023-03-28T16:24:45+00:00","dateModified":"2023-06-14T15:06:45+00:00","mainEntityOfPage":{"@id":"https:\/\/casadelspeixos.cat\/ca\/blog-2\/que-fer-a-lleida-amb-nens\/"},"wordCount":841,"commentCount":0,"publisher":{"@id":"https:\/\/casadelspeixos.cat\/#organization"},"image":{"@id":"https:\/\/casadelspeixos.cat\/ca\/blog-2\/que-fer-a-lleida-amb-nens\/#primaryimage"},"thumbnailUrl":"https:\/\/casadelspeixos.cat\/wp-content\/uploads\/2023\/03\/IMG_2294.jpg","articleSection":["Blog"],"inLanguage":"ca","potentialAction":[{"@type":"CommentAction","name":"Comment","target":["https:\/\/casadelspeixos.cat\/ca\/blog-2\/que-fer-a-lleida-amb-nens\/#respond"]}]},{"@type":"WebPage","@id":"https:\/\/casadelspeixos.cat\/ca\/blog-2\/que-fer-a-lleida-amb-nens\/","url":"https:\/\/casadelspeixos.cat\/ca\/blog-2\/que-fer-a-lleida-amb-nens\/","name":"Qu\u00e8 fer a Lleida amb nens? &#8226; Casa dels Peixos","isPartOf":{"@id":"https:\/\/casadelspeixos.cat\/#website"},"primaryImageOfPage":{"@id":"https:\/\/casadelspeixos.cat\/ca\/blog-2\/que-fer-a-lleida-amb-nens\/#primaryimage"},"image":{"@id":"https:\/\/casadelspeixos.cat\/ca\/blog-2\/que-fer-a-lleida-amb-nens\/#primaryimage"},"thumbnailUrl":"https:\/\/casadelspeixos.cat\/wp-content\/uploads\/2023\/03\/IMG_2294.jpg","datePublished":"2023-03-28T16:24:45+00:00","dateModified":"2023-06-14T15:06:45+00:00","description":"Est\u00e0s buscant informaci\u00f3 sobre qu\u00e8 fer a lleida amb nens? \u2705 T'expliquem tot el que has de saber sobre qu\u00e8 fer a lleida amb nens de Lleida","breadcrumb":{"@id":"https:\/\/casadelspeixos.cat\/ca\/blog-2\/que-fer-a-lleida-amb-nens\/#breadcrumb"},"inLanguage":"ca","potentialAction":[{"@type":"ReadAction","target":["https:\/\/casadelspeixos.cat\/ca\/blog-2\/que-fer-a-lleida-amb-nens\/"]}]},{"@type":"ImageObject","inLanguage":"ca","@id":"https:\/\/casadelspeixos.cat\/ca\/blog-2\/que-fer-a-lleida-amb-nens\/#primaryimage","url":"https:\/\/casadelspeixos.cat\/wp-content\/uploads\/2023\/03\/IMG_2294.jpg","contentUrl":"https:\/\/casadelspeixos.cat\/wp-content\/uploads\/2023\/03\/IMG_2294.jpg","width":1881,"height":2096,"caption":"Nena i la seva mascota passejant per un pont en un paisatge id\u00edl\u00b7lic d'una regi\u00f3 rural de l'Alt Urgell"},{"@type":"BreadcrumbList","@id":"https:\/\/casadelspeixos.cat\/ca\/blog-2\/que-fer-a-lleida-amb-nens\/#breadcrumb","itemListElement":[{"@type":"ListItem","position":1,"name":"Inici","item":"https:\/\/casadelspeixos.cat\/"},{"@type":"ListItem","position":2,"name":"Qu\u00e8 fer a Lleida amb nens?"}]},{"@type":"WebSite","@id":"https:\/\/casadelspeixos.cat\/#website","url":"https:\/\/casadelspeixos.cat\/","name":"Casa dels Peixos","description":"Casa de lloguer \u00edntegre al Pre-Pirineu Catal\u00e0","publisher":{"@id":"https:\/\/casadelspeixos.cat\/#organization"},"potentialAction":[{"@type":"SearchAction","target":{"@type":"EntryPoint","urlTemplate":"https:\/\/casadelspeixos.cat\/?s={search_term_string}"},"query-input":{"@type":"PropertyValueSpecification","valueRequired":true,"valueName":"search_term_string"}}],"inLanguage":"ca"},{"@type":"Organization","@id":"https:\/\/casadelspeixos.cat\/#organization","name":"Casa dels Peixos","url":"https:\/\/casadelspeixos.cat\/","logo":{"@type":"ImageObject","inLanguage":"ca","@id":"https:\/\/casadelspeixos.cat\/#\/schema\/logo\/image\/","url":"https:\/\/casadelspeixos.cat\/wp-content\/uploads\/2020\/07\/logo-center.png","contentUrl":"https:\/\/casadelspeixos.cat\/wp-content\/uploads\/2020\/07\/logo-center.png","width":376,"height":200,"caption":"Casa dels Peixos"},"image":{"@id":"https:\/\/casadelspeixos.cat\/#\/schema\/logo\/image\/"},"sameAs":["https:\/\/www.facebook.com\/lacasadelspeixos\/","https:\/\/www.instagram.com\/casa_dels_peixos\/"]},{"@type":"Person","@id":"https:\/\/casadelspeixos.cat\/#\/schema\/person\/8ade7b5ce60430b661080abd10e6b6dd","name":"Casa dels Peixos","image":{"@type":"ImageObject","inLanguage":"ca","@id":"https:\/\/secure.gravatar.com\/avatar\/056e03404aff6b8e9001d4e876f1748e550e688defbba6a2cff6095a3c34ba3d?s=96&d=mm&r=g","url":"https:\/\/secure.gravatar.com\/avatar\/056e03404aff6b8e9001d4e876f1748e550e688defbba6a2cff6095a3c34ba3d?s=96&d=mm&r=g","contentUrl":"https:\/\/secure.gravatar.com\/avatar\/056e03404aff6b8e9001d4e876f1748e550e688defbba6a2cff6095a3c34ba3d?s=96&d=mm&r=g","caption":"Casa dels Peixos"},"sameAs":["https:\/\/casadelspeixos.cat\/"]}]}},"_links":{"self":[{"href":"https:\/\/casadelspeixos.cat\/ca\/wp-json\/wp\/v2\/posts\/7033","targetHints":{"allow":["GET"]}}],"collection":[{"href":"https:\/\/casadelspeixos.cat\/ca\/wp-json\/wp\/v2\/posts"}],"about":[{"href":"https:\/\/casadelspeixos.cat\/ca\/wp-json\/wp\/v2\/types\/post"}],"author":[{"embeddable":true,"href":"https:\/\/casadelspeixos.cat\/ca\/wp-json\/wp\/v2\/users\/2"}],"replies":[{"embeddable":true,"href":"https:\/\/casadelspeixos.cat\/ca\/wp-json\/wp\/v2\/comments?post=7033"}],"version-history":[{"count":12,"href":"https:\/\/casadelspeixos.cat\/ca\/wp-json\/wp\/v2\/posts\/7033\/revisions"}],"predecessor-version":[{"id":7739,"href":"https:\/\/casadelspeixos.cat\/ca\/wp-json\/wp\/v2\/posts\/7033\/revisions\/7739"}],"wp:featuredmedia":[{"embeddable":true,"href":"https:\/\/casadelspeixos.cat\/ca\/wp-json\/wp\/v2\/media\/6812"}],"wp:attachment":[{"href":"https:\/\/casadelspeixos.cat\/ca\/wp-json\/wp\/v2\/media?parent=7033"}],"wp:term":[{"taxonomy":"category","embeddable":true,"href":"https:\/\/casadelspeixos.cat\/ca\/wp-json\/wp\/v2\/categories?post=7033"},{"taxonomy":"post_tag","embeddable":true,"href":"https:\/\/casadelspeixos.cat\/ca\/wp-json\/wp\/v2\/tags?post=7033"}],"curies":[{"name":"wp","href":"https:\/\/api.w.org\/{rel}","templated":true}]}}