{"id":6651,"date":"2023-03-01T15:29:31","date_gmt":"2023-03-01T14:29:31","guid":{"rendered":"https:\/\/casadelspeixos.cat\/?p=6651"},"modified":"2023-06-14T17:08:58","modified_gmt":"2023-06-14T15:08:58","slug":"on-fer-barbacoes-a-lleida-6-llocs","status":"publish","type":"post","link":"https:\/\/casadelspeixos.cat\/ca\/blog-2\/on-fer-barbacoes-a-lleida-6-llocs\/","title":{"rendered":"On fer barbacoes a Lleida? 6 llocs"},"content":{"rendered":"\t\t<div data-elementor-type=\"wp-post\" data-elementor-id=\"6651\" class=\"elementor elementor-6651\" data-elementor-post-type=\"post\">\n\t\t\t\t\t\t<section class=\"elementor-section elementor-top-section elementor-element elementor-element-5aa5923 elementor-section-boxed elementor-section-height-default elementor-section-height-default parallax_section_no qode_elementor_container_no\" data-id=\"5aa5923\" data-element_type=\"section\" data-e-type=\"section\">\n\t\t\t\t\t\t<div class=\"elementor-container elementor-column-gap-default\">\n\t\t\t\t\t<div class=\"elementor-column elementor-col-100 elementor-top-column elementor-element elementor-element-5ebc578\" data-id=\"5ebc578\" data-element_type=\"column\" data-e-type=\"column\">\n\t\t\t<div class=\"elementor-widget-wrap elementor-element-populated\">\n\t\t\t\t\t\t<div class=\"elementor-element elementor-element-1c26ed2 elementor-widget elementor-widget-text-editor\" data-id=\"1c26ed2\" data-element_type=\"widget\" data-e-type=\"widget\" data-widget_type=\"text-editor.default\">\n\t\t\t\t<div class=\"elementor-widget-container\">\n\t\t\t\t\t\t\t\t\t<p>Est\u00e0s buscant els millors llocs per fer barbacoes a Lleida? En aquest article resolem tots els teus dubtes.<\/p><p>\u00a0<\/p><p>S\u00f3n molts els espais naturals a Lleida on \u00e9s perm\u00e8s fer barbacoes. Aquests paratges estan condicionats per a l&#8217;\u00fas de foc i compten amb berenars perqu\u00e8 puguis sentir-te c\u00f2mode fent el que m\u00e9s t&#8217;agrada: passar un temps de qualitat amb les teves persones preferides.<\/p><p>\u00a0<\/p><p>Recordeu que la normativa impedeix fer foc lliurement a la muntanya per risc de provocar incendis, aix\u00ed que haureu d&#8217;escollir un dels punts que us proposem i cuidar al m\u00e0xim de l&#8217;entorn natural que us envolta.<\/p>\t\t\t\t\t\t\t\t<\/div>\n\t\t\t\t<\/div>\n\t\t\t\t\t<\/div>\n\t\t<\/div>\n\t\t\t\t\t<\/div>\n\t\t<\/section>\n\t\t\t\t<section class=\"elementor-section elementor-top-section elementor-element elementor-element-e8f32b6 elementor-section-boxed elementor-section-height-default elementor-section-height-default parallax_section_no qode_elementor_container_no\" data-id=\"e8f32b6\" data-element_type=\"section\" data-e-type=\"section\">\n\t\t\t\t\t\t<div class=\"elementor-container elementor-column-gap-default\">\n\t\t\t\t\t<div class=\"elementor-column elementor-col-100 elementor-top-column elementor-element elementor-element-c8afa09\" data-id=\"c8afa09\" data-element_type=\"column\" data-e-type=\"column\">\n\t\t\t<div class=\"elementor-widget-wrap elementor-element-populated\">\n\t\t\t\t\t\t<div class=\"elementor-element elementor-element-e583524 elementor-widget elementor-widget-spacer\" data-id=\"e583524\" data-element_type=\"widget\" data-e-type=\"widget\" data-widget_type=\"spacer.default\">\n\t\t\t\t<div class=\"elementor-widget-container\">\n\t\t\t\t\t\t\t<div class=\"elementor-spacer\">\n\t\t\t<div class=\"elementor-spacer-inner\"><\/div>\n\t\t<\/div>\n\t\t\t\t\t\t<\/div>\n\t\t\t\t<\/div>\n\t\t\t\t\t<\/div>\n\t\t<\/div>\n\t\t\t\t\t<\/div>\n\t\t<\/section>\n\t\t\t\t<section class=\"elementor-section elementor-top-section elementor-element elementor-element-67c6a7e elementor-section-boxed elementor-section-height-default elementor-section-height-default parallax_section_no qode_elementor_container_no\" data-id=\"67c6a7e\" data-element_type=\"section\" data-e-type=\"section\">\n\t\t\t\t\t\t<div class=\"elementor-container elementor-column-gap-default\">\n\t\t\t\t\t<div class=\"elementor-column elementor-col-100 elementor-top-column elementor-element elementor-element-2841ec9\" data-id=\"2841ec9\" data-element_type=\"column\" data-e-type=\"column\">\n\t\t\t<div class=\"elementor-widget-wrap elementor-element-populated\">\n\t\t\t\t\t\t<div class=\"elementor-element elementor-element-2ecec1a elementor-widget elementor-widget-heading\" data-id=\"2ecec1a\" data-element_type=\"widget\" data-e-type=\"widget\" data-widget_type=\"heading.default\">\n\t\t\t\t<div class=\"elementor-widget-container\">\n\t\t\t\t\t<h2 class=\"elementor-heading-title elementor-size-default\">Casa dels Peixos<\/h2>\t\t\t\t<\/div>\n\t\t\t\t<\/div>\n\t\t\t\t\t<\/div>\n\t\t<\/div>\n\t\t\t\t\t<\/div>\n\t\t<\/section>\n\t\t\t\t<section class=\"elementor-section elementor-top-section elementor-element elementor-element-1d4c0ec elementor-section-boxed elementor-section-height-default elementor-section-height-default parallax_section_no qode_elementor_container_no\" data-id=\"1d4c0ec\" data-element_type=\"section\" data-e-type=\"section\">\n\t\t\t\t\t\t<div class=\"elementor-container elementor-column-gap-default\">\n\t\t\t\t\t<div class=\"elementor-column elementor-col-100 elementor-top-column elementor-element elementor-element-12fb4f9\" data-id=\"12fb4f9\" data-element_type=\"column\" data-e-type=\"column\">\n\t\t\t<div class=\"elementor-widget-wrap elementor-element-populated\">\n\t\t\t\t\t\t<div class=\"elementor-element elementor-element-f8355cc elementor-widget elementor-widget-image\" data-id=\"f8355cc\" data-element_type=\"widget\" data-e-type=\"widget\" data-widget_type=\"image.default\">\n\t\t\t\t<div class=\"elementor-widget-container\">\n\t\t\t\t\t\t\t\t\t\t\t\t\t\t\t<img fetchpriority=\"high\" decoding=\"async\" width=\"935\" height=\"1024\" src=\"https:\/\/casadelspeixos.cat\/wp-content\/uploads\/2023\/03\/Comedor-exterior-Casa-dels-Peixos-935x1024.jpg\" class=\"attachment-large size-large wp-image-6629\" alt=\"Tradueix per veu 169 \/ 5.000 Resultats de traducci\u00f3 Resultat de traducci\u00f3 Taula gran de fusta amb cadires al voltant situada sota una enfiladissa que proporciona una ombra molt agradable per estar amb els teus amics o familiars. Casa dels Peixos\" srcset=\"https:\/\/casadelspeixos.cat\/wp-content\/uploads\/2023\/03\/Comedor-exterior-Casa-dels-Peixos-935x1024.jpg 935w, https:\/\/casadelspeixos.cat\/wp-content\/uploads\/2023\/03\/Comedor-exterior-Casa-dels-Peixos-274x300.jpg 274w, https:\/\/casadelspeixos.cat\/wp-content\/uploads\/2023\/03\/Comedor-exterior-Casa-dels-Peixos-768x841.jpg 768w, https:\/\/casadelspeixos.cat\/wp-content\/uploads\/2023\/03\/Comedor-exterior-Casa-dels-Peixos-1403x1536.jpg 1403w, https:\/\/casadelspeixos.cat\/wp-content\/uploads\/2023\/03\/Comedor-exterior-Casa-dels-Peixos-1871x2048.jpg 1871w, https:\/\/casadelspeixos.cat\/wp-content\/uploads\/2023\/03\/Comedor-exterior-Casa-dels-Peixos-700x766.jpg 700w\" sizes=\"(max-width: 935px) 100vw, 935px\" \/>\t\t\t\t\t\t\t\t\t\t\t\t\t\t\t<\/div>\n\t\t\t\t<\/div>\n\t\t\t\t\t<\/div>\n\t\t<\/div>\n\t\t\t\t\t<\/div>\n\t\t<\/section>\n\t\t\t\t<section class=\"elementor-section elementor-top-section elementor-element elementor-element-369b465 elementor-section-boxed elementor-section-height-default elementor-section-height-default parallax_section_no qode_elementor_container_no\" data-id=\"369b465\" data-element_type=\"section\" data-e-type=\"section\">\n\t\t\t\t\t\t<div class=\"elementor-container elementor-column-gap-default\">\n\t\t\t\t\t<div class=\"elementor-column elementor-col-100 elementor-top-column elementor-element elementor-element-f8ff271\" data-id=\"f8ff271\" data-element_type=\"column\" data-e-type=\"column\">\n\t\t\t<div class=\"elementor-widget-wrap elementor-element-populated\">\n\t\t\t\t\t\t<div class=\"elementor-element elementor-element-30aa0e6 elementor-widget elementor-widget-text-editor\" data-id=\"30aa0e6\" data-element_type=\"widget\" data-e-type=\"widget\" data-widget_type=\"text-editor.default\">\n\t\t\t\t<div class=\"elementor-widget-container\">\n\t\t\t\t\t\t\t\t\t<p>La casa dels Peixos \u00e9s el lloc perfecte per allotjar-se al cor de Lleida i passar-hi un cap de setmana envoltat dels teus, en un entorn incomparable. La casa compta amb 400m\u00b2 i t\u00e9 espai per allotjar fins a 16 persones.<\/p><p>\u00a0<\/p><p>A la zona exterior de la casa hi ha una piscina, un llac particular on es permet la pesca, un aparcament privat i, per descomptat, una barbacoa perfectament condicionada. Aquest \u00e9s un bon espai per a totes aquelles persones que estiguin buscant un lloc per fer una barbacoa en un entorn \u00edntim i segur<\/p>\t\t\t\t\t\t\t\t<\/div>\n\t\t\t\t<\/div>\n\t\t\t\t\t<\/div>\n\t\t<\/div>\n\t\t\t\t\t<\/div>\n\t\t<\/section>\n\t\t\t\t<section class=\"elementor-section elementor-top-section elementor-element elementor-element-86e1012 elementor-section-boxed elementor-section-height-default elementor-section-height-default parallax_section_no qode_elementor_container_no\" data-id=\"86e1012\" data-element_type=\"section\" data-e-type=\"section\">\n\t\t\t\t\t\t<div class=\"elementor-container elementor-column-gap-default\">\n\t\t\t\t\t<div class=\"elementor-column elementor-col-100 elementor-top-column elementor-element elementor-element-c991544\" data-id=\"c991544\" data-element_type=\"column\" data-e-type=\"column\">\n\t\t\t<div class=\"elementor-widget-wrap elementor-element-populated\">\n\t\t\t\t\t\t<div class=\"elementor-element elementor-element-ea142b4 elementor-widget elementor-widget-image\" data-id=\"ea142b4\" data-element_type=\"widget\" data-e-type=\"widget\" data-widget_type=\"image.default\">\n\t\t\t\t<div class=\"elementor-widget-container\">\n\t\t\t\t\t\t\t\t\t\t\t\t\t\t\t\t<a href=\"https:\/\/casadelspeixos.cat\/ca\/contacte\/?utm_source=blog&#038;utm_medium=banner\" rel=\"nofollow\">\n\t\t\t\t\t\t\t<img decoding=\"async\" width=\"728\" height=\"90\" src=\"https:\/\/casadelspeixos.cat\/wp-content\/uploads\/2022\/05\/lloga-una-casa-rural-a-la-baronia-de-rialb.png\" class=\"attachment-large size-large wp-image-7701\" alt=\"casa rural a la baronia de rialb\" srcset=\"https:\/\/casadelspeixos.cat\/wp-content\/uploads\/2022\/05\/lloga-una-casa-rural-a-la-baronia-de-rialb.png 728w, https:\/\/casadelspeixos.cat\/wp-content\/uploads\/2022\/05\/lloga-una-casa-rural-a-la-baronia-de-rialb-300x37.png 300w, https:\/\/casadelspeixos.cat\/wp-content\/uploads\/2022\/05\/lloga-una-casa-rural-a-la-baronia-de-rialb-700x87.png 700w\" sizes=\"(max-width: 728px) 100vw, 728px\" \/>\t\t\t\t\t\t\t\t<\/a>\n\t\t\t\t\t\t\t\t\t\t\t\t\t\t\t<\/div>\n\t\t\t\t<\/div>\n\t\t\t\t\t<\/div>\n\t\t<\/div>\n\t\t\t\t\t<\/div>\n\t\t<\/section>\n\t\t\t\t<section class=\"elementor-section elementor-top-section elementor-element elementor-element-24ac178 elementor-section-boxed elementor-section-height-default elementor-section-height-default parallax_section_no qode_elementor_container_no\" data-id=\"24ac178\" data-element_type=\"section\" data-e-type=\"section\">\n\t\t\t\t\t\t<div class=\"elementor-container elementor-column-gap-default\">\n\t\t\t\t\t<div class=\"elementor-column elementor-col-100 elementor-top-column elementor-element elementor-element-6f58b6b\" data-id=\"6f58b6b\" data-element_type=\"column\" data-e-type=\"column\">\n\t\t\t<div class=\"elementor-widget-wrap elementor-element-populated\">\n\t\t\t\t\t\t<div class=\"elementor-element elementor-element-300ae22 elementor-widget elementor-widget-spacer\" data-id=\"300ae22\" data-element_type=\"widget\" data-e-type=\"widget\" data-widget_type=\"spacer.default\">\n\t\t\t\t<div class=\"elementor-widget-container\">\n\t\t\t\t\t\t\t<div class=\"elementor-spacer\">\n\t\t\t<div class=\"elementor-spacer-inner\"><\/div>\n\t\t<\/div>\n\t\t\t\t\t\t<\/div>\n\t\t\t\t<\/div>\n\t\t\t\t\t<\/div>\n\t\t<\/div>\n\t\t\t\t\t<\/div>\n\t\t<\/section>\n\t\t\t\t<section class=\"elementor-section elementor-top-section elementor-element elementor-element-3e98c5c elementor-section-boxed elementor-section-height-default elementor-section-height-default parallax_section_no qode_elementor_container_no\" data-id=\"3e98c5c\" data-element_type=\"section\" data-e-type=\"section\">\n\t\t\t\t\t\t<div class=\"elementor-container elementor-column-gap-default\">\n\t\t\t\t\t<div class=\"elementor-column elementor-col-100 elementor-top-column elementor-element elementor-element-e2c5646\" data-id=\"e2c5646\" data-element_type=\"column\" data-e-type=\"column\">\n\t\t\t<div class=\"elementor-widget-wrap elementor-element-populated\">\n\t\t\t\t\t\t<div class=\"elementor-element elementor-element-f532eb2 elementor-widget elementor-widget-heading\" data-id=\"f532eb2\" data-element_type=\"widget\" data-e-type=\"widget\" data-widget_type=\"heading.default\">\n\t\t\t\t<div class=\"elementor-widget-container\">\n\t\t\t\t\t<h2 class=\"elementor-heading-title elementor-size-default\">Parc de la Mitjana<\/h2>\t\t\t\t<\/div>\n\t\t\t\t<\/div>\n\t\t\t\t\t<\/div>\n\t\t<\/div>\n\t\t\t\t\t<\/div>\n\t\t<\/section>\n\t\t\t\t<section class=\"elementor-section elementor-top-section elementor-element elementor-element-22b92ac elementor-section-boxed elementor-section-height-default elementor-section-height-default parallax_section_no qode_elementor_container_no\" data-id=\"22b92ac\" data-element_type=\"section\" data-e-type=\"section\">\n\t\t\t\t\t\t<div class=\"elementor-container elementor-column-gap-default\">\n\t\t\t\t\t<div class=\"elementor-column elementor-col-100 elementor-top-column elementor-element elementor-element-f9e28ed\" data-id=\"f9e28ed\" data-element_type=\"column\" data-e-type=\"column\">\n\t\t\t<div class=\"elementor-widget-wrap elementor-element-populated\">\n\t\t\t\t\t\t<div class=\"elementor-element elementor-element-8ba5f5a elementor-widget elementor-widget-image\" data-id=\"8ba5f5a\" data-element_type=\"widget\" data-e-type=\"widget\" data-widget_type=\"image.default\">\n\t\t\t\t<div class=\"elementor-widget-container\">\n\t\t\t\t\t\t\t\t\t\t\t\t\t\t\t<img decoding=\"async\" width=\"1024\" height=\"856\" src=\"https:\/\/casadelspeixos.cat\/wp-content\/uploads\/2023\/03\/Parque-de-la-Mitjana-1024x856.jpg\" class=\"attachment-large size-large wp-image-6632\" alt=\"Zona de p\u00edcnic, amb les seves taules i arbres que proporcionen un hombracle perfecte per a un p\u00edcnic\" srcset=\"https:\/\/casadelspeixos.cat\/wp-content\/uploads\/2023\/03\/Parque-de-la-Mitjana-1024x856.jpg 1024w, https:\/\/casadelspeixos.cat\/wp-content\/uploads\/2023\/03\/Parque-de-la-Mitjana-300x251.jpg 300w, https:\/\/casadelspeixos.cat\/wp-content\/uploads\/2023\/03\/Parque-de-la-Mitjana-768x642.jpg 768w, https:\/\/casadelspeixos.cat\/wp-content\/uploads\/2023\/03\/Parque-de-la-Mitjana-700x585.jpg 700w, https:\/\/casadelspeixos.cat\/wp-content\/uploads\/2023\/03\/Parque-de-la-Mitjana.jpg 1346w\" sizes=\"(max-width: 1024px) 100vw, 1024px\" \/>\t\t\t\t\t\t\t\t\t\t\t\t\t\t\t<\/div>\n\t\t\t\t<\/div>\n\t\t\t\t\t<\/div>\n\t\t<\/div>\n\t\t\t\t\t<\/div>\n\t\t<\/section>\n\t\t\t\t<section class=\"elementor-section elementor-top-section elementor-element elementor-element-673592f elementor-section-boxed elementor-section-height-default elementor-section-height-default parallax_section_no qode_elementor_container_no\" data-id=\"673592f\" data-element_type=\"section\" data-e-type=\"section\">\n\t\t\t\t\t\t<div class=\"elementor-container elementor-column-gap-default\">\n\t\t\t\t\t<div class=\"elementor-column elementor-col-100 elementor-top-column elementor-element elementor-element-0b075d4\" data-id=\"0b075d4\" data-element_type=\"column\" data-e-type=\"column\">\n\t\t\t<div class=\"elementor-widget-wrap elementor-element-populated\">\n\t\t\t\t\t\t<div class=\"elementor-element elementor-element-e6d654c elementor-widget elementor-widget-text-editor\" data-id=\"e6d654c\" data-element_type=\"widget\" data-e-type=\"widget\" data-widget_type=\"text-editor.default\">\n\t\t\t\t<div class=\"elementor-widget-container\">\n\t\t\t\t\t\t\t\t\t<p>Dins el Parc de la Mitjana hi ha un dels millors punts on fer barbacoes a Lleida. T&#8217;haur\u00e0s de dirigir fins a l&#8217;\u00e0rea de p\u00edcnic de La Carbonera, on trobar\u00e0s 13 taules repartides per l&#8217;espai, perqu\u00e8 tri\u00efs si vols menjar sota el sol oa l&#8217;ombra.<\/p><p>\u00a0<\/p><p>Les taules es troben ubicades al costat de dos estanys artificials i tenen un parc infantil ben a prop amb una gran quantitat d&#8217;activitats, com ara gronxadors, tirolines, tobogans, etc. Tindr\u00e0s acc\u00e9s a les instal\u00b7lacions, entre les quals destaquen el bar, el centre d&#8217;interpretaci\u00f3 i els banys.<\/p>\t\t\t\t\t\t\t\t<\/div>\n\t\t\t\t<\/div>\n\t\t\t\t\t<\/div>\n\t\t<\/div>\n\t\t\t\t\t<\/div>\n\t\t<\/section>\n\t\t\t\t<section class=\"elementor-section elementor-top-section elementor-element elementor-element-e2fb2f0 elementor-section-boxed elementor-section-height-default elementor-section-height-default parallax_section_no qode_elementor_container_no\" data-id=\"e2fb2f0\" data-element_type=\"section\" data-e-type=\"section\">\n\t\t\t\t\t\t<div class=\"elementor-container elementor-column-gap-default\">\n\t\t\t\t\t<div class=\"elementor-column elementor-col-100 elementor-top-column elementor-element elementor-element-3a041ab\" data-id=\"3a041ab\" data-element_type=\"column\" data-e-type=\"column\">\n\t\t\t<div class=\"elementor-widget-wrap elementor-element-populated\">\n\t\t\t\t\t\t<div class=\"elementor-element elementor-element-cc19829 elementor-widget elementor-widget-spacer\" data-id=\"cc19829\" data-element_type=\"widget\" data-e-type=\"widget\" data-widget_type=\"spacer.default\">\n\t\t\t\t<div class=\"elementor-widget-container\">\n\t\t\t\t\t\t\t<div class=\"elementor-spacer\">\n\t\t\t<div class=\"elementor-spacer-inner\"><\/div>\n\t\t<\/div>\n\t\t\t\t\t\t<\/div>\n\t\t\t\t<\/div>\n\t\t\t\t\t<\/div>\n\t\t<\/div>\n\t\t\t\t\t<\/div>\n\t\t<\/section>\n\t\t\t\t<section class=\"elementor-section elementor-top-section elementor-element elementor-element-cacfb62 elementor-section-boxed elementor-section-height-default elementor-section-height-default parallax_section_no qode_elementor_container_no\" data-id=\"cacfb62\" data-element_type=\"section\" data-e-type=\"section\">\n\t\t\t\t\t\t<div class=\"elementor-container elementor-column-gap-default\">\n\t\t\t\t\t<div class=\"elementor-column elementor-col-100 elementor-top-column elementor-element elementor-element-e26b8a5\" data-id=\"e26b8a5\" data-element_type=\"column\" data-e-type=\"column\">\n\t\t\t<div class=\"elementor-widget-wrap elementor-element-populated\">\n\t\t\t\t\t\t<div class=\"elementor-element elementor-element-749f0c6 elementor-widget elementor-widget-heading\" data-id=\"749f0c6\" data-element_type=\"widget\" data-e-type=\"widget\" data-widget_type=\"heading.default\">\n\t\t\t\t<div class=\"elementor-widget-container\">\n\t\t\t\t\t<h2 class=\"elementor-heading-title elementor-size-default\">La Font de la O<\/h2>\t\t\t\t<\/div>\n\t\t\t\t<\/div>\n\t\t\t\t\t<\/div>\n\t\t<\/div>\n\t\t\t\t\t<\/div>\n\t\t<\/section>\n\t\t\t\t<section class=\"elementor-section elementor-top-section elementor-element elementor-element-4506ba6 elementor-section-boxed elementor-section-height-default elementor-section-height-default parallax_section_no qode_elementor_container_no\" data-id=\"4506ba6\" data-element_type=\"section\" data-e-type=\"section\">\n\t\t\t\t\t\t<div class=\"elementor-container elementor-column-gap-default\">\n\t\t\t\t\t<div class=\"elementor-column elementor-col-100 elementor-top-column elementor-element elementor-element-229394c\" data-id=\"229394c\" data-element_type=\"column\" data-e-type=\"column\">\n\t\t\t<div class=\"elementor-widget-wrap elementor-element-populated\">\n\t\t\t\t\t\t<div class=\"elementor-element elementor-element-5428ec2 elementor-widget elementor-widget-image\" data-id=\"5428ec2\" data-element_type=\"widget\" data-e-type=\"widget\" data-widget_type=\"image.default\">\n\t\t\t\t<div class=\"elementor-widget-container\">\n\t\t\t\t\t\t\t\t\t\t\t\t\t\t\t<img loading=\"lazy\" decoding=\"async\" width=\"1024\" height=\"824\" src=\"https:\/\/casadelspeixos.cat\/wp-content\/uploads\/2023\/03\/La-Font-de-la-O-1024x824.jpg\" class=\"attachment-large size-large wp-image-6635\" alt=\"Rac\u00f3 amb els seus arbres i les taules de pedra al costat de l&#039;aigua que baixa de la fontnyo. Lloc perfecte per fer una barbacoa a la natura\" srcset=\"https:\/\/casadelspeixos.cat\/wp-content\/uploads\/2023\/03\/La-Font-de-la-O-1024x824.jpg 1024w, https:\/\/casadelspeixos.cat\/wp-content\/uploads\/2023\/03\/La-Font-de-la-O-300x242.jpg 300w, https:\/\/casadelspeixos.cat\/wp-content\/uploads\/2023\/03\/La-Font-de-la-O-768x618.jpg 768w, https:\/\/casadelspeixos.cat\/wp-content\/uploads\/2023\/03\/La-Font-de-la-O-700x564.jpg 700w, https:\/\/casadelspeixos.cat\/wp-content\/uploads\/2023\/03\/La-Font-de-la-O.jpg 1267w\" sizes=\"(max-width: 1024px) 100vw, 1024px\" \/>\t\t\t\t\t\t\t\t\t\t\t\t\t\t\t<\/div>\n\t\t\t\t<\/div>\n\t\t\t\t\t<\/div>\n\t\t<\/div>\n\t\t\t\t\t<\/div>\n\t\t<\/section>\n\t\t\t\t<section class=\"elementor-section elementor-top-section elementor-element elementor-element-36fd97d elementor-section-boxed elementor-section-height-default elementor-section-height-default parallax_section_no qode_elementor_container_no\" data-id=\"36fd97d\" data-element_type=\"section\" data-e-type=\"section\">\n\t\t\t\t\t\t<div class=\"elementor-container elementor-column-gap-default\">\n\t\t\t\t\t<div class=\"elementor-column elementor-col-100 elementor-top-column elementor-element elementor-element-a82b560\" data-id=\"a82b560\" data-element_type=\"column\" data-e-type=\"column\">\n\t\t\t<div class=\"elementor-widget-wrap elementor-element-populated\">\n\t\t\t\t\t\t<div class=\"elementor-element elementor-element-69d1795 elementor-widget elementor-widget-text-editor\" data-id=\"69d1795\" data-element_type=\"widget\" data-e-type=\"widget\" data-widget_type=\"text-editor.default\">\n\t\t\t\t<div class=\"elementor-widget-container\">\n\t\t\t\t\t\t\t\t\t<p>La Font de la O \u00e9s un espai natural que es troba a Aramunt i que ofereix una zona de barbacoes molt interessant per a totes aquelles fam\u00edlies a qui agradi sortir a menjar carn a la brasa. Arribar\u00e0s a aquest punt a trav\u00e9s d\u00b4una pista forestal que surt des del mateix poble i que est\u00e0 molt ben preparada.<\/p><p>\u00a0<\/p><p>Un cop all\u00e0 trobar\u00e0s taules de pedra, bona ombra, espai suficient per jugar i c\u00f3rrer, contenidors per reciclar, un ampli aparcament i un bosc que envolta el lloc. Les barbacoes porten la graella incorporada i hi ha una font on podr\u00e0s omplir la teva cantimplora amb aigua fresca i potable.<\/p>\t\t\t\t\t\t\t\t<\/div>\n\t\t\t\t<\/div>\n\t\t\t\t\t<\/div>\n\t\t<\/div>\n\t\t\t\t\t<\/div>\n\t\t<\/section>\n\t\t\t\t<section class=\"elementor-section elementor-top-section elementor-element elementor-element-33ba2ee elementor-section-boxed elementor-section-height-default elementor-section-height-default parallax_section_no qode_elementor_container_no\" data-id=\"33ba2ee\" data-element_type=\"section\" data-e-type=\"section\">\n\t\t\t\t\t\t<div class=\"elementor-container elementor-column-gap-default\">\n\t\t\t\t\t<div class=\"elementor-column elementor-col-100 elementor-top-column elementor-element elementor-element-cacfe83\" data-id=\"cacfe83\" data-element_type=\"column\" data-e-type=\"column\">\n\t\t\t<div class=\"elementor-widget-wrap elementor-element-populated\">\n\t\t\t\t\t\t<div class=\"elementor-element elementor-element-24bed1b elementor-widget elementor-widget-image\" data-id=\"24bed1b\" data-element_type=\"widget\" data-e-type=\"widget\" data-widget_type=\"image.default\">\n\t\t\t\t<div class=\"elementor-widget-container\">\n\t\t\t\t\t\t\t\t\t\t\t\t\t\t\t\t<a href=\"https:\/\/casadelspeixos.cat\/ca\/contacte\/?utm_source=blog&#038;utm_medium=banner\" rel=\"nofollow\">\n\t\t\t\t\t\t\t<img decoding=\"async\" width=\"728\" height=\"90\" src=\"https:\/\/casadelspeixos.cat\/wp-content\/uploads\/2022\/05\/lloga-una-casa-rural-a-la-baronia-de-rialb.png\" class=\"attachment-large size-large wp-image-7701\" alt=\"casa rural a la baronia de rialb\" srcset=\"https:\/\/casadelspeixos.cat\/wp-content\/uploads\/2022\/05\/lloga-una-casa-rural-a-la-baronia-de-rialb.png 728w, https:\/\/casadelspeixos.cat\/wp-content\/uploads\/2022\/05\/lloga-una-casa-rural-a-la-baronia-de-rialb-300x37.png 300w, https:\/\/casadelspeixos.cat\/wp-content\/uploads\/2022\/05\/lloga-una-casa-rural-a-la-baronia-de-rialb-700x87.png 700w\" sizes=\"(max-width: 728px) 100vw, 728px\" \/>\t\t\t\t\t\t\t\t<\/a>\n\t\t\t\t\t\t\t\t\t\t\t\t\t\t\t<\/div>\n\t\t\t\t<\/div>\n\t\t\t\t\t<\/div>\n\t\t<\/div>\n\t\t\t\t\t<\/div>\n\t\t<\/section>\n\t\t\t\t<section class=\"elementor-section elementor-top-section elementor-element elementor-element-746249f elementor-section-boxed elementor-section-height-default elementor-section-height-default parallax_section_no qode_elementor_container_no\" data-id=\"746249f\" data-element_type=\"section\" data-e-type=\"section\">\n\t\t\t\t\t\t<div class=\"elementor-container elementor-column-gap-default\">\n\t\t\t\t\t<div class=\"elementor-column elementor-col-100 elementor-top-column elementor-element elementor-element-32b5263\" data-id=\"32b5263\" data-element_type=\"column\" data-e-type=\"column\">\n\t\t\t<div class=\"elementor-widget-wrap elementor-element-populated\">\n\t\t\t\t\t\t<div class=\"elementor-element elementor-element-808eef1 elementor-widget elementor-widget-spacer\" data-id=\"808eef1\" data-element_type=\"widget\" data-e-type=\"widget\" data-widget_type=\"spacer.default\">\n\t\t\t\t<div class=\"elementor-widget-container\">\n\t\t\t\t\t\t\t<div class=\"elementor-spacer\">\n\t\t\t<div class=\"elementor-spacer-inner\"><\/div>\n\t\t<\/div>\n\t\t\t\t\t\t<\/div>\n\t\t\t\t<\/div>\n\t\t\t\t\t<\/div>\n\t\t<\/div>\n\t\t\t\t\t<\/div>\n\t\t<\/section>\n\t\t\t\t<section class=\"elementor-section elementor-top-section elementor-element elementor-element-a23aee3 elementor-section-boxed elementor-section-height-default elementor-section-height-default parallax_section_no qode_elementor_container_no\" data-id=\"a23aee3\" data-element_type=\"section\" data-e-type=\"section\">\n\t\t\t\t\t\t<div class=\"elementor-container elementor-column-gap-default\">\n\t\t\t\t\t<div class=\"elementor-column elementor-col-100 elementor-top-column elementor-element elementor-element-9cdc193\" data-id=\"9cdc193\" data-element_type=\"column\" data-e-type=\"column\">\n\t\t\t<div class=\"elementor-widget-wrap elementor-element-populated\">\n\t\t\t\t\t\t<div class=\"elementor-element elementor-element-0004076 elementor-widget elementor-widget-heading\" data-id=\"0004076\" data-element_type=\"widget\" data-e-type=\"widget\" data-widget_type=\"heading.default\">\n\t\t\t\t<div class=\"elementor-widget-container\">\n\t\t\t\t\t<h2 class=\"elementor-heading-title elementor-size-default\">Zona de p\u00edcnic de les Basses<\/h2>\t\t\t\t<\/div>\n\t\t\t\t<\/div>\n\t\t\t\t\t<\/div>\n\t\t<\/div>\n\t\t\t\t\t<\/div>\n\t\t<\/section>\n\t\t\t\t<section class=\"elementor-section elementor-top-section elementor-element elementor-element-c1fd9b3 elementor-section-boxed elementor-section-height-default elementor-section-height-default parallax_section_no qode_elementor_container_no\" data-id=\"c1fd9b3\" data-element_type=\"section\" data-e-type=\"section\">\n\t\t\t\t\t\t<div class=\"elementor-container elementor-column-gap-default\">\n\t\t\t\t\t<div class=\"elementor-column elementor-col-100 elementor-top-column elementor-element elementor-element-3dd16dd\" data-id=\"3dd16dd\" data-element_type=\"column\" data-e-type=\"column\">\n\t\t\t<div class=\"elementor-widget-wrap elementor-element-populated\">\n\t\t\t\t\t\t<div class=\"elementor-element elementor-element-425d451 elementor-widget elementor-widget-text-editor\" data-id=\"425d451\" data-element_type=\"widget\" data-e-type=\"widget\" data-widget_type=\"text-editor.default\">\n\t\t\t\t<div class=\"elementor-widget-container\">\n\t\t\t\t\t\t\t\t\t<p>La Zona de p\u00edcnic de les Basses ha estat recentment remodelada per oferir als visitants una experi\u00e8ncia molt m\u00e9s completa del que \u00e9s passar un dia de desconexi\u00f3 i relax al camp. Les barbacoes que est\u00e0ven en mal estat van ser substitu\u00efdes per unes de noves, aix\u00ed que no dubtis a portar el teu carb\u00f3, la graella i la millor carn.<\/p><p>\u00a0<\/p><p>Aquest lloc per menjar a l&#8217;aire lliure compta amb diverses taules amb els seus respectius bancs, perqu\u00e8 puguis sentir-te c\u00f2mode.<\/p>\t\t\t\t\t\t\t\t<\/div>\n\t\t\t\t<\/div>\n\t\t\t\t\t<\/div>\n\t\t<\/div>\n\t\t\t\t\t<\/div>\n\t\t<\/section>\n\t\t\t\t<section class=\"elementor-section elementor-top-section elementor-element elementor-element-61aa82d elementor-section-boxed elementor-section-height-default elementor-section-height-default parallax_section_no qode_elementor_container_no\" data-id=\"61aa82d\" data-element_type=\"section\" data-e-type=\"section\">\n\t\t\t\t\t\t<div class=\"elementor-container elementor-column-gap-default\">\n\t\t\t\t\t<div class=\"elementor-column elementor-col-100 elementor-top-column elementor-element elementor-element-b7ec9f3\" data-id=\"b7ec9f3\" data-element_type=\"column\" data-e-type=\"column\">\n\t\t\t<div class=\"elementor-widget-wrap elementor-element-populated\">\n\t\t\t\t\t\t<div class=\"elementor-element elementor-element-8f33246 elementor-widget elementor-widget-spacer\" data-id=\"8f33246\" data-element_type=\"widget\" data-e-type=\"widget\" data-widget_type=\"spacer.default\">\n\t\t\t\t<div class=\"elementor-widget-container\">\n\t\t\t\t\t\t\t<div class=\"elementor-spacer\">\n\t\t\t<div class=\"elementor-spacer-inner\"><\/div>\n\t\t<\/div>\n\t\t\t\t\t\t<\/div>\n\t\t\t\t<\/div>\n\t\t\t\t\t<\/div>\n\t\t<\/div>\n\t\t\t\t\t<\/div>\n\t\t<\/section>\n\t\t\t\t<section class=\"elementor-section elementor-top-section elementor-element elementor-element-527a343 elementor-section-boxed elementor-section-height-default elementor-section-height-default parallax_section_no qode_elementor_container_no\" data-id=\"527a343\" data-element_type=\"section\" data-e-type=\"section\">\n\t\t\t\t\t\t<div class=\"elementor-container elementor-column-gap-default\">\n\t\t\t\t\t<div class=\"elementor-column elementor-col-100 elementor-top-column elementor-element elementor-element-9778e80\" data-id=\"9778e80\" data-element_type=\"column\" data-e-type=\"column\">\n\t\t\t<div class=\"elementor-widget-wrap elementor-element-populated\">\n\t\t\t\t\t\t<div class=\"elementor-element elementor-element-25d4829 elementor-widget elementor-widget-heading\" data-id=\"25d4829\" data-element_type=\"widget\" data-e-type=\"widget\" data-widget_type=\"heading.default\">\n\t\t\t\t<div class=\"elementor-widget-container\">\n\t\t\t\t\t<h2 class=\"elementor-heading-title elementor-size-default\">La Posa a Isona<\/h2>\t\t\t\t<\/div>\n\t\t\t\t<\/div>\n\t\t\t\t\t<\/div>\n\t\t<\/div>\n\t\t\t\t\t<\/div>\n\t\t<\/section>\n\t\t\t\t<section class=\"elementor-section elementor-top-section elementor-element elementor-element-928e166 elementor-section-boxed elementor-section-height-default elementor-section-height-default parallax_section_no qode_elementor_container_no\" data-id=\"928e166\" data-element_type=\"section\" data-e-type=\"section\">\n\t\t\t\t\t\t<div class=\"elementor-container elementor-column-gap-default\">\n\t\t\t\t\t<div class=\"elementor-column elementor-col-100 elementor-top-column elementor-element elementor-element-63e078e\" data-id=\"63e078e\" data-element_type=\"column\" data-e-type=\"column\">\n\t\t\t<div class=\"elementor-widget-wrap elementor-element-populated\">\n\t\t\t\t\t\t<div class=\"elementor-element elementor-element-6b30fff elementor-widget elementor-widget-image\" data-id=\"6b30fff\" data-element_type=\"widget\" data-e-type=\"widget\" data-widget_type=\"image.default\">\n\t\t\t\t<div class=\"elementor-widget-container\">\n\t\t\t\t\t\t\t\t\t\t\t\t\t\t\t<img loading=\"lazy\" decoding=\"async\" width=\"832\" height=\"599\" src=\"https:\/\/casadelspeixos.cat\/wp-content\/uploads\/2023\/03\/La-Posa-a-Isona.jpg\" class=\"attachment-large size-large wp-image-6638\" alt=\"Zona de pic nic ubicat en un lloc on hi ha una vista magn\u00edfica de les muntanyes, cel blau sense cap n\u00favol.\" srcset=\"https:\/\/casadelspeixos.cat\/wp-content\/uploads\/2023\/03\/La-Posa-a-Isona.jpg 832w, https:\/\/casadelspeixos.cat\/wp-content\/uploads\/2023\/03\/La-Posa-a-Isona-300x216.jpg 300w, https:\/\/casadelspeixos.cat\/wp-content\/uploads\/2023\/03\/La-Posa-a-Isona-768x553.jpg 768w, https:\/\/casadelspeixos.cat\/wp-content\/uploads\/2023\/03\/La-Posa-a-Isona-700x504.jpg 700w\" sizes=\"(max-width: 832px) 100vw, 832px\" \/>\t\t\t\t\t\t\t\t\t\t\t\t\t\t\t<\/div>\n\t\t\t\t<\/div>\n\t\t\t\t\t<\/div>\n\t\t<\/div>\n\t\t\t\t\t<\/div>\n\t\t<\/section>\n\t\t\t\t<section class=\"elementor-section elementor-top-section elementor-element elementor-element-066d202 elementor-section-boxed elementor-section-height-default elementor-section-height-default parallax_section_no qode_elementor_container_no\" data-id=\"066d202\" data-element_type=\"section\" data-e-type=\"section\">\n\t\t\t\t\t\t<div class=\"elementor-container elementor-column-gap-default\">\n\t\t\t\t\t<div class=\"elementor-column elementor-col-100 elementor-top-column elementor-element elementor-element-9066441\" data-id=\"9066441\" data-element_type=\"column\" data-e-type=\"column\">\n\t\t\t<div class=\"elementor-widget-wrap elementor-element-populated\">\n\t\t\t\t\t\t<div class=\"elementor-element elementor-element-12578db elementor-widget elementor-widget-text-editor\" data-id=\"12578db\" data-element_type=\"widget\" data-e-type=\"widget\" data-widget_type=\"text-editor.default\">\n\t\t\t\t<div class=\"elementor-widget-container\">\n\t\t\t\t\t\t\t\t\t<p>Per arribar a aquestes barbacoes t&#8217;has de dirigir cap a l&#8217;ermita de la Mare de D\u00e9u de la Posa. All\u00ed \u00e9s un bon lloc per deixar els nens lliures, ja que hi ha molt espai per c\u00f3rrer i jugar lliurement. Estaciona el cotxe a l&#8217;aparcament i dirigeix-te cap a la zona de p\u00edcnic, on trobar\u00e0s unes barbacoes de construcci\u00f3.<\/p><p>\u00a0<\/p><p>La zona compta amb barbacoes grans, taules i bancs de fusta o pedra i aigua per poder rentar els plats. Si passes uns dies en aquesta zona, no dubtis a completar la teva visita fent una volta per la preciosa Vila d\u2019Isona.<\/p>\t\t\t\t\t\t\t\t<\/div>\n\t\t\t\t<\/div>\n\t\t\t\t\t<\/div>\n\t\t<\/div>\n\t\t\t\t\t<\/div>\n\t\t<\/section>\n\t\t\t\t<section class=\"elementor-section elementor-top-section elementor-element elementor-element-6b5fbd1 elementor-section-boxed elementor-section-height-default elementor-section-height-default parallax_section_no qode_elementor_container_no\" data-id=\"6b5fbd1\" data-element_type=\"section\" data-e-type=\"section\">\n\t\t\t\t\t\t<div class=\"elementor-container elementor-column-gap-default\">\n\t\t\t\t\t<div class=\"elementor-column elementor-col-100 elementor-top-column elementor-element elementor-element-8af00dc\" data-id=\"8af00dc\" data-element_type=\"column\" data-e-type=\"column\">\n\t\t\t<div class=\"elementor-widget-wrap elementor-element-populated\">\n\t\t\t\t\t\t<div class=\"elementor-element elementor-element-36acc9a elementor-widget elementor-widget-image\" data-id=\"36acc9a\" data-element_type=\"widget\" data-e-type=\"widget\" data-widget_type=\"image.default\">\n\t\t\t\t<div class=\"elementor-widget-container\">\n\t\t\t\t\t\t\t\t\t\t\t\t\t\t\t\t<a href=\"https:\/\/casadelspeixos.cat\/ca\/contacte\/?utm_source=blog&#038;utm_medium=banner\" rel=\"nofollow\">\n\t\t\t\t\t\t\t<img decoding=\"async\" width=\"728\" height=\"90\" src=\"https:\/\/casadelspeixos.cat\/wp-content\/uploads\/2022\/05\/lloga-una-casa-rural-a-la-baronia-de-rialb.png\" class=\"attachment-large size-large wp-image-7701\" alt=\"casa rural a la baronia de rialb\" srcset=\"https:\/\/casadelspeixos.cat\/wp-content\/uploads\/2022\/05\/lloga-una-casa-rural-a-la-baronia-de-rialb.png 728w, https:\/\/casadelspeixos.cat\/wp-content\/uploads\/2022\/05\/lloga-una-casa-rural-a-la-baronia-de-rialb-300x37.png 300w, https:\/\/casadelspeixos.cat\/wp-content\/uploads\/2022\/05\/lloga-una-casa-rural-a-la-baronia-de-rialb-700x87.png 700w\" sizes=\"(max-width: 728px) 100vw, 728px\" \/>\t\t\t\t\t\t\t\t<\/a>\n\t\t\t\t\t\t\t\t\t\t\t\t\t\t\t<\/div>\n\t\t\t\t<\/div>\n\t\t\t\t\t<\/div>\n\t\t<\/div>\n\t\t\t\t\t<\/div>\n\t\t<\/section>\n\t\t\t\t<section class=\"elementor-section elementor-top-section elementor-element elementor-element-a5e860d elementor-section-boxed elementor-section-height-default elementor-section-height-default parallax_section_no qode_elementor_container_no\" data-id=\"a5e860d\" data-element_type=\"section\" data-e-type=\"section\">\n\t\t\t\t\t\t<div class=\"elementor-container elementor-column-gap-default\">\n\t\t\t\t\t<div class=\"elementor-column elementor-col-100 elementor-top-column elementor-element elementor-element-22a5a8b\" data-id=\"22a5a8b\" data-element_type=\"column\" data-e-type=\"column\">\n\t\t\t<div class=\"elementor-widget-wrap elementor-element-populated\">\n\t\t\t\t\t\t<div class=\"elementor-element elementor-element-c605453 elementor-widget elementor-widget-spacer\" data-id=\"c605453\" data-element_type=\"widget\" data-e-type=\"widget\" data-widget_type=\"spacer.default\">\n\t\t\t\t<div class=\"elementor-widget-container\">\n\t\t\t\t\t\t\t<div class=\"elementor-spacer\">\n\t\t\t<div class=\"elementor-spacer-inner\"><\/div>\n\t\t<\/div>\n\t\t\t\t\t\t<\/div>\n\t\t\t\t<\/div>\n\t\t\t\t\t<\/div>\n\t\t<\/div>\n\t\t\t\t\t<\/div>\n\t\t<\/section>\n\t\t\t\t<section class=\"elementor-section elementor-top-section elementor-element elementor-element-8413948 elementor-section-boxed elementor-section-height-default elementor-section-height-default parallax_section_no qode_elementor_container_no\" data-id=\"8413948\" data-element_type=\"section\" data-e-type=\"section\">\n\t\t\t\t\t\t<div class=\"elementor-container elementor-column-gap-default\">\n\t\t\t\t\t<div class=\"elementor-column elementor-col-100 elementor-top-column elementor-element elementor-element-8e9b705\" data-id=\"8e9b705\" data-element_type=\"column\" data-e-type=\"column\">\n\t\t\t<div class=\"elementor-widget-wrap elementor-element-populated\">\n\t\t\t\t\t\t<div class=\"elementor-element elementor-element-dad7045 elementor-widget elementor-widget-heading\" data-id=\"dad7045\" data-element_type=\"widget\" data-e-type=\"widget\" data-widget_type=\"heading.default\">\n\t\t\t\t<div class=\"elementor-widget-container\">\n\t\t\t\t\t<h2 class=\"elementor-heading-title elementor-size-default\">Parc Roca del Call<\/h2>\t\t\t\t<\/div>\n\t\t\t\t<\/div>\n\t\t\t\t\t<\/div>\n\t\t<\/div>\n\t\t\t\t\t<\/div>\n\t\t<\/section>\n\t\t\t\t<section class=\"elementor-section elementor-top-section elementor-element elementor-element-76f532b elementor-section-boxed elementor-section-height-default elementor-section-height-default parallax_section_no qode_elementor_container_no\" data-id=\"76f532b\" data-element_type=\"section\" data-e-type=\"section\">\n\t\t\t\t\t\t<div class=\"elementor-container elementor-column-gap-default\">\n\t\t\t\t\t<div class=\"elementor-column elementor-col-100 elementor-top-column elementor-element elementor-element-33fa056\" data-id=\"33fa056\" data-element_type=\"column\" data-e-type=\"column\">\n\t\t\t<div class=\"elementor-widget-wrap elementor-element-populated\">\n\t\t\t\t\t\t<div class=\"elementor-element elementor-element-e15f6b9 elementor-widget elementor-widget-image\" data-id=\"e15f6b9\" data-element_type=\"widget\" data-e-type=\"widget\" data-widget_type=\"image.default\">\n\t\t\t\t<div class=\"elementor-widget-container\">\n\t\t\t\t\t\t\t\t\t\t\t\t\t\t\t<img loading=\"lazy\" decoding=\"async\" width=\"967\" height=\"531\" src=\"https:\/\/casadelspeixos.cat\/wp-content\/uploads\/2023\/03\/Parc-Roca-del-Call.jpg\" class=\"attachment-large size-large wp-image-6641\" alt=\"Zona de jocs, barbacoes i canoes a Ponts\" srcset=\"https:\/\/casadelspeixos.cat\/wp-content\/uploads\/2023\/03\/Parc-Roca-del-Call.jpg 967w, https:\/\/casadelspeixos.cat\/wp-content\/uploads\/2023\/03\/Parc-Roca-del-Call-300x165.jpg 300w, https:\/\/casadelspeixos.cat\/wp-content\/uploads\/2023\/03\/Parc-Roca-del-Call-768x422.jpg 768w, https:\/\/casadelspeixos.cat\/wp-content\/uploads\/2023\/03\/Parc-Roca-del-Call-700x384.jpg 700w\" sizes=\"(max-width: 967px) 100vw, 967px\" \/>\t\t\t\t\t\t\t\t\t\t\t\t\t\t\t<\/div>\n\t\t\t\t<\/div>\n\t\t\t\t\t<\/div>\n\t\t<\/div>\n\t\t\t\t\t<\/div>\n\t\t<\/section>\n\t\t\t\t<section class=\"elementor-section elementor-top-section elementor-element elementor-element-a92d8b3 elementor-section-boxed elementor-section-height-default elementor-section-height-default parallax_section_no qode_elementor_container_no\" data-id=\"a92d8b3\" data-element_type=\"section\" data-e-type=\"section\">\n\t\t\t\t\t\t<div class=\"elementor-container elementor-column-gap-default\">\n\t\t\t\t\t<div class=\"elementor-column elementor-col-100 elementor-top-column elementor-element elementor-element-f607871\" data-id=\"f607871\" data-element_type=\"column\" data-e-type=\"column\">\n\t\t\t<div class=\"elementor-widget-wrap elementor-element-populated\">\n\t\t\t\t\t\t<div class=\"elementor-element elementor-element-a34d8af elementor-widget elementor-widget-text-editor\" data-id=\"a34d8af\" data-element_type=\"widget\" data-e-type=\"widget\" data-widget_type=\"text-editor.default\">\n\t\t\t\t<div class=\"elementor-widget-container\">\n\t\t\t\t\t\t\t\t\t<p>Acabem la nostra llista de les millors zones on fer barbacoes a Lleida amb el Parc Roca del Call. Aquesta \u00e0rea de p\u00edcnic est\u00e0 equipada amb 17 taules i 4 barbacoes exteriors, d&#8217;\u00fas per als visitants.<\/p><p>\u00a0<\/p><p>Aix\u00f2 s\u00ed, per garantir que l&#8217;espai es troba en bon estat haur\u00e0s de pagar una taxa de 2,20\u20ac per persona, exceptuant els nens menors de 4 anys, que entren de franc.<\/p><p>\u00a0<\/p><p>\u00a0<\/p><p>Ara ja coneixes els 6 millors llocs on fer barbacoes a Lleida i saps quina \u00e9s la normativa que et permet fer foc nom\u00e9s a zones habilitades per fer-ho. Si est\u00e0s pensant a passar un cap de setmana de desconnexi\u00f3, no dubtis a fer una ullada a la Casa dels Peixos, on podr\u00e0s allotjar-te al cor de Lleida, al millor preu.<\/p>\t\t\t\t\t\t\t\t<\/div>\n\t\t\t\t<\/div>\n\t\t\t\t\t<\/div>\n\t\t<\/div>\n\t\t\t\t\t<\/div>\n\t\t<\/section>\n\t\t\t\t<\/div>\n\t\t","protected":false},"excerpt":{"rendered":"<p>Est\u00e0s buscant els millors llocs per fer barbacoes a Lleida? En aquest article resolem tots els teus dubtes. \u00a0 S\u00f3n molts els espais naturals a Lleida on \u00e9s perm\u00e8s fer barbacoes. Aquests paratges estan condicionats per a l&#8217;\u00fas de foc i compten amb berenars perqu\u00e8&#8230;<\/p>\n","protected":false},"author":2,"featured_media":4556,"comment_status":"open","ping_status":"open","sticky":false,"template":"","format":"standard","meta":{"_joinchat":[],"footnotes":""},"categories":[24],"tags":[25],"class_list":["post-6651","post","type-post","status-publish","format-standard","has-post-thumbnail","hentry","category-blog-2","tag-blog-ca"],"yoast_head":"<!-- This site is optimized with the Yoast SEO Premium plugin v20.1 (Yoast SEO v27.5) - https:\/\/yoast.com\/product\/yoast-seo-premium-wordpress\/ -->\n<title>On fer barbacoes a Lleida? 6 llocs &#8226; Casa dels Peixos<\/title>\n<meta name=\"description\" content=\"Est\u00e0s cercant informaci\u00f3 sobre l&#039;on fer barbacoes a Lleida? \u2705 T&#039;expliquem tot el que has de saber sobre on fer barbacoes a Lleida de Lleida\" \/>\n<meta name=\"robots\" content=\"index, follow, max-snippet:-1, max-image-preview:large, max-video-preview:-1\" \/>\n<link rel=\"canonical\" href=\"https:\/\/casadelspeixos.cat\/ca\/wp-json\/wp\/v2\/posts\/6651\" \/>\n<meta property=\"og:locale\" content=\"ca_ES\" \/>\n<meta property=\"og:type\" content=\"article\" \/>\n<meta property=\"og:title\" content=\"On fer barbacoes a Lleida? 6 llocs\" \/>\n<meta property=\"og:description\" content=\"Est\u00e0s cercant informaci\u00f3 sobre l&#039;on fer barbacoes a Lleida? \u2705 T&#039;expliquem tot el que has de saber sobre on fer barbacoes a Lleida de Lleida\" \/>\n<meta property=\"og:url\" content=\"https:\/\/casadelspeixos.cat\/ca\/blog-2\/on-fer-barbacoes-a-lleida-6-llocs\/\" \/>\n<meta property=\"og:site_name\" content=\"Casa dels Peixos\" \/>\n<meta property=\"article:publisher\" content=\"https:\/\/www.facebook.com\/lacasadelspeixos\/\" \/>\n<meta property=\"article:published_time\" content=\"2023-03-01T14:29:31+00:00\" \/>\n<meta property=\"article:modified_time\" content=\"2023-06-14T15:08:58+00:00\" \/>\n<meta property=\"og:image\" content=\"https:\/\/casadelspeixos.cat\/wp-content\/uploads\/2022\/09\/Detalle-barbacoa-exterior.-Casa-dels-Peixos-scaled.jpg\" \/>\n\t<meta property=\"og:image:width\" content=\"1920\" \/>\n\t<meta property=\"og:image:height\" content=\"2560\" \/>\n\t<meta property=\"og:image:type\" content=\"image\/jpeg\" \/>\n<meta name=\"author\" content=\"Casa dels Peixos\" \/>\n<meta name=\"twitter:card\" content=\"summary_large_image\" \/>\n<meta name=\"twitter:label1\" content=\"Escrit per\" \/>\n\t<meta name=\"twitter:data1\" content=\"Casa dels Peixos\" \/>\n\t<meta name=\"twitter:label2\" content=\"Temps estimat de lectura\" \/>\n\t<meta name=\"twitter:data2\" content=\"4 minuts\" \/>\n<script type=\"application\/ld+json\" class=\"yoast-schema-graph\">{\"@context\":\"https:\\\/\\\/schema.org\",\"@graph\":[{\"@type\":\"Article\",\"@id\":\"https:\\\/\\\/casadelspeixos.cat\\\/ca\\\/blog-2\\\/on-fer-barbacoes-a-lleida-6-llocs\\\/#article\",\"isPartOf\":{\"@id\":\"https:\\\/\\\/casadelspeixos.cat\\\/ca\\\/blog-2\\\/on-fer-barbacoes-a-lleida-6-llocs\\\/\"},\"author\":{\"name\":\"Casa dels Peixos\",\"@id\":\"https:\\\/\\\/casadelspeixos.cat\\\/#\\\/schema\\\/person\\\/8ade7b5ce60430b661080abd10e6b6dd\"},\"headline\":\"On fer barbacoes a Lleida? 6 llocs\",\"datePublished\":\"2023-03-01T14:29:31+00:00\",\"dateModified\":\"2023-06-14T15:08:58+00:00\",\"mainEntityOfPage\":{\"@id\":\"https:\\\/\\\/casadelspeixos.cat\\\/ca\\\/blog-2\\\/on-fer-barbacoes-a-lleida-6-llocs\\\/\"},\"wordCount\":769,\"commentCount\":0,\"publisher\":{\"@id\":\"https:\\\/\\\/casadelspeixos.cat\\\/#organization\"},\"image\":{\"@id\":\"https:\\\/\\\/casadelspeixos.cat\\\/ca\\\/blog-2\\\/on-fer-barbacoes-a-lleida-6-llocs\\\/#primaryimage\"},\"thumbnailUrl\":\"https:\\\/\\\/casadelspeixos.cat\\\/wp-content\\\/uploads\\\/2022\\\/09\\\/Detalle-barbacoa-exterior.-Casa-dels-Peixos-scaled.jpg\",\"keywords\":[\"blog\"],\"articleSection\":[\"Blog\"],\"inLanguage\":\"ca\",\"potentialAction\":[{\"@type\":\"CommentAction\",\"name\":\"Comment\",\"target\":[\"https:\\\/\\\/casadelspeixos.cat\\\/ca\\\/blog-2\\\/on-fer-barbacoes-a-lleida-6-llocs\\\/#respond\"]}]},{\"@type\":\"WebPage\",\"@id\":\"https:\\\/\\\/casadelspeixos.cat\\\/ca\\\/blog-2\\\/on-fer-barbacoes-a-lleida-6-llocs\\\/\",\"url\":\"https:\\\/\\\/casadelspeixos.cat\\\/ca\\\/blog-2\\\/on-fer-barbacoes-a-lleida-6-llocs\\\/\",\"name\":\"On fer barbacoes a Lleida? 6 llocs &#8226; Casa dels Peixos\",\"isPartOf\":{\"@id\":\"https:\\\/\\\/casadelspeixos.cat\\\/#website\"},\"primaryImageOfPage\":{\"@id\":\"https:\\\/\\\/casadelspeixos.cat\\\/ca\\\/blog-2\\\/on-fer-barbacoes-a-lleida-6-llocs\\\/#primaryimage\"},\"image\":{\"@id\":\"https:\\\/\\\/casadelspeixos.cat\\\/ca\\\/blog-2\\\/on-fer-barbacoes-a-lleida-6-llocs\\\/#primaryimage\"},\"thumbnailUrl\":\"https:\\\/\\\/casadelspeixos.cat\\\/wp-content\\\/uploads\\\/2022\\\/09\\\/Detalle-barbacoa-exterior.-Casa-dels-Peixos-scaled.jpg\",\"datePublished\":\"2023-03-01T14:29:31+00:00\",\"dateModified\":\"2023-06-14T15:08:58+00:00\",\"description\":\"Est\u00e0s cercant informaci\u00f3 sobre l'on fer barbacoes a Lleida? \u2705 T'expliquem tot el que has de saber sobre on fer barbacoes a Lleida de Lleida\",\"breadcrumb\":{\"@id\":\"https:\\\/\\\/casadelspeixos.cat\\\/ca\\\/blog-2\\\/on-fer-barbacoes-a-lleida-6-llocs\\\/#breadcrumb\"},\"inLanguage\":\"ca\",\"potentialAction\":[{\"@type\":\"ReadAction\",\"target\":[\"https:\\\/\\\/casadelspeixos.cat\\\/ca\\\/blog-2\\\/on-fer-barbacoes-a-lleida-6-llocs\\\/\"]}]},{\"@type\":\"ImageObject\",\"inLanguage\":\"ca\",\"@id\":\"https:\\\/\\\/casadelspeixos.cat\\\/ca\\\/blog-2\\\/on-fer-barbacoes-a-lleida-6-llocs\\\/#primaryimage\",\"url\":\"https:\\\/\\\/casadelspeixos.cat\\\/wp-content\\\/uploads\\\/2022\\\/09\\\/Detalle-barbacoa-exterior.-Casa-dels-Peixos-scaled.jpg\",\"contentUrl\":\"https:\\\/\\\/casadelspeixos.cat\\\/wp-content\\\/uploads\\\/2022\\\/09\\\/Detalle-barbacoa-exterior.-Casa-dels-Peixos-scaled.jpg\",\"width\":1920,\"height\":2560,\"caption\":\"Detall de la barbacoa exterior amb taula gran d'inox al centre i moble amb aig\u00fcera cuina i gran para-sol. Al fons el jard\u00ed, tamb\u00e9 es veu una enfiladissa de gessam\u00ed amb flor blanca\"},{\"@type\":\"BreadcrumbList\",\"@id\":\"https:\\\/\\\/casadelspeixos.cat\\\/ca\\\/blog-2\\\/on-fer-barbacoes-a-lleida-6-llocs\\\/#breadcrumb\",\"itemListElement\":[{\"@type\":\"ListItem\",\"position\":1,\"name\":\"Inici\",\"item\":\"https:\\\/\\\/casadelspeixos.cat\\\/\"},{\"@type\":\"ListItem\",\"position\":2,\"name\":\"On fer barbacoes a Lleida? 6 llocs\"}]},{\"@type\":\"WebSite\",\"@id\":\"https:\\\/\\\/casadelspeixos.cat\\\/#website\",\"url\":\"https:\\\/\\\/casadelspeixos.cat\\\/\",\"name\":\"Casa dels Peixos\",\"description\":\"Casa de lloguer \u00edntegre al Pre-Pirineu Catal\u00e0\",\"publisher\":{\"@id\":\"https:\\\/\\\/casadelspeixos.cat\\\/#organization\"},\"potentialAction\":[{\"@type\":\"SearchAction\",\"target\":{\"@type\":\"EntryPoint\",\"urlTemplate\":\"https:\\\/\\\/casadelspeixos.cat\\\/?s={search_term_string}\"},\"query-input\":{\"@type\":\"PropertyValueSpecification\",\"valueRequired\":true,\"valueName\":\"search_term_string\"}}],\"inLanguage\":\"ca\"},{\"@type\":\"Organization\",\"@id\":\"https:\\\/\\\/casadelspeixos.cat\\\/#organization\",\"name\":\"Casa dels Peixos\",\"url\":\"https:\\\/\\\/casadelspeixos.cat\\\/\",\"logo\":{\"@type\":\"ImageObject\",\"inLanguage\":\"ca\",\"@id\":\"https:\\\/\\\/casadelspeixos.cat\\\/#\\\/schema\\\/logo\\\/image\\\/\",\"url\":\"https:\\\/\\\/casadelspeixos.cat\\\/wp-content\\\/uploads\\\/2020\\\/07\\\/logo-center.png\",\"contentUrl\":\"https:\\\/\\\/casadelspeixos.cat\\\/wp-content\\\/uploads\\\/2020\\\/07\\\/logo-center.png\",\"width\":376,\"height\":200,\"caption\":\"Casa dels Peixos\"},\"image\":{\"@id\":\"https:\\\/\\\/casadelspeixos.cat\\\/#\\\/schema\\\/logo\\\/image\\\/\"},\"sameAs\":[\"https:\\\/\\\/www.facebook.com\\\/lacasadelspeixos\\\/\",\"https:\\\/\\\/www.instagram.com\\\/casa_dels_peixos\\\/\"]},{\"@type\":\"Person\",\"@id\":\"https:\\\/\\\/casadelspeixos.cat\\\/#\\\/schema\\\/person\\\/8ade7b5ce60430b661080abd10e6b6dd\",\"name\":\"Casa dels Peixos\",\"image\":{\"@type\":\"ImageObject\",\"inLanguage\":\"ca\",\"@id\":\"https:\\\/\\\/secure.gravatar.com\\\/avatar\\\/056e03404aff6b8e9001d4e876f1748e550e688defbba6a2cff6095a3c34ba3d?s=96&d=mm&r=g\",\"url\":\"https:\\\/\\\/secure.gravatar.com\\\/avatar\\\/056e03404aff6b8e9001d4e876f1748e550e688defbba6a2cff6095a3c34ba3d?s=96&d=mm&r=g\",\"contentUrl\":\"https:\\\/\\\/secure.gravatar.com\\\/avatar\\\/056e03404aff6b8e9001d4e876f1748e550e688defbba6a2cff6095a3c34ba3d?s=96&d=mm&r=g\",\"caption\":\"Casa dels Peixos\"},\"sameAs\":[\"https:\\\/\\\/casadelspeixos.cat\\\/\"]}]}<\/script>\n<!-- \/ Yoast SEO Premium plugin. -->","yoast_head_json":{"title":"On fer barbacoes a Lleida? 6 llocs &#8226; Casa dels Peixos","description":"Est\u00e0s cercant informaci\u00f3 sobre l'on fer barbacoes a Lleida? \u2705 T'expliquem tot el que has de saber sobre on fer barbacoes a Lleida de Lleida","robots":{"index":"index","follow":"follow","max-snippet":"max-snippet:-1","max-image-preview":"max-image-preview:large","max-video-preview":"max-video-preview:-1"},"canonical":"https:\/\/casadelspeixos.cat\/ca\/wp-json\/wp\/v2\/posts\/6651","og_locale":"ca_ES","og_type":"article","og_title":"On fer barbacoes a Lleida? 6 llocs","og_description":"Est\u00e0s cercant informaci\u00f3 sobre l'on fer barbacoes a Lleida? \u2705 T'expliquem tot el que has de saber sobre on fer barbacoes a Lleida de Lleida","og_url":"https:\/\/casadelspeixos.cat\/ca\/blog-2\/on-fer-barbacoes-a-lleida-6-llocs\/","og_site_name":"Casa dels Peixos","article_publisher":"https:\/\/www.facebook.com\/lacasadelspeixos\/","article_published_time":"2023-03-01T14:29:31+00:00","article_modified_time":"2023-06-14T15:08:58+00:00","og_image":[{"width":1920,"height":2560,"url":"https:\/\/casadelspeixos.cat\/wp-content\/uploads\/2022\/09\/Detalle-barbacoa-exterior.-Casa-dels-Peixos-scaled.jpg","type":"image\/jpeg"}],"author":"Casa dels Peixos","twitter_card":"summary_large_image","twitter_misc":{"Escrit per":"Casa dels Peixos","Temps estimat de lectura":"4 minuts"},"schema":{"@context":"https:\/\/schema.org","@graph":[{"@type":"Article","@id":"https:\/\/casadelspeixos.cat\/ca\/blog-2\/on-fer-barbacoes-a-lleida-6-llocs\/#article","isPartOf":{"@id":"https:\/\/casadelspeixos.cat\/ca\/blog-2\/on-fer-barbacoes-a-lleida-6-llocs\/"},"author":{"name":"Casa dels Peixos","@id":"https:\/\/casadelspeixos.cat\/#\/schema\/person\/8ade7b5ce60430b661080abd10e6b6dd"},"headline":"On fer barbacoes a Lleida? 6 llocs","datePublished":"2023-03-01T14:29:31+00:00","dateModified":"2023-06-14T15:08:58+00:00","mainEntityOfPage":{"@id":"https:\/\/casadelspeixos.cat\/ca\/blog-2\/on-fer-barbacoes-a-lleida-6-llocs\/"},"wordCount":769,"commentCount":0,"publisher":{"@id":"https:\/\/casadelspeixos.cat\/#organization"},"image":{"@id":"https:\/\/casadelspeixos.cat\/ca\/blog-2\/on-fer-barbacoes-a-lleida-6-llocs\/#primaryimage"},"thumbnailUrl":"https:\/\/casadelspeixos.cat\/wp-content\/uploads\/2022\/09\/Detalle-barbacoa-exterior.-Casa-dels-Peixos-scaled.jpg","keywords":["blog"],"articleSection":["Blog"],"inLanguage":"ca","potentialAction":[{"@type":"CommentAction","name":"Comment","target":["https:\/\/casadelspeixos.cat\/ca\/blog-2\/on-fer-barbacoes-a-lleida-6-llocs\/#respond"]}]},{"@type":"WebPage","@id":"https:\/\/casadelspeixos.cat\/ca\/blog-2\/on-fer-barbacoes-a-lleida-6-llocs\/","url":"https:\/\/casadelspeixos.cat\/ca\/blog-2\/on-fer-barbacoes-a-lleida-6-llocs\/","name":"On fer barbacoes a Lleida? 6 llocs &#8226; Casa dels Peixos","isPartOf":{"@id":"https:\/\/casadelspeixos.cat\/#website"},"primaryImageOfPage":{"@id":"https:\/\/casadelspeixos.cat\/ca\/blog-2\/on-fer-barbacoes-a-lleida-6-llocs\/#primaryimage"},"image":{"@id":"https:\/\/casadelspeixos.cat\/ca\/blog-2\/on-fer-barbacoes-a-lleida-6-llocs\/#primaryimage"},"thumbnailUrl":"https:\/\/casadelspeixos.cat\/wp-content\/uploads\/2022\/09\/Detalle-barbacoa-exterior.-Casa-dels-Peixos-scaled.jpg","datePublished":"2023-03-01T14:29:31+00:00","dateModified":"2023-06-14T15:08:58+00:00","description":"Est\u00e0s cercant informaci\u00f3 sobre l'on fer barbacoes a Lleida? \u2705 T'expliquem tot el que has de saber sobre on fer barbacoes a Lleida de Lleida","breadcrumb":{"@id":"https:\/\/casadelspeixos.cat\/ca\/blog-2\/on-fer-barbacoes-a-lleida-6-llocs\/#breadcrumb"},"inLanguage":"ca","potentialAction":[{"@type":"ReadAction","target":["https:\/\/casadelspeixos.cat\/ca\/blog-2\/on-fer-barbacoes-a-lleida-6-llocs\/"]}]},{"@type":"ImageObject","inLanguage":"ca","@id":"https:\/\/casadelspeixos.cat\/ca\/blog-2\/on-fer-barbacoes-a-lleida-6-llocs\/#primaryimage","url":"https:\/\/casadelspeixos.cat\/wp-content\/uploads\/2022\/09\/Detalle-barbacoa-exterior.-Casa-dels-Peixos-scaled.jpg","contentUrl":"https:\/\/casadelspeixos.cat\/wp-content\/uploads\/2022\/09\/Detalle-barbacoa-exterior.-Casa-dels-Peixos-scaled.jpg","width":1920,"height":2560,"caption":"Detall de la barbacoa exterior amb taula gran d'inox al centre i moble amb aig\u00fcera cuina i gran para-sol. Al fons el jard\u00ed, tamb\u00e9 es veu una enfiladissa de gessam\u00ed amb flor blanca"},{"@type":"BreadcrumbList","@id":"https:\/\/casadelspeixos.cat\/ca\/blog-2\/on-fer-barbacoes-a-lleida-6-llocs\/#breadcrumb","itemListElement":[{"@type":"ListItem","position":1,"name":"Inici","item":"https:\/\/casadelspeixos.cat\/"},{"@type":"ListItem","position":2,"name":"On fer barbacoes a Lleida? 6 llocs"}]},{"@type":"WebSite","@id":"https:\/\/casadelspeixos.cat\/#website","url":"https:\/\/casadelspeixos.cat\/","name":"Casa dels Peixos","description":"Casa de lloguer \u00edntegre al Pre-Pirineu Catal\u00e0","publisher":{"@id":"https:\/\/casadelspeixos.cat\/#organization"},"potentialAction":[{"@type":"SearchAction","target":{"@type":"EntryPoint","urlTemplate":"https:\/\/casadelspeixos.cat\/?s={search_term_string}"},"query-input":{"@type":"PropertyValueSpecification","valueRequired":true,"valueName":"search_term_string"}}],"inLanguage":"ca"},{"@type":"Organization","@id":"https:\/\/casadelspeixos.cat\/#organization","name":"Casa dels Peixos","url":"https:\/\/casadelspeixos.cat\/","logo":{"@type":"ImageObject","inLanguage":"ca","@id":"https:\/\/casadelspeixos.cat\/#\/schema\/logo\/image\/","url":"https:\/\/casadelspeixos.cat\/wp-content\/uploads\/2020\/07\/logo-center.png","contentUrl":"https:\/\/casadelspeixos.cat\/wp-content\/uploads\/2020\/07\/logo-center.png","width":376,"height":200,"caption":"Casa dels Peixos"},"image":{"@id":"https:\/\/casadelspeixos.cat\/#\/schema\/logo\/image\/"},"sameAs":["https:\/\/www.facebook.com\/lacasadelspeixos\/","https:\/\/www.instagram.com\/casa_dels_peixos\/"]},{"@type":"Person","@id":"https:\/\/casadelspeixos.cat\/#\/schema\/person\/8ade7b5ce60430b661080abd10e6b6dd","name":"Casa dels Peixos","image":{"@type":"ImageObject","inLanguage":"ca","@id":"https:\/\/secure.gravatar.com\/avatar\/056e03404aff6b8e9001d4e876f1748e550e688defbba6a2cff6095a3c34ba3d?s=96&d=mm&r=g","url":"https:\/\/secure.gravatar.com\/avatar\/056e03404aff6b8e9001d4e876f1748e550e688defbba6a2cff6095a3c34ba3d?s=96&d=mm&r=g","contentUrl":"https:\/\/secure.gravatar.com\/avatar\/056e03404aff6b8e9001d4e876f1748e550e688defbba6a2cff6095a3c34ba3d?s=96&d=mm&r=g","caption":"Casa dels Peixos"},"sameAs":["https:\/\/casadelspeixos.cat\/"]}]}},"_links":{"self":[{"href":"https:\/\/casadelspeixos.cat\/ca\/wp-json\/wp\/v2\/posts\/6651","targetHints":{"allow":["GET"]}}],"collection":[{"href":"https:\/\/casadelspeixos.cat\/ca\/wp-json\/wp\/v2\/posts"}],"about":[{"href":"https:\/\/casadelspeixos.cat\/ca\/wp-json\/wp\/v2\/types\/post"}],"author":[{"embeddable":true,"href":"https:\/\/casadelspeixos.cat\/ca\/wp-json\/wp\/v2\/users\/2"}],"replies":[{"embeddable":true,"href":"https:\/\/casadelspeixos.cat\/ca\/wp-json\/wp\/v2\/comments?post=6651"}],"version-history":[{"count":23,"href":"https:\/\/casadelspeixos.cat\/ca\/wp-json\/wp\/v2\/posts\/6651\/revisions"}],"predecessor-version":[{"id":7757,"href":"https:\/\/casadelspeixos.cat\/ca\/wp-json\/wp\/v2\/posts\/6651\/revisions\/7757"}],"wp:featuredmedia":[{"embeddable":true,"href":"https:\/\/casadelspeixos.cat\/ca\/wp-json\/wp\/v2\/media\/4556"}],"wp:attachment":[{"href":"https:\/\/casadelspeixos.cat\/ca\/wp-json\/wp\/v2\/media?parent=6651"}],"wp:term":[{"taxonomy":"category","embeddable":true,"href":"https:\/\/casadelspeixos.cat\/ca\/wp-json\/wp\/v2\/categories?post=6651"},{"taxonomy":"post_tag","embeddable":true,"href":"https:\/\/casadelspeixos.cat\/ca\/wp-json\/wp\/v2\/tags?post=6651"}],"curies":[{"name":"wp","href":"https:\/\/api.w.org\/{rel}","templated":true}]}}