{"id":3592,"date":"2022-08-10T16:31:51","date_gmt":"2022-08-10T14:31:51","guid":{"rendered":"https:\/\/casadelspeixos.cat\/?p=3592"},"modified":"2023-05-06T18:52:07","modified_gmt":"2023-05-06T16:52:07","slug":"que-veure-i-fer-a-la-serra-de-rialb","status":"publish","type":"post","link":"https:\/\/casadelspeixos.cat\/ca\/nuclis-2\/que-veure-i-fer-a-la-serra-de-rialb\/","title":{"rendered":"Qu\u00e8 veure i fer a La Serra de Rialb"},"content":{"rendered":"\t\t<div data-elementor-type=\"wp-post\" data-elementor-id=\"3592\" class=\"elementor elementor-3592 elementor-3245\" data-elementor-post-type=\"post\">\n\t\t\t\t\t\t<section class=\"elementor-section elementor-top-section elementor-element elementor-element-7e3c3d8 elementor-section-boxed elementor-section-height-default elementor-section-height-default parallax_section_no qode_elementor_container_no\" data-id=\"7e3c3d8\" data-element_type=\"section\" data-e-type=\"section\">\n\t\t\t\t\t\t<div class=\"elementor-container elementor-column-gap-default\">\n\t\t\t\t\t<div class=\"elementor-column elementor-col-100 elementor-top-column elementor-element elementor-element-0505b8c\" data-id=\"0505b8c\" data-element_type=\"column\" data-e-type=\"column\">\n\t\t\t<div class=\"elementor-widget-wrap elementor-element-populated\">\n\t\t\t\t\t\t<div class=\"elementor-element elementor-element-5990864 elementor-widget elementor-widget-text-editor\" data-id=\"5990864\" data-element_type=\"widget\" data-e-type=\"widget\" data-widget_type=\"text-editor.default\">\n\t\t\t\t<div class=\"elementor-widget-container\">\n\t\t\t\t\t\t\t\t\t<p>La Serra de Rialb \u00e9s un petit poble de la Baronia de Rialb, a la comarca de la Noguera, a l&#8217;esquerra del pant\u00e0 de Rialb. Tot i no tenir m\u00e9s de 25 habitants, \u00e9s un lloc amb molt d&#8217;encant. Vols con\u00e8ixer-ho en profunditat? Continua llegint!<\/p><p>Nosaltres considerem que La Serra de Rialb \u00e9s, sens dubte, un poblet que et pot deixar sense al\u00e8. \u00c9s la clara representaci\u00f3 que no nom\u00e9s els llocs amb moltes atraccions tur\u00edstiques et poden fascina<\/p>\t\t\t\t\t\t\t\t<\/div>\n\t\t\t\t<\/div>\n\t\t\t\t\t<\/div>\n\t\t<\/div>\n\t\t\t\t\t<\/div>\n\t\t<\/section>\n\t\t\t\t<section class=\"elementor-section elementor-top-section elementor-element elementor-element-9d4e591 elementor-section-boxed elementor-section-height-default elementor-section-height-default parallax_section_no qode_elementor_container_no\" data-id=\"9d4e591\" data-element_type=\"section\" data-e-type=\"section\">\n\t\t\t\t\t\t<div class=\"elementor-container elementor-column-gap-default\">\n\t\t\t\t\t<div class=\"elementor-column elementor-col-100 elementor-top-column elementor-element elementor-element-0311aee\" data-id=\"0311aee\" data-element_type=\"column\" data-e-type=\"column\">\n\t\t\t<div class=\"elementor-widget-wrap elementor-element-populated\">\n\t\t\t\t\t\t\t<\/div>\n\t\t<\/div>\n\t\t\t\t\t<\/div>\n\t\t<\/section>\n\t\t\t\t<section class=\"elementor-section elementor-top-section elementor-element elementor-element-215f3ff elementor-section-boxed elementor-section-height-default elementor-section-height-default parallax_section_no qode_elementor_container_no\" data-id=\"215f3ff\" data-element_type=\"section\" data-e-type=\"section\">\n\t\t\t\t\t\t<div class=\"elementor-container elementor-column-gap-default\">\n\t\t\t\t\t<div class=\"elementor-column elementor-col-100 elementor-top-column elementor-element elementor-element-5b26469\" data-id=\"5b26469\" data-element_type=\"column\" data-e-type=\"column\">\n\t\t\t<div class=\"elementor-widget-wrap elementor-element-populated\">\n\t\t\t\t\t\t<div class=\"elementor-element elementor-element-6fb9082 elementor-widget elementor-widget-heading\" data-id=\"6fb9082\" data-element_type=\"widget\" data-e-type=\"widget\" data-widget_type=\"heading.default\">\n\t\t\t\t<div class=\"elementor-widget-container\">\n\t\t\t\t\t<h2 class=\"elementor-heading-title elementor-size-default\">On \u00e9s La Serra de Rialb?<\/h2>\t\t\t\t<\/div>\n\t\t\t\t<\/div>\n\t\t\t\t\t<\/div>\n\t\t<\/div>\n\t\t\t\t\t<\/div>\n\t\t<\/section>\n\t\t\t\t<section class=\"elementor-section elementor-top-section elementor-element elementor-element-f4137d5 elementor-section-boxed elementor-section-height-default elementor-section-height-default parallax_section_no qode_elementor_container_no\" data-id=\"f4137d5\" data-element_type=\"section\" data-e-type=\"section\">\n\t\t\t\t\t\t<div class=\"elementor-container elementor-column-gap-default\">\n\t\t\t\t\t<div class=\"elementor-column elementor-col-100 elementor-top-column elementor-element elementor-element-90b8caa\" data-id=\"90b8caa\" data-element_type=\"column\" data-e-type=\"column\">\n\t\t\t<div class=\"elementor-widget-wrap elementor-element-populated\">\n\t\t\t\t\t\t<div class=\"elementor-element elementor-element-4427304 elementor-widget elementor-widget-google_maps\" data-id=\"4427304\" data-element_type=\"widget\" data-e-type=\"widget\" data-widget_type=\"google_maps.default\">\n\t\t\t\t<div class=\"elementor-widget-container\">\n\t\t\t\t\t\t\t<div class=\"elementor-custom-embed\">\n\t\t\t<iframe loading=\"lazy\"\n\t\t\t\t\tsrc=\"https:\/\/maps.google.com\/maps?q=La%20serra%20de%20rialb&#038;t=m&#038;z=10&#038;output=embed&#038;iwloc=near\"\n\t\t\t\t\ttitle=\"La serra de rialb\"\n\t\t\t\t\taria-label=\"La serra de rialb\"\n\t\t\t><\/iframe>\n\t\t<\/div>\n\t\t\t\t\t\t<\/div>\n\t\t\t\t<\/div>\n\t\t\t\t\t<\/div>\n\t\t<\/div>\n\t\t\t\t\t<\/div>\n\t\t<\/section>\n\t\t\t\t<section class=\"elementor-section elementor-top-section elementor-element elementor-element-f969846 elementor-section-boxed elementor-section-height-default elementor-section-height-default parallax_section_no qode_elementor_container_no\" data-id=\"f969846\" data-element_type=\"section\" data-e-type=\"section\">\n\t\t\t\t\t\t<div class=\"elementor-container elementor-column-gap-default\">\n\t\t\t\t\t<div class=\"elementor-column elementor-col-100 elementor-top-column elementor-element elementor-element-0e9b4ac\" data-id=\"0e9b4ac\" data-element_type=\"column\" data-e-type=\"column\">\n\t\t\t<div class=\"elementor-widget-wrap elementor-element-populated\">\n\t\t\t\t\t\t\t<\/div>\n\t\t<\/div>\n\t\t\t\t\t<\/div>\n\t\t<\/section>\n\t\t\t\t<section class=\"elementor-section elementor-top-section elementor-element elementor-element-7f9f88d elementor-section-boxed elementor-section-height-default elementor-section-height-default parallax_section_no qode_elementor_container_no\" data-id=\"7f9f88d\" data-element_type=\"section\" data-e-type=\"section\">\n\t\t\t\t\t\t<div class=\"elementor-container elementor-column-gap-default\">\n\t\t\t\t\t<div class=\"elementor-column elementor-col-100 elementor-top-column elementor-element elementor-element-5172372\" data-id=\"5172372\" data-element_type=\"column\" data-e-type=\"column\">\n\t\t\t<div class=\"elementor-widget-wrap elementor-element-populated\">\n\t\t\t\t\t\t<div class=\"elementor-element elementor-element-03c78c5 elementor-widget elementor-widget-heading\" data-id=\"03c78c5\" data-element_type=\"widget\" data-e-type=\"widget\" data-widget_type=\"heading.default\">\n\t\t\t\t<div class=\"elementor-widget-container\">\n\t\t\t\t\t<h2 class=\"elementor-heading-title elementor-size-default\">Llocs d'inter\u00e8s a La Serra de Rialb i rodalies<\/h2>\t\t\t\t<\/div>\n\t\t\t\t<\/div>\n\t\t\t\t\t<\/div>\n\t\t<\/div>\n\t\t\t\t\t<\/div>\n\t\t<\/section>\n\t\t\t\t<section class=\"elementor-section elementor-top-section elementor-element elementor-element-90a87c6 elementor-section-boxed elementor-section-height-default elementor-section-height-default parallax_section_no qode_elementor_container_no\" data-id=\"90a87c6\" data-element_type=\"section\" data-e-type=\"section\">\n\t\t\t\t\t\t<div class=\"elementor-container elementor-column-gap-default\">\n\t\t\t\t\t<div class=\"elementor-column elementor-col-100 elementor-top-column elementor-element elementor-element-4b17ba9\" data-id=\"4b17ba9\" data-element_type=\"column\" data-e-type=\"column\">\n\t\t\t<div class=\"elementor-widget-wrap elementor-element-populated\">\n\t\t\t\t\t\t\t<\/div>\n\t\t<\/div>\n\t\t\t\t\t<\/div>\n\t\t<\/section>\n\t\t\t\t<section class=\"elementor-section elementor-top-section elementor-element elementor-element-ad5aa92 elementor-section-boxed elementor-section-height-default elementor-section-height-default parallax_section_no qode_elementor_container_no\" data-id=\"ad5aa92\" data-element_type=\"section\" data-e-type=\"section\">\n\t\t\t\t\t\t<div class=\"elementor-container elementor-column-gap-default\">\n\t\t\t\t\t<div class=\"elementor-column elementor-col-100 elementor-top-column elementor-element elementor-element-f9a46cd\" data-id=\"f9a46cd\" data-element_type=\"column\" data-e-type=\"column\">\n\t\t\t<div class=\"elementor-widget-wrap elementor-element-populated\">\n\t\t\t\t\t\t<div class=\"elementor-element elementor-element-0f3678b elementor-widget elementor-widget-text-editor\" data-id=\"0f3678b\" data-element_type=\"widget\" data-e-type=\"widget\" data-widget_type=\"text-editor.default\">\n\t\t\t\t<div class=\"elementor-widget-container\">\n\t\t\t\t\t\t\t\t\t<p>Tot i ser un poble petit, \u00e9s un lloc sorprenent i amb molta bellesa. A continuaci\u00f3 trobareu alguns llocs que indubtablement has de visitar.<\/p><ul><li>La parr\u00f2quia de Santa Maria: \u00e9s una esgl\u00e9sia que es creu que podria tenir origen rom\u00e0nic. Tot i aix\u00f2, actualment es mostra com una construcci\u00f3 d&#8217;estil rural.<\/li><li>L\u00b4esgl\u00e9sia de Sant Antoni i del Roser: una esgl\u00e9sia del segle XVIII. Actualment \u00e9s una propietat privada, per\u00f2 aix\u00f2 no impedeix una visita per l&#8217;exterior per gaudir de les vistes.<\/li><li>A m\u00e9s, es tracta d&#8217;una zona molt natural, per la qual cosa \u00e9s ple de diferents opcions de rutes de senderisme: podeu dirigir-vos fins al Dolmen de Cols, a Politg; fins al poble de Torreblanca; fins a Gualter; o fins i tot Tiurana. Aquestes s\u00f3n algunes de les rutes m\u00e9s conegudes i concorregudes.<\/li><\/ul>\t\t\t\t\t\t\t\t<\/div>\n\t\t\t\t<\/div>\n\t\t\t\t\t<\/div>\n\t\t<\/div>\n\t\t\t\t\t<\/div>\n\t\t<\/section>\n\t\t\t\t<section class=\"elementor-section elementor-top-section elementor-element elementor-element-324a882 elementor-section-boxed elementor-section-height-default elementor-section-height-default parallax_section_no qode_elementor_container_no\" data-id=\"324a882\" data-element_type=\"section\" data-e-type=\"section\">\n\t\t\t\t\t\t<div class=\"elementor-container elementor-column-gap-default\">\n\t\t\t\t\t<div class=\"elementor-column elementor-col-100 elementor-top-column elementor-element elementor-element-770b6cd\" data-id=\"770b6cd\" data-element_type=\"column\" data-e-type=\"column\">\n\t\t\t<div class=\"elementor-widget-wrap elementor-element-populated\">\n\t\t\t\t\t\t\t<\/div>\n\t\t<\/div>\n\t\t\t\t\t<\/div>\n\t\t<\/section>\n\t\t\t\t<section class=\"elementor-section elementor-top-section elementor-element elementor-element-efc7b93 elementor-section-boxed elementor-section-height-default elementor-section-height-default parallax_section_no qode_elementor_container_no\" data-id=\"efc7b93\" data-element_type=\"section\" data-e-type=\"section\">\n\t\t\t\t\t\t<div class=\"elementor-container elementor-column-gap-default\">\n\t\t\t\t\t<div class=\"elementor-column elementor-col-100 elementor-top-column elementor-element elementor-element-eb77268\" data-id=\"eb77268\" data-element_type=\"column\" data-e-type=\"column\">\n\t\t\t<div class=\"elementor-widget-wrap elementor-element-populated\">\n\t\t\t\t\t\t<div class=\"elementor-element elementor-element-81a3f30 elementor-widget elementor-widget-heading\" data-id=\"81a3f30\" data-element_type=\"widget\" data-e-type=\"widget\" data-widget_type=\"heading.default\">\n\t\t\t\t<div class=\"elementor-widget-container\">\n\t\t\t\t\t<h2 class=\"elementor-heading-title elementor-size-default\">On dormir a La Serra de Rialb?<\/h2>\t\t\t\t<\/div>\n\t\t\t\t<\/div>\n\t\t\t\t\t<\/div>\n\t\t<\/div>\n\t\t\t\t\t<\/div>\n\t\t<\/section>\n\t\t\t\t<section class=\"elementor-section elementor-top-section elementor-element elementor-element-9f954bf elementor-section-boxed elementor-section-height-default elementor-section-height-default parallax_section_no qode_elementor_container_no\" data-id=\"9f954bf\" data-element_type=\"section\" data-e-type=\"section\">\n\t\t\t\t\t\t<div class=\"elementor-container elementor-column-gap-default\">\n\t\t\t\t\t<div class=\"elementor-column elementor-col-100 elementor-top-column elementor-element elementor-element-6027f99\" data-id=\"6027f99\" data-element_type=\"column\" data-e-type=\"column\">\n\t\t\t<div class=\"elementor-widget-wrap elementor-element-populated\">\n\t\t\t\t\t\t<div class=\"elementor-element elementor-element-91a364d elementor-widget elementor-widget-text-editor\" data-id=\"91a364d\" data-element_type=\"widget\" data-e-type=\"widget\" data-widget_type=\"text-editor.default\">\n\t\t\t\t<div class=\"elementor-widget-container\">\n\t\t\t\t\t\t\t\t\t<p>A nom\u00e9s un quart d&#8217;hora amb cotxe de La Serra de Rialb trobareu la Casa dels Peixos, una preciosa casa rural ideal per allotjar-vos en fam\u00edlia o en grups d&#8217;amics. \u00c9s una casa rural on hi caben fins a 16 persones. Com que som a prop de la Serra de Rialb, la Casa dels Peixos \u00e9s al cor de la Baronia de Rialb. \u00c9s un lloc perfecte per relaxar-se, a m\u00e9s, t\u00e9 un llac privat per al gaudi dels hostes.<\/p><p>L\u00b4allotjament t\u00e9 dos pisos de 200m2. A la primera planta hi trobareu el rebedor i dues grans habitacions amb bany privat. Tamb\u00e9 a la primera planta hi ha una sala de jocs ideal per a la distracci\u00f3 de tots els hostes, sense importar ledat. Al segon pis hi ha el menjador (t\u00e9 una capacitat per a 16 comensals i acc\u00e9s directe a l&#8217;exterior de la casa), la cuina i sis habitacions amb bany privat (equipades amb llen\u00e7ols i n\u00f2rdics, igual que les de la primera planta). La part exterior de la casa est\u00e0 tancada per crear un espai m\u00e9s \u00edntim, i \u00e9s on trobareu la piscina i el llac; a m\u00e9s de la barbacoa, les gandules i espai de sobres que podreu fer servir com a aparcament.<\/p>\t\t\t\t\t\t\t\t<\/div>\n\t\t\t\t<\/div>\n\t\t\t\t\t<\/div>\n\t\t<\/div>\n\t\t\t\t\t<\/div>\n\t\t<\/section>\n\t\t\t\t<section class=\"elementor-section elementor-top-section elementor-element elementor-element-6a81f14 elementor-section-boxed elementor-section-height-default elementor-section-height-default parallax_section_no qode_elementor_container_no\" data-id=\"6a81f14\" data-element_type=\"section\" data-e-type=\"section\">\n\t\t\t\t\t\t<div class=\"elementor-container elementor-column-gap-default\">\n\t\t\t\t\t<div class=\"elementor-column elementor-col-100 elementor-top-column elementor-element elementor-element-eab2bbb\" data-id=\"eab2bbb\" data-element_type=\"column\" data-e-type=\"column\">\n\t\t\t<div class=\"elementor-widget-wrap elementor-element-populated\">\n\t\t\t\t\t\t<div class=\"elementor-element elementor-element-8e77ca1 elementor-align-center elementor-widget elementor-widget-button\" data-id=\"8e77ca1\" data-element_type=\"widget\" data-e-type=\"widget\" data-widget_type=\"button.default\">\n\t\t\t\t<div class=\"elementor-widget-container\">\n\t\t\t\t\t\t\t\t\t<div class=\"elementor-button-wrapper\">\n\t\t\t\t\t<a class=\"elementor-button elementor-button-link elementor-size-sm\" href=\"https:\/\/casadelspeixos.cat\/ca\/dormir-a-la-baronia-de-rialb\/\">\n\t\t\t\t\t\t<span class=\"elementor-button-content-wrapper\">\n\t\t\t\t\t\t\t\t\t<span class=\"elementor-button-text\">on dormir <\/span>\n\t\t\t\t\t<\/span>\n\t\t\t\t\t<\/a>\n\t\t\t\t<\/div>\n\t\t\t\t\t\t\t\t<\/div>\n\t\t\t\t<\/div>\n\t\t\t\t\t<\/div>\n\t\t<\/div>\n\t\t\t\t\t<\/div>\n\t\t<\/section>\n\t\t\t\t<section class=\"elementor-section elementor-top-section elementor-element elementor-element-9b7e222 elementor-section-boxed elementor-section-height-default elementor-section-height-default parallax_section_no qode_elementor_container_no\" data-id=\"9b7e222\" data-element_type=\"section\" data-e-type=\"section\">\n\t\t\t\t\t\t<div class=\"elementor-container elementor-column-gap-default\">\n\t\t\t\t\t<div class=\"elementor-column elementor-col-100 elementor-top-column elementor-element elementor-element-faa305f\" data-id=\"faa305f\" data-element_type=\"column\" data-e-type=\"column\">\n\t\t\t<div class=\"elementor-widget-wrap elementor-element-populated\">\n\t\t\t\t\t\t\t<\/div>\n\t\t<\/div>\n\t\t\t\t\t<\/div>\n\t\t<\/section>\n\t\t\t\t<section class=\"elementor-section elementor-top-section elementor-element elementor-element-413a8d6 elementor-section-boxed elementor-section-height-default elementor-section-height-default parallax_section_no qode_elementor_container_no\" data-id=\"413a8d6\" data-element_type=\"section\" data-e-type=\"section\">\n\t\t\t\t\t\t<div class=\"elementor-container elementor-column-gap-default\">\n\t\t\t\t\t<div class=\"elementor-column elementor-col-100 elementor-top-column elementor-element elementor-element-6497891\" data-id=\"6497891\" data-element_type=\"column\" data-e-type=\"column\">\n\t\t\t<div class=\"elementor-widget-wrap elementor-element-populated\">\n\t\t\t\t\t\t<div class=\"elementor-element elementor-element-d918ddf elementor-widget elementor-widget-heading\" data-id=\"d918ddf\" data-element_type=\"widget\" data-e-type=\"widget\" data-widget_type=\"heading.default\">\n\t\t\t\t<div class=\"elementor-widget-container\">\n\t\t\t\t\t<h2 class=\"elementor-heading-title elementor-size-default\">Qu\u00e8 menjar a La Serra de Rialb?<\/h2>\t\t\t\t<\/div>\n\t\t\t\t<\/div>\n\t\t\t\t\t<\/div>\n\t\t<\/div>\n\t\t\t\t\t<\/div>\n\t\t<\/section>\n\t\t\t\t<section class=\"elementor-section elementor-top-section elementor-element elementor-element-faf8e3c elementor-section-boxed elementor-section-height-default elementor-section-height-default parallax_section_no qode_elementor_container_no\" data-id=\"faf8e3c\" data-element_type=\"section\" data-e-type=\"section\">\n\t\t\t\t\t\t<div class=\"elementor-container elementor-column-gap-default\">\n\t\t\t\t\t<div class=\"elementor-column elementor-col-100 elementor-top-column elementor-element elementor-element-8966cd6\" data-id=\"8966cd6\" data-element_type=\"column\" data-e-type=\"column\">\n\t\t\t<div class=\"elementor-widget-wrap elementor-element-populated\">\n\t\t\t\t\t\t<div class=\"elementor-element elementor-element-05c49ce elementor-widget elementor-widget-text-editor\" data-id=\"05c49ce\" data-element_type=\"widget\" data-e-type=\"widget\" data-widget_type=\"text-editor.default\">\n\t\t\t\t<div class=\"elementor-widget-container\">\n\t\t\t\t\t\t\t\t\t<p>El nostre objectiu \u00e9s proporcionar un servei excel\u00b7lent i crear uns records inoblidables, i tots sabem que una panxa feli\u00e7 ajuda a millorar qualsevol experi\u00e8ncia. Aix\u00ed doncs, des de la Casa dels Peixos oferim preparar una paella o carn a la brasa per a tu i els teus.<\/p>\t\t\t\t\t\t\t\t<\/div>\n\t\t\t\t<\/div>\n\t\t\t\t\t<\/div>\n\t\t<\/div>\n\t\t\t\t\t<\/div>\n\t\t<\/section>\n\t\t\t\t<section class=\"elementor-section elementor-top-section elementor-element elementor-element-2627055 elementor-section-boxed elementor-section-height-default elementor-section-height-default parallax_section_no qode_elementor_container_no\" data-id=\"2627055\" data-element_type=\"section\" data-e-type=\"section\">\n\t\t\t\t\t\t<div class=\"elementor-container elementor-column-gap-default\">\n\t\t\t\t\t<div class=\"elementor-column elementor-col-100 elementor-top-column elementor-element elementor-element-a4de3e1\" data-id=\"a4de3e1\" data-element_type=\"column\" data-e-type=\"column\">\n\t\t\t<div class=\"elementor-widget-wrap elementor-element-populated\">\n\t\t\t\t\t\t<div class=\"elementor-element elementor-element-0bfb4b1 elementor-align-center elementor-widget elementor-widget-button\" data-id=\"0bfb4b1\" data-element_type=\"widget\" data-e-type=\"widget\" data-widget_type=\"button.default\">\n\t\t\t\t<div class=\"elementor-widget-container\">\n\t\t\t\t\t\t\t\t\t<div class=\"elementor-button-wrapper\">\n\t\t\t\t\t<a class=\"elementor-button elementor-button-link elementor-size-sm\" href=\"https:\/\/casadelspeixos.cat\/ca\/menjar-a-la-baronia-de-rialb\/\">\n\t\t\t\t\t\t<span class=\"elementor-button-content-wrapper\">\n\t\t\t\t\t\t\t\t\t<span class=\"elementor-button-text\">on menjar<\/span>\n\t\t\t\t\t<\/span>\n\t\t\t\t\t<\/a>\n\t\t\t\t<\/div>\n\t\t\t\t\t\t\t\t<\/div>\n\t\t\t\t<\/div>\n\t\t\t\t\t<\/div>\n\t\t<\/div>\n\t\t\t\t\t<\/div>\n\t\t<\/section>\n\t\t\t\t<section class=\"elementor-section elementor-top-section elementor-element elementor-element-46e8d36 elementor-section-boxed elementor-section-height-default elementor-section-height-default parallax_section_no qode_elementor_container_no\" data-id=\"46e8d36\" data-element_type=\"section\" data-e-type=\"section\">\n\t\t\t\t\t\t<div class=\"elementor-container elementor-column-gap-default\">\n\t\t\t\t\t<div class=\"elementor-column elementor-col-100 elementor-top-column elementor-element elementor-element-fc0f343\" data-id=\"fc0f343\" data-element_type=\"column\" data-e-type=\"column\">\n\t\t\t<div class=\"elementor-widget-wrap elementor-element-populated\">\n\t\t\t\t\t\t\t<\/div>\n\t\t<\/div>\n\t\t\t\t\t<\/div>\n\t\t<\/section>\n\t\t\t\t<section class=\"elementor-section elementor-top-section elementor-element elementor-element-3683fc5 elementor-section-boxed elementor-section-height-default elementor-section-height-default parallax_section_no qode_elementor_container_no\" data-id=\"3683fc5\" data-element_type=\"section\" data-e-type=\"section\">\n\t\t\t\t\t\t<div class=\"elementor-container elementor-column-gap-default\">\n\t\t\t\t\t<div class=\"elementor-column elementor-col-100 elementor-top-column elementor-element elementor-element-26ee695\" data-id=\"26ee695\" data-element_type=\"column\" data-e-type=\"column\">\n\t\t\t<div class=\"elementor-widget-wrap elementor-element-populated\">\n\t\t\t\t\t\t<div class=\"elementor-element elementor-element-4a4a46b elementor-widget elementor-widget-heading\" data-id=\"4a4a46b\" data-element_type=\"widget\" data-e-type=\"widget\" data-widget_type=\"heading.default\">\n\t\t\t\t<div class=\"elementor-widget-container\">\n\t\t\t\t\t<h2 class=\"elementor-heading-title elementor-size-default\">Altres activitats a fer a La Serra de Rialb<\/h2>\t\t\t\t<\/div>\n\t\t\t\t<\/div>\n\t\t\t\t\t<\/div>\n\t\t<\/div>\n\t\t\t\t\t<\/div>\n\t\t<\/section>\n\t\t\t\t<section class=\"elementor-section elementor-top-section elementor-element elementor-element-2123f87 elementor-section-boxed elementor-section-height-default elementor-section-height-default parallax_section_no qode_elementor_container_no\" data-id=\"2123f87\" data-element_type=\"section\" data-e-type=\"section\">\n\t\t\t\t\t\t<div class=\"elementor-container elementor-column-gap-default\">\n\t\t\t\t\t<div class=\"elementor-column elementor-col-100 elementor-top-column elementor-element elementor-element-fdd6791\" data-id=\"fdd6791\" data-element_type=\"column\" data-e-type=\"column\">\n\t\t\t<div class=\"elementor-widget-wrap elementor-element-populated\">\n\t\t\t\t\t\t<div class=\"elementor-element elementor-element-8d4ba0a elementor-widget elementor-widget-text-editor\" data-id=\"8d4ba0a\" data-element_type=\"widget\" data-e-type=\"widget\" data-widget_type=\"text-editor.default\">\n\t\t\t\t<div class=\"elementor-widget-container\">\n\t\t\t\t\t\t\t\t\t<p>La Casa dels Peixos \u00e9s un espai perfecte per a tota la fam\u00edlia: sempre hi ha alguna cosa a fer, no hi ha temps per avorrir-se! Tenim un taller de cuina de 2 hores de durada i oferim classes de ioga. A aix\u00f2 li has de sumar la varietat d&#8217;activitats que pots fer a la sala de jocs, on hi ha una taula de ping-pong, un futbol\u00ed i altres jocs aptes per a totes les edats. Tingues en compte que es tracta d&#8217;una zona molt verda, per la qual cosa podr\u00e0s fer una gran varietat d&#8217;esports a l&#8217;aire lliure<\/p>\t\t\t\t\t\t\t\t<\/div>\n\t\t\t\t<\/div>\n\t\t\t\t\t<\/div>\n\t\t<\/div>\n\t\t\t\t\t<\/div>\n\t\t<\/section>\n\t\t\t\t<section class=\"elementor-section elementor-top-section elementor-element elementor-element-41c3221 elementor-section-boxed elementor-section-height-default elementor-section-height-default parallax_section_no qode_elementor_container_no\" data-id=\"41c3221\" data-element_type=\"section\" data-e-type=\"section\">\n\t\t\t\t\t\t<div class=\"elementor-container elementor-column-gap-default\">\n\t\t\t\t\t<div class=\"elementor-column elementor-col-100 elementor-top-column elementor-element elementor-element-d5b5c70\" data-id=\"d5b5c70\" data-element_type=\"column\" data-e-type=\"column\">\n\t\t\t<div class=\"elementor-widget-wrap elementor-element-populated\">\n\t\t\t\t\t\t\t<\/div>\n\t\t<\/div>\n\t\t\t\t\t<\/div>\n\t\t<\/section>\n\t\t\t\t<section class=\"elementor-section elementor-top-section elementor-element elementor-element-09caece elementor-section-boxed elementor-section-height-default elementor-section-height-default parallax_section_no qode_elementor_container_no\" data-id=\"09caece\" data-element_type=\"section\" data-e-type=\"section\">\n\t\t\t\t\t\t<div class=\"elementor-container elementor-column-gap-default\">\n\t\t\t\t\t<div class=\"elementor-column elementor-col-100 elementor-top-column elementor-element elementor-element-6b4278d\" data-id=\"6b4278d\" data-element_type=\"column\" data-e-type=\"column\">\n\t\t\t<div class=\"elementor-widget-wrap elementor-element-populated\">\n\t\t\t\t\t\t\t<\/div>\n\t\t<\/div>\n\t\t\t\t\t<\/div>\n\t\t<\/section>\n\t\t\t\t<section class=\"elementor-section elementor-top-section elementor-element elementor-element-b0800e2 elementor-section-boxed elementor-section-height-default elementor-section-height-default parallax_section_no qode_elementor_container_no\" data-id=\"b0800e2\" data-element_type=\"section\" data-e-type=\"section\">\n\t\t\t\t\t\t<div class=\"elementor-container elementor-column-gap-default\">\n\t\t\t\t\t<div class=\"elementor-column elementor-col-25 elementor-top-column elementor-element elementor-element-1c5bd11\" data-id=\"1c5bd11\" data-element_type=\"column\" data-e-type=\"column\">\n\t\t\t<div class=\"elementor-widget-wrap elementor-element-populated\">\n\t\t\t\t\t\t<div class=\"elementor-element elementor-element-5cd9b83 elementor-widget elementor-widget-image\" data-id=\"5cd9b83\" data-element_type=\"widget\" data-e-type=\"widget\" data-widget_type=\"image.default\">\n\t\t\t\t<div class=\"elementor-widget-container\">\n\t\t\t\t\t\t\t\t\t\t\t\t\t\t\t<img fetchpriority=\"high\" decoding=\"async\" width=\"572\" height=\"741\" src=\"https:\/\/casadelspeixos.cat\/wp-content\/uploads\/2022\/07\/foto-cuina-1.jpeg\" class=\"attachment-large size-large wp-image-3136\" alt=\"Sart\u00e9n conn tres truchas de rio ali\u00f1adas con pasas pi\u00f1ones y jam\u00f3n. Medio lim\u00f3n exprimi\u00e9ndose encima\" srcset=\"https:\/\/casadelspeixos.cat\/wp-content\/uploads\/2022\/07\/foto-cuina-1.jpeg 572w, https:\/\/casadelspeixos.cat\/wp-content\/uploads\/2022\/07\/foto-cuina-1-232x300.jpeg 232w\" sizes=\"(max-width: 572px) 100vw, 572px\" \/>\t\t\t\t\t\t\t\t\t\t\t\t\t\t\t<\/div>\n\t\t\t\t<\/div>\n\t\t\t\t\t<\/div>\n\t\t<\/div>\n\t\t\t\t<div class=\"elementor-column elementor-col-25 elementor-top-column elementor-element elementor-element-48aefdc\" data-id=\"48aefdc\" data-element_type=\"column\" data-e-type=\"column\">\n\t\t\t<div class=\"elementor-widget-wrap elementor-element-populated\">\n\t\t\t\t\t\t<div class=\"elementor-element elementor-element-1fac778 elementor-widget elementor-widget-text-editor\" data-id=\"1fac778\" data-element_type=\"widget\" data-e-type=\"widget\" data-widget_type=\"text-editor.default\">\n\t\t\t\t<div class=\"elementor-widget-container\">\n\t\t\t\t\t\t\t\t\t<div class=\"elementor-element elementor-element-e8e6493 elementor-widget elementor-widget-heading\" data-id=\"e8e6493\" data-element_type=\"widget\" data-widget_type=\"heading.default\"><div class=\"elementor-widget-container\"><div class=\"elementor-element elementor-element-c7ed244 elementor-widget elementor-widget-heading\" data-id=\"c7ed244\" data-element_type=\"widget\" data-widget_type=\"heading.default\"><div class=\"elementor-widget-container\"><div class=\"elementor-element elementor-element-afe381a elementor-widget elementor-widget-heading\" data-id=\"afe381a\" data-element_type=\"widget\" data-widget_type=\"heading.default\"><div class=\"elementor-widget-container\"><h4 class=\"elementor-heading-title elementor-size-default\">CUINA EN FAM\u00cdLIA<\/h4><\/div><\/div><div class=\"elementor-element elementor-element-54774d5 elementor-widget elementor-widget-heading\" data-id=\"54774d5\" data-element_type=\"widget\" data-widget_type=\"heading.default\"><div class=\"elementor-widget-container\"><h3 class=\"elementor-heading-title elementor-size-default\">Taller de cuina<\/h3><\/div><\/div><div class=\"elementor-element elementor-element-3833b23 elementor-widget elementor-widget-text-editor\" data-id=\"3833b23\" data-element_type=\"widget\" data-widget_type=\"text-editor.default\"><div class=\"elementor-widget-container\"><div class=\"elementor-text-editor elementor-clearfix\"><p>Taller de 2 hores aprox. on cuinarem entrants i tapes, primer i segon plat, i les postres que no faltin.<\/p><p>I despr\u00e9s ens ho menjarem\u00a0<img decoding=\"async\" class=\"emoji\" role=\"img\" draggable=\"false\" src=\"https:\/\/s.w.org\/images\/core\/emoji\/14.0.0\/svg\/1f642.svg\" alt=\"\ud83d\ude42\" \/><\/p><p>Inclou llaminadures i copa de cava.<\/p><\/div><\/div><\/div><div class=\"elementor-element elementor-element-ee85be3 elementor-widget elementor-widget-text-editor\" data-id=\"ee85be3\" data-element_type=\"widget\" data-widget_type=\"text-editor.default\"><div class=\"elementor-widget-container\"><div class=\"elementor-text-editor elementor-clearfix\"><a href=\"mailto:info@casadelspeixos.cat\">m\u00e9s info<\/a><\/div><\/div><\/div><\/div><\/div><\/div><\/div>\t\t\t\t\t\t\t\t<\/div>\n\t\t\t\t<\/div>\n\t\t\t\t\t<\/div>\n\t\t<\/div>\n\t\t\t\t<div class=\"elementor-column elementor-col-25 elementor-top-column elementor-element elementor-element-b3c52bc\" data-id=\"b3c52bc\" data-element_type=\"column\" data-e-type=\"column\">\n\t\t\t<div class=\"elementor-widget-wrap elementor-element-populated\">\n\t\t\t\t\t\t<div class=\"elementor-element elementor-element-95d8a8f elementor-widget elementor-widget-image\" data-id=\"95d8a8f\" data-element_type=\"widget\" data-e-type=\"widget\" data-widget_type=\"image.default\">\n\t\t\t\t<div class=\"elementor-widget-container\">\n\t\t\t\t\t\t\t\t\t\t\t\t\t\t\t<img decoding=\"async\" width=\"572\" height=\"741\" src=\"https:\/\/casadelspeixos.cat\/wp-content\/uploads\/2022\/07\/foto-ioga.jpeg\" class=\"attachment-large size-large wp-image-3123\" alt=\"Chica practicando yoga en medio de un campo de trigo a\u00fan verde. Al fondo monta\u00f1as con un cielo azul\" srcset=\"https:\/\/casadelspeixos.cat\/wp-content\/uploads\/2022\/07\/foto-ioga.jpeg 572w, https:\/\/casadelspeixos.cat\/wp-content\/uploads\/2022\/07\/foto-ioga-232x300.jpeg 232w\" sizes=\"(max-width: 572px) 100vw, 572px\" \/>\t\t\t\t\t\t\t\t\t\t\t\t\t\t\t<\/div>\n\t\t\t\t<\/div>\n\t\t\t\t\t<\/div>\n\t\t<\/div>\n\t\t\t\t<div class=\"elementor-column elementor-col-25 elementor-top-column elementor-element elementor-element-8dda30e\" data-id=\"8dda30e\" data-element_type=\"column\" data-e-type=\"column\">\n\t\t\t<div class=\"elementor-widget-wrap elementor-element-populated\">\n\t\t\t\t\t\t<div class=\"elementor-element elementor-element-ec902c9 elementor-widget elementor-widget-text-editor\" data-id=\"ec902c9\" data-element_type=\"widget\" data-e-type=\"widget\" data-widget_type=\"text-editor.default\">\n\t\t\t\t<div class=\"elementor-widget-container\">\n\t\t\t\t\t\t\t\t\t<div class=\"elementor-element elementor-element-3dc8cce elementor-widget elementor-widget-heading\" data-id=\"3dc8cce\" data-element_type=\"widget\" data-widget_type=\"heading.default\"><div class=\"elementor-widget-container\"><div class=\"elementor-element elementor-element-8ac7567 elementor-widget elementor-widget-heading\" data-id=\"8ac7567\" data-element_type=\"widget\" data-widget_type=\"heading.default\"><div class=\"elementor-widget-container\"><div class=\"elementor-element elementor-element-5fbf76c elementor-widget elementor-widget-heading\" data-id=\"5fbf76c\" data-element_type=\"widget\" data-widget_type=\"heading.default\"><div class=\"elementor-widget-container\"><h4 class=\"elementor-heading-title elementor-size-default\">TROBA L\u2019EQUILIBRI<\/h4><\/div><\/div><div class=\"elementor-element elementor-element-9ccbabf elementor-widget elementor-widget-heading\" data-id=\"9ccbabf\" data-element_type=\"widget\" data-widget_type=\"heading.default\"><div class=\"elementor-widget-container\"><h3 class=\"elementor-heading-title elementor-size-default\">Classe grupal de ioga<\/h3><\/div><\/div><div class=\"elementor-element elementor-element-4acd504 elementor-widget elementor-widget-text-editor\" data-id=\"4acd504\" data-element_type=\"widget\" data-widget_type=\"text-editor.default\"><div class=\"elementor-widget-container\"><div class=\"elementor-text-editor elementor-clearfix\"><p>Classe grupal d\u2019una hora a la Caseta o al jard\u00ed, si fa bo.<\/p><p>Inclou material de ioga, brunch i imfusi\u00f3 YogiTea.<\/p><\/div><\/div><\/div><div class=\"elementor-element elementor-element-492c8f3 elementor-widget elementor-widget-text-editor\" data-id=\"492c8f3\" data-element_type=\"widget\" data-widget_type=\"text-editor.default\"><div class=\"elementor-widget-container\"><div class=\"elementor-text-editor elementor-clearfix\"><a href=\"mailto:info@casadelspeixos.cat\">m\u00e9s info<\/a><\/div><\/div><\/div><\/div><\/div><\/div><\/div>\t\t\t\t\t\t\t\t<\/div>\n\t\t\t\t<\/div>\n\t\t\t\t\t<\/div>\n\t\t<\/div>\n\t\t\t\t\t<\/div>\n\t\t<\/section>\n\t\t\t\t<\/div>\n\t\t","protected":false},"excerpt":{"rendered":"<p>La Serra de Rialb \u00e9s un petit poble de la Baronia de Rialb, a la comarca de la Noguera, a l&#8217;esquerra del pant\u00e0 de Rialb. Tot i no tenir m\u00e9s de 25 habitants, \u00e9s un lloc amb molt d&#8217;encant. Vols con\u00e8ixer-ho en profunditat? Continua llegint!&#8230;<\/p>\n","protected":false},"author":2,"featured_media":5340,"comment_status":"open","ping_status":"open","sticky":false,"template":"","format":"standard","meta":{"_joinchat":[],"footnotes":""},"categories":[41,34],"tags":[42,33],"class_list":["post-3592","post","type-post","status-publish","format-standard","has-post-thumbnail","hentry","category-nucleos","category-nuclis-2","tag-nucleos","tag-nuclis-ca"],"yoast_head":"<!-- This site is optimized with the Yoast SEO Premium plugin v20.1 (Yoast SEO v27.5) - https:\/\/yoast.com\/product\/yoast-seo-premium-wordpress\/ -->\n<title>Qu\u00e8 veure i fer a La Serra de Rialb &#8226; Casa dels Peixos<\/title>\n<meta name=\"description\" content=\"Est\u00e0s buscant qu\u00e8 fer a La Serra de Rialb? \u2705 Entra ara i t&#039;expliquem qu\u00e8 veure, qu\u00e8 menjar, activitats i on dormir a prop de La Serra de Rialb\" \/>\n<meta name=\"robots\" content=\"index, follow, max-snippet:-1, max-image-preview:large, max-video-preview:-1\" \/>\n<link rel=\"canonical\" href=\"https:\/\/casadelspeixos.cat\/ca\/wp-json\/wp\/v2\/posts\/3592\" \/>\n<meta property=\"og:locale\" content=\"ca_ES\" \/>\n<meta property=\"og:type\" content=\"article\" \/>\n<meta property=\"og:title\" content=\"Qu\u00e8 veure i fer a La Serra de Rialb\" \/>\n<meta property=\"og:description\" content=\"Est\u00e0s buscant qu\u00e8 fer a La Serra de Rialb? \u2705 Entra ara i t&#039;expliquem qu\u00e8 veure, qu\u00e8 menjar, activitats i on dormir a prop de La Serra de Rialb\" \/>\n<meta property=\"og:url\" content=\"https:\/\/casadelspeixos.cat\/ca\/nuclis-2\/que-veure-i-fer-a-la-serra-de-rialb\/\" \/>\n<meta property=\"og:site_name\" content=\"Casa dels Peixos\" \/>\n<meta property=\"article:publisher\" content=\"https:\/\/www.facebook.com\/lacasadelspeixos\/\" \/>\n<meta property=\"article:published_time\" content=\"2022-08-10T14:31:51+00:00\" \/>\n<meta property=\"article:modified_time\" content=\"2023-05-06T16:52:07+00:00\" \/>\n<meta property=\"og:image\" content=\"https:\/\/casadelspeixos.cat\/wp-content\/uploads\/2022\/07\/Santa-Maria-de-La-Serra-de-Rialb-1-1.jpeg\" \/>\n\t<meta property=\"og:image:width\" content=\"2507\" \/>\n\t<meta property=\"og:image:height\" content=\"2048\" \/>\n\t<meta property=\"og:image:type\" content=\"image\/jpeg\" \/>\n<meta name=\"author\" content=\"Casa dels Peixos\" \/>\n<meta name=\"twitter:card\" content=\"summary_large_image\" \/>\n<meta name=\"twitter:label1\" content=\"Escrit per\" \/>\n\t<meta name=\"twitter:data1\" content=\"Casa dels Peixos\" \/>\n\t<meta name=\"twitter:label2\" content=\"Temps estimat de lectura\" \/>\n\t<meta name=\"twitter:data2\" content=\"4 minuts\" \/>\n<script type=\"application\/ld+json\" class=\"yoast-schema-graph\">{\"@context\":\"https:\\\/\\\/schema.org\",\"@graph\":[{\"@type\":\"Article\",\"@id\":\"https:\\\/\\\/casadelspeixos.cat\\\/ca\\\/nuclis-2\\\/que-veure-i-fer-a-la-serra-de-rialb\\\/#article\",\"isPartOf\":{\"@id\":\"https:\\\/\\\/casadelspeixos.cat\\\/ca\\\/nuclis-2\\\/que-veure-i-fer-a-la-serra-de-rialb\\\/\"},\"author\":{\"name\":\"Casa dels Peixos\",\"@id\":\"https:\\\/\\\/casadelspeixos.cat\\\/#\\\/schema\\\/person\\\/8ade7b5ce60430b661080abd10e6b6dd\"},\"headline\":\"Qu\u00e8 veure i fer a La Serra de Rialb\",\"datePublished\":\"2022-08-10T14:31:51+00:00\",\"dateModified\":\"2023-05-06T16:52:07+00:00\",\"mainEntityOfPage\":{\"@id\":\"https:\\\/\\\/casadelspeixos.cat\\\/ca\\\/nuclis-2\\\/que-veure-i-fer-a-la-serra-de-rialb\\\/\"},\"wordCount\":714,\"commentCount\":0,\"publisher\":{\"@id\":\"https:\\\/\\\/casadelspeixos.cat\\\/#organization\"},\"image\":{\"@id\":\"https:\\\/\\\/casadelspeixos.cat\\\/ca\\\/nuclis-2\\\/que-veure-i-fer-a-la-serra-de-rialb\\\/#primaryimage\"},\"thumbnailUrl\":\"https:\\\/\\\/casadelspeixos.cat\\\/wp-content\\\/uploads\\\/2022\\\/07\\\/Santa-Maria-de-La-Serra-de-Rialb-1-1.jpeg\",\"keywords\":[\"N\u00facleos\",\"Nuclis\"],\"articleSection\":[\"n\u00facleos\",\"nuclis\"],\"inLanguage\":\"ca\",\"potentialAction\":[{\"@type\":\"CommentAction\",\"name\":\"Comment\",\"target\":[\"https:\\\/\\\/casadelspeixos.cat\\\/ca\\\/nuclis-2\\\/que-veure-i-fer-a-la-serra-de-rialb\\\/#respond\"]}]},{\"@type\":\"WebPage\",\"@id\":\"https:\\\/\\\/casadelspeixos.cat\\\/ca\\\/nuclis-2\\\/que-veure-i-fer-a-la-serra-de-rialb\\\/\",\"url\":\"https:\\\/\\\/casadelspeixos.cat\\\/ca\\\/nuclis-2\\\/que-veure-i-fer-a-la-serra-de-rialb\\\/\",\"name\":\"Qu\u00e8 veure i fer a La Serra de Rialb &#8226; Casa dels Peixos\",\"isPartOf\":{\"@id\":\"https:\\\/\\\/casadelspeixos.cat\\\/#website\"},\"primaryImageOfPage\":{\"@id\":\"https:\\\/\\\/casadelspeixos.cat\\\/ca\\\/nuclis-2\\\/que-veure-i-fer-a-la-serra-de-rialb\\\/#primaryimage\"},\"image\":{\"@id\":\"https:\\\/\\\/casadelspeixos.cat\\\/ca\\\/nuclis-2\\\/que-veure-i-fer-a-la-serra-de-rialb\\\/#primaryimage\"},\"thumbnailUrl\":\"https:\\\/\\\/casadelspeixos.cat\\\/wp-content\\\/uploads\\\/2022\\\/07\\\/Santa-Maria-de-La-Serra-de-Rialb-1-1.jpeg\",\"datePublished\":\"2022-08-10T14:31:51+00:00\",\"dateModified\":\"2023-05-06T16:52:07+00:00\",\"description\":\"Est\u00e0s buscant qu\u00e8 fer a La Serra de Rialb? \u2705 Entra ara i t'expliquem qu\u00e8 veure, qu\u00e8 menjar, activitats i on dormir a prop de La Serra de Rialb\",\"breadcrumb\":{\"@id\":\"https:\\\/\\\/casadelspeixos.cat\\\/ca\\\/nuclis-2\\\/que-veure-i-fer-a-la-serra-de-rialb\\\/#breadcrumb\"},\"inLanguage\":\"ca\",\"potentialAction\":[{\"@type\":\"ReadAction\",\"target\":[\"https:\\\/\\\/casadelspeixos.cat\\\/ca\\\/nuclis-2\\\/que-veure-i-fer-a-la-serra-de-rialb\\\/\"]}]},{\"@type\":\"ImageObject\",\"inLanguage\":\"ca\",\"@id\":\"https:\\\/\\\/casadelspeixos.cat\\\/ca\\\/nuclis-2\\\/que-veure-i-fer-a-la-serra-de-rialb\\\/#primaryimage\",\"url\":\"https:\\\/\\\/casadelspeixos.cat\\\/wp-content\\\/uploads\\\/2022\\\/07\\\/Santa-Maria-de-La-Serra-de-Rialb-1-1.jpeg\",\"contentUrl\":\"https:\\\/\\\/casadelspeixos.cat\\\/wp-content\\\/uploads\\\/2022\\\/07\\\/Santa-Maria-de-La-Serra-de-Rialb-1-1.jpeg\",\"width\":2507,\"height\":2048,\"caption\":\"Maravillosa visi\u00f3n de la iglesia de Santa Maria de La Serra. Colores rojizos del atardecer que convinan delicadamente con los marrones de la piedra de Santa Maria, el verde de los \u00e1rboles, el azul del cielo rojizo y los colores ocres del campo\"},{\"@type\":\"BreadcrumbList\",\"@id\":\"https:\\\/\\\/casadelspeixos.cat\\\/ca\\\/nuclis-2\\\/que-veure-i-fer-a-la-serra-de-rialb\\\/#breadcrumb\",\"itemListElement\":[{\"@type\":\"ListItem\",\"position\":1,\"name\":\"Inici\",\"item\":\"https:\\\/\\\/casadelspeixos.cat\\\/\"},{\"@type\":\"ListItem\",\"position\":2,\"name\":\"Qu\u00e8 veure i fer a La Serra de Rialb\"}]},{\"@type\":\"WebSite\",\"@id\":\"https:\\\/\\\/casadelspeixos.cat\\\/#website\",\"url\":\"https:\\\/\\\/casadelspeixos.cat\\\/\",\"name\":\"Casa dels Peixos\",\"description\":\"Casa de lloguer \u00edntegre al Pre-Pirineu Catal\u00e0\",\"publisher\":{\"@id\":\"https:\\\/\\\/casadelspeixos.cat\\\/#organization\"},\"potentialAction\":[{\"@type\":\"SearchAction\",\"target\":{\"@type\":\"EntryPoint\",\"urlTemplate\":\"https:\\\/\\\/casadelspeixos.cat\\\/?s={search_term_string}\"},\"query-input\":{\"@type\":\"PropertyValueSpecification\",\"valueRequired\":true,\"valueName\":\"search_term_string\"}}],\"inLanguage\":\"ca\"},{\"@type\":\"Organization\",\"@id\":\"https:\\\/\\\/casadelspeixos.cat\\\/#organization\",\"name\":\"Casa dels Peixos\",\"url\":\"https:\\\/\\\/casadelspeixos.cat\\\/\",\"logo\":{\"@type\":\"ImageObject\",\"inLanguage\":\"ca\",\"@id\":\"https:\\\/\\\/casadelspeixos.cat\\\/#\\\/schema\\\/logo\\\/image\\\/\",\"url\":\"https:\\\/\\\/casadelspeixos.cat\\\/wp-content\\\/uploads\\\/2020\\\/07\\\/logo-center.png\",\"contentUrl\":\"https:\\\/\\\/casadelspeixos.cat\\\/wp-content\\\/uploads\\\/2020\\\/07\\\/logo-center.png\",\"width\":376,\"height\":200,\"caption\":\"Casa dels Peixos\"},\"image\":{\"@id\":\"https:\\\/\\\/casadelspeixos.cat\\\/#\\\/schema\\\/logo\\\/image\\\/\"},\"sameAs\":[\"https:\\\/\\\/www.facebook.com\\\/lacasadelspeixos\\\/\",\"https:\\\/\\\/www.instagram.com\\\/casa_dels_peixos\\\/\"]},{\"@type\":\"Person\",\"@id\":\"https:\\\/\\\/casadelspeixos.cat\\\/#\\\/schema\\\/person\\\/8ade7b5ce60430b661080abd10e6b6dd\",\"name\":\"Casa dels Peixos\",\"image\":{\"@type\":\"ImageObject\",\"inLanguage\":\"ca\",\"@id\":\"https:\\\/\\\/secure.gravatar.com\\\/avatar\\\/056e03404aff6b8e9001d4e876f1748e550e688defbba6a2cff6095a3c34ba3d?s=96&d=mm&r=g\",\"url\":\"https:\\\/\\\/secure.gravatar.com\\\/avatar\\\/056e03404aff6b8e9001d4e876f1748e550e688defbba6a2cff6095a3c34ba3d?s=96&d=mm&r=g\",\"contentUrl\":\"https:\\\/\\\/secure.gravatar.com\\\/avatar\\\/056e03404aff6b8e9001d4e876f1748e550e688defbba6a2cff6095a3c34ba3d?s=96&d=mm&r=g\",\"caption\":\"Casa dels Peixos\"},\"sameAs\":[\"https:\\\/\\\/casadelspeixos.cat\\\/\"]}]}<\/script>\n<!-- \/ Yoast SEO Premium plugin. -->","yoast_head_json":{"title":"Qu\u00e8 veure i fer a La Serra de Rialb &#8226; Casa dels Peixos","description":"Est\u00e0s buscant qu\u00e8 fer a La Serra de Rialb? \u2705 Entra ara i t'expliquem qu\u00e8 veure, qu\u00e8 menjar, activitats i on dormir a prop de La Serra de Rialb","robots":{"index":"index","follow":"follow","max-snippet":"max-snippet:-1","max-image-preview":"max-image-preview:large","max-video-preview":"max-video-preview:-1"},"canonical":"https:\/\/casadelspeixos.cat\/ca\/wp-json\/wp\/v2\/posts\/3592","og_locale":"ca_ES","og_type":"article","og_title":"Qu\u00e8 veure i fer a La Serra de Rialb","og_description":"Est\u00e0s buscant qu\u00e8 fer a La Serra de Rialb? \u2705 Entra ara i t'expliquem qu\u00e8 veure, qu\u00e8 menjar, activitats i on dormir a prop de La Serra de Rialb","og_url":"https:\/\/casadelspeixos.cat\/ca\/nuclis-2\/que-veure-i-fer-a-la-serra-de-rialb\/","og_site_name":"Casa dels Peixos","article_publisher":"https:\/\/www.facebook.com\/lacasadelspeixos\/","article_published_time":"2022-08-10T14:31:51+00:00","article_modified_time":"2023-05-06T16:52:07+00:00","og_image":[{"width":2507,"height":2048,"url":"https:\/\/casadelspeixos.cat\/wp-content\/uploads\/2022\/07\/Santa-Maria-de-La-Serra-de-Rialb-1-1.jpeg","type":"image\/jpeg"}],"author":"Casa dels Peixos","twitter_card":"summary_large_image","twitter_misc":{"Escrit per":"Casa dels Peixos","Temps estimat de lectura":"4 minuts"},"schema":{"@context":"https:\/\/schema.org","@graph":[{"@type":"Article","@id":"https:\/\/casadelspeixos.cat\/ca\/nuclis-2\/que-veure-i-fer-a-la-serra-de-rialb\/#article","isPartOf":{"@id":"https:\/\/casadelspeixos.cat\/ca\/nuclis-2\/que-veure-i-fer-a-la-serra-de-rialb\/"},"author":{"name":"Casa dels Peixos","@id":"https:\/\/casadelspeixos.cat\/#\/schema\/person\/8ade7b5ce60430b661080abd10e6b6dd"},"headline":"Qu\u00e8 veure i fer a La Serra de Rialb","datePublished":"2022-08-10T14:31:51+00:00","dateModified":"2023-05-06T16:52:07+00:00","mainEntityOfPage":{"@id":"https:\/\/casadelspeixos.cat\/ca\/nuclis-2\/que-veure-i-fer-a-la-serra-de-rialb\/"},"wordCount":714,"commentCount":0,"publisher":{"@id":"https:\/\/casadelspeixos.cat\/#organization"},"image":{"@id":"https:\/\/casadelspeixos.cat\/ca\/nuclis-2\/que-veure-i-fer-a-la-serra-de-rialb\/#primaryimage"},"thumbnailUrl":"https:\/\/casadelspeixos.cat\/wp-content\/uploads\/2022\/07\/Santa-Maria-de-La-Serra-de-Rialb-1-1.jpeg","keywords":["N\u00facleos","Nuclis"],"articleSection":["n\u00facleos","nuclis"],"inLanguage":"ca","potentialAction":[{"@type":"CommentAction","name":"Comment","target":["https:\/\/casadelspeixos.cat\/ca\/nuclis-2\/que-veure-i-fer-a-la-serra-de-rialb\/#respond"]}]},{"@type":"WebPage","@id":"https:\/\/casadelspeixos.cat\/ca\/nuclis-2\/que-veure-i-fer-a-la-serra-de-rialb\/","url":"https:\/\/casadelspeixos.cat\/ca\/nuclis-2\/que-veure-i-fer-a-la-serra-de-rialb\/","name":"Qu\u00e8 veure i fer a La Serra de Rialb &#8226; Casa dels Peixos","isPartOf":{"@id":"https:\/\/casadelspeixos.cat\/#website"},"primaryImageOfPage":{"@id":"https:\/\/casadelspeixos.cat\/ca\/nuclis-2\/que-veure-i-fer-a-la-serra-de-rialb\/#primaryimage"},"image":{"@id":"https:\/\/casadelspeixos.cat\/ca\/nuclis-2\/que-veure-i-fer-a-la-serra-de-rialb\/#primaryimage"},"thumbnailUrl":"https:\/\/casadelspeixos.cat\/wp-content\/uploads\/2022\/07\/Santa-Maria-de-La-Serra-de-Rialb-1-1.jpeg","datePublished":"2022-08-10T14:31:51+00:00","dateModified":"2023-05-06T16:52:07+00:00","description":"Est\u00e0s buscant qu\u00e8 fer a La Serra de Rialb? \u2705 Entra ara i t'expliquem qu\u00e8 veure, qu\u00e8 menjar, activitats i on dormir a prop de La Serra de Rialb","breadcrumb":{"@id":"https:\/\/casadelspeixos.cat\/ca\/nuclis-2\/que-veure-i-fer-a-la-serra-de-rialb\/#breadcrumb"},"inLanguage":"ca","potentialAction":[{"@type":"ReadAction","target":["https:\/\/casadelspeixos.cat\/ca\/nuclis-2\/que-veure-i-fer-a-la-serra-de-rialb\/"]}]},{"@type":"ImageObject","inLanguage":"ca","@id":"https:\/\/casadelspeixos.cat\/ca\/nuclis-2\/que-veure-i-fer-a-la-serra-de-rialb\/#primaryimage","url":"https:\/\/casadelspeixos.cat\/wp-content\/uploads\/2022\/07\/Santa-Maria-de-La-Serra-de-Rialb-1-1.jpeg","contentUrl":"https:\/\/casadelspeixos.cat\/wp-content\/uploads\/2022\/07\/Santa-Maria-de-La-Serra-de-Rialb-1-1.jpeg","width":2507,"height":2048,"caption":"Maravillosa visi\u00f3n de la iglesia de Santa Maria de La Serra. Colores rojizos del atardecer que convinan delicadamente con los marrones de la piedra de Santa Maria, el verde de los \u00e1rboles, el azul del cielo rojizo y los colores ocres del campo"},{"@type":"BreadcrumbList","@id":"https:\/\/casadelspeixos.cat\/ca\/nuclis-2\/que-veure-i-fer-a-la-serra-de-rialb\/#breadcrumb","itemListElement":[{"@type":"ListItem","position":1,"name":"Inici","item":"https:\/\/casadelspeixos.cat\/"},{"@type":"ListItem","position":2,"name":"Qu\u00e8 veure i fer a La Serra de Rialb"}]},{"@type":"WebSite","@id":"https:\/\/casadelspeixos.cat\/#website","url":"https:\/\/casadelspeixos.cat\/","name":"Casa dels Peixos","description":"Casa de lloguer \u00edntegre al Pre-Pirineu Catal\u00e0","publisher":{"@id":"https:\/\/casadelspeixos.cat\/#organization"},"potentialAction":[{"@type":"SearchAction","target":{"@type":"EntryPoint","urlTemplate":"https:\/\/casadelspeixos.cat\/?s={search_term_string}"},"query-input":{"@type":"PropertyValueSpecification","valueRequired":true,"valueName":"search_term_string"}}],"inLanguage":"ca"},{"@type":"Organization","@id":"https:\/\/casadelspeixos.cat\/#organization","name":"Casa dels Peixos","url":"https:\/\/casadelspeixos.cat\/","logo":{"@type":"ImageObject","inLanguage":"ca","@id":"https:\/\/casadelspeixos.cat\/#\/schema\/logo\/image\/","url":"https:\/\/casadelspeixos.cat\/wp-content\/uploads\/2020\/07\/logo-center.png","contentUrl":"https:\/\/casadelspeixos.cat\/wp-content\/uploads\/2020\/07\/logo-center.png","width":376,"height":200,"caption":"Casa dels Peixos"},"image":{"@id":"https:\/\/casadelspeixos.cat\/#\/schema\/logo\/image\/"},"sameAs":["https:\/\/www.facebook.com\/lacasadelspeixos\/","https:\/\/www.instagram.com\/casa_dels_peixos\/"]},{"@type":"Person","@id":"https:\/\/casadelspeixos.cat\/#\/schema\/person\/8ade7b5ce60430b661080abd10e6b6dd","name":"Casa dels Peixos","image":{"@type":"ImageObject","inLanguage":"ca","@id":"https:\/\/secure.gravatar.com\/avatar\/056e03404aff6b8e9001d4e876f1748e550e688defbba6a2cff6095a3c34ba3d?s=96&d=mm&r=g","url":"https:\/\/secure.gravatar.com\/avatar\/056e03404aff6b8e9001d4e876f1748e550e688defbba6a2cff6095a3c34ba3d?s=96&d=mm&r=g","contentUrl":"https:\/\/secure.gravatar.com\/avatar\/056e03404aff6b8e9001d4e876f1748e550e688defbba6a2cff6095a3c34ba3d?s=96&d=mm&r=g","caption":"Casa dels Peixos"},"sameAs":["https:\/\/casadelspeixos.cat\/"]}]}},"_links":{"self":[{"href":"https:\/\/casadelspeixos.cat\/ca\/wp-json\/wp\/v2\/posts\/3592","targetHints":{"allow":["GET"]}}],"collection":[{"href":"https:\/\/casadelspeixos.cat\/ca\/wp-json\/wp\/v2\/posts"}],"about":[{"href":"https:\/\/casadelspeixos.cat\/ca\/wp-json\/wp\/v2\/types\/post"}],"author":[{"embeddable":true,"href":"https:\/\/casadelspeixos.cat\/ca\/wp-json\/wp\/v2\/users\/2"}],"replies":[{"embeddable":true,"href":"https:\/\/casadelspeixos.cat\/ca\/wp-json\/wp\/v2\/comments?post=3592"}],"version-history":[{"count":12,"href":"https:\/\/casadelspeixos.cat\/ca\/wp-json\/wp\/v2\/posts\/3592\/revisions"}],"predecessor-version":[{"id":7349,"href":"https:\/\/casadelspeixos.cat\/ca\/wp-json\/wp\/v2\/posts\/3592\/revisions\/7349"}],"wp:featuredmedia":[{"embeddable":true,"href":"https:\/\/casadelspeixos.cat\/ca\/wp-json\/wp\/v2\/media\/5340"}],"wp:attachment":[{"href":"https:\/\/casadelspeixos.cat\/ca\/wp-json\/wp\/v2\/media?parent=3592"}],"wp:term":[{"taxonomy":"category","embeddable":true,"href":"https:\/\/casadelspeixos.cat\/ca\/wp-json\/wp\/v2\/categories?post=3592"},{"taxonomy":"post_tag","embeddable":true,"href":"https:\/\/casadelspeixos.cat\/ca\/wp-json\/wp\/v2\/tags?post=3592"}],"curies":[{"name":"wp","href":"https:\/\/api.w.org\/{rel}","templated":true}]}}