{"id":2879,"date":"2022-06-14T18:34:18","date_gmt":"2022-06-14T16:34:18","guid":{"rendered":"https:\/\/casadelspeixos.cat\/?p=2879"},"modified":"2023-06-14T17:02:49","modified_gmt":"2023-06-14T15:02:49","slug":"els-7-millors-gorgs-de-lleida","status":"publish","type":"post","link":"https:\/\/casadelspeixos.cat\/ca\/blog-2\/els-7-millors-gorgs-de-lleida\/","title":{"rendered":"Els 7 millors Gorgs de Lleida"},"content":{"rendered":"\t\t<div data-elementor-type=\"wp-post\" data-elementor-id=\"2879\" class=\"elementor elementor-2879 elementor-2835\" data-elementor-post-type=\"post\">\n\t\t\t\t\t\t<section class=\"elementor-section elementor-top-section elementor-element elementor-element-dab800a elementor-section-boxed elementor-section-height-default elementor-section-height-default parallax_section_no qode_elementor_container_no\" data-id=\"dab800a\" data-element_type=\"section\" data-e-type=\"section\">\n\t\t\t\t\t\t<div class=\"elementor-container elementor-column-gap-default\">\n\t\t\t\t\t<div class=\"elementor-column elementor-col-100 elementor-top-column elementor-element elementor-element-281aca9\" data-id=\"281aca9\" data-element_type=\"column\" data-e-type=\"column\">\n\t\t\t<div class=\"elementor-widget-wrap elementor-element-populated\">\n\t\t\t\t\t\t<div class=\"elementor-element elementor-element-0c91f1f elementor-widget elementor-widget-text-editor\" data-id=\"0c91f1f\" data-element_type=\"widget\" data-e-type=\"widget\" data-widget_type=\"text-editor.default\">\n\t\t\t\t<div class=\"elementor-widget-container\">\n\t\t\t\t\t\t\t\t\t<p>Si vols saber on refrescar-te aquest estiu, aqu\u00ed acaba la teva cerca. En aquest article coneixer\u00e0s els 7 millors gorgs de Lleida on pots anar a donar-te un bany refrescant aquest proper estiu<\/p>\t\t\t\t\t\t\t\t<\/div>\n\t\t\t\t<\/div>\n\t\t\t\t\t<\/div>\n\t\t<\/div>\n\t\t\t\t\t<\/div>\n\t\t<\/section>\n\t\t\t\t<section class=\"elementor-section elementor-top-section elementor-element elementor-element-81f9c69 elementor-section-boxed elementor-section-height-default elementor-section-height-default parallax_section_no qode_elementor_container_no\" data-id=\"81f9c69\" data-element_type=\"section\" data-e-type=\"section\">\n\t\t\t\t\t\t<div class=\"elementor-container elementor-column-gap-default\">\n\t\t\t\t\t<div class=\"elementor-column elementor-col-100 elementor-top-column elementor-element elementor-element-041cb68\" data-id=\"041cb68\" data-element_type=\"column\" data-e-type=\"column\">\n\t\t\t<div class=\"elementor-widget-wrap elementor-element-populated\">\n\t\t\t\t\t\t<div class=\"elementor-element elementor-element-25849d4 elementor-widget elementor-widget-heading\" data-id=\"25849d4\" data-element_type=\"widget\" data-e-type=\"widget\" data-widget_type=\"heading.default\">\n\t\t\t\t<div class=\"elementor-widget-container\">\n\t\t\t\t\t<h2 class=\"elementor-heading-title elementor-size-default\">Gorg del Bul\u00ed - Forat de Bul\u00ed<\/h2>\t\t\t\t<\/div>\n\t\t\t\t<\/div>\n\t\t\t\t\t<\/div>\n\t\t<\/div>\n\t\t\t\t\t<\/div>\n\t\t<\/section>\n\t\t\t\t<section class=\"elementor-section elementor-top-section elementor-element elementor-element-ef667b9 elementor-section-boxed elementor-section-height-default elementor-section-height-default parallax_section_no qode_elementor_container_no\" data-id=\"ef667b9\" data-element_type=\"section\" data-e-type=\"section\">\n\t\t\t\t\t\t<div class=\"elementor-container elementor-column-gap-default\">\n\t\t\t\t\t<div class=\"elementor-column elementor-col-50 elementor-top-column elementor-element elementor-element-d419063\" data-id=\"d419063\" data-element_type=\"column\" data-e-type=\"column\">\n\t\t\t<div class=\"elementor-widget-wrap elementor-element-populated\">\n\t\t\t\t\t\t<div class=\"elementor-element elementor-element-e511949 elementor-widget elementor-widget-image\" data-id=\"e511949\" data-element_type=\"widget\" data-e-type=\"widget\" data-widget_type=\"image.default\">\n\t\t\t\t<div class=\"elementor-widget-container\">\n\t\t\t\t\t\t\t\t\t\t\t\t\t\t\t<img fetchpriority=\"high\" decoding=\"async\" width=\"640\" height=\"480\" src=\"https:\/\/casadelspeixos.cat\/wp-content\/uploads\/2022\/06\/Gorg-de-Buli\u0301.jpg\" class=\"attachment-large size-large wp-image-2859\" alt=\"Gorg de Bul\u00ed, vista des de sota l&#039;aigua de tres excursionistes amb vestit de neopr\u00e8, caminant entre la gruta on llisca l&#039;aigua del riu Rialb\" srcset=\"https:\/\/casadelspeixos.cat\/wp-content\/uploads\/2022\/06\/Gorg-de-Buli\u0301.jpg 640w, https:\/\/casadelspeixos.cat\/wp-content\/uploads\/2022\/06\/Gorg-de-Buli\u0301-300x225.jpg 300w\" sizes=\"(max-width: 640px) 100vw, 640px\" \/>\t\t\t\t\t\t\t\t\t\t\t\t\t\t\t<\/div>\n\t\t\t\t<\/div>\n\t\t\t\t\t<\/div>\n\t\t<\/div>\n\t\t\t\t<div class=\"elementor-column elementor-col-50 elementor-top-column elementor-element elementor-element-86480f7\" data-id=\"86480f7\" data-element_type=\"column\" data-e-type=\"column\">\n\t\t\t<div class=\"elementor-widget-wrap elementor-element-populated\">\n\t\t\t\t\t\t<div class=\"elementor-element elementor-element-1fedd0c elementor-widget elementor-widget-google_maps\" data-id=\"1fedd0c\" data-element_type=\"widget\" data-e-type=\"widget\" data-widget_type=\"google_maps.default\">\n\t\t\t\t<div class=\"elementor-widget-container\">\n\t\t\t\t\t\t\t<div class=\"elementor-custom-embed\">\n\t\t\t<iframe loading=\"lazy\"\n\t\t\t\t\tsrc=\"https:\/\/maps.google.com\/maps?q=Espai%20natural%20del%20Forat%20de%20Buli&#038;t=m&#038;z=10&#038;output=embed&#038;iwloc=near\"\n\t\t\t\t\ttitle=\"Espai natural del Forat de Buli\"\n\t\t\t\t\taria-label=\"Espai natural del Forat de Buli\"\n\t\t\t><\/iframe>\n\t\t<\/div>\n\t\t\t\t\t\t<\/div>\n\t\t\t\t<\/div>\n\t\t\t\t\t<\/div>\n\t\t<\/div>\n\t\t\t\t\t<\/div>\n\t\t<\/section>\n\t\t\t\t<section class=\"elementor-section elementor-top-section elementor-element elementor-element-f43928e elementor-section-boxed elementor-section-height-default elementor-section-height-default parallax_section_no qode_elementor_container_no\" data-id=\"f43928e\" data-element_type=\"section\" data-e-type=\"section\">\n\t\t\t\t\t\t<div class=\"elementor-container elementor-column-gap-default\">\n\t\t\t\t\t<div class=\"elementor-column elementor-col-100 elementor-top-column elementor-element elementor-element-a8d93f8\" data-id=\"a8d93f8\" data-element_type=\"column\" data-e-type=\"column\">\n\t\t\t<div class=\"elementor-widget-wrap elementor-element-populated\">\n\t\t\t\t\t\t<div class=\"elementor-element elementor-element-ef27c96 elementor-widget elementor-widget-text-editor\" data-id=\"ef27c96\" data-element_type=\"widget\" data-e-type=\"widget\" data-widget_type=\"text-editor.default\">\n\t\t\t\t<div class=\"elementor-widget-container\">\n\t\t\t\t\t\t\t\t\t<p>Una de les piscines naturals de Lleida que, sens dubte, cal con\u00e8ixer, \u00e9s aquesta: el Gorg del Buli. Seguint el curs del riu Rialb arribar\u00e0s fins a un estret tram conegut pel nom de Forat del Buli.<\/p><p>Aquesta excursi\u00f3 pot arribar a tenir una durada d&#8217;unes 3 hores aproximadament, per\u00f2, al nostre parer, \u00e9s una de les millors que hi ha. Nosaltres et proposarem que comencis al Barranc de Mas Barrat, comunicant amb el riu Rialb, per\u00f2 et pots anar desviant una mica de la ruta principal per anar-te banyant a les piscines naturals que hi ha al llarg del cam\u00ed. Les aig\u00fces s\u00f3n cristal\u00b7lines, i \u00e9s possible veure les pedres blanques que hi ha sota l&#8217;aigua.<\/p><p>\u00c9s realment impressionant, deixaria sense al\u00e8 qualsevol! Per arribar al Forat cal ficar-se a l&#8217;aigua obligat\u00f2riament, aix\u00ed que veu preparat. L&#8217;aigua est\u00e0 for\u00e7a freda, per\u00f2 val la pena, aix\u00f2 t&#8217;ho podem assegurar.<\/p>\t\t\t\t\t\t\t\t<\/div>\n\t\t\t\t<\/div>\n\t\t\t\t\t<\/div>\n\t\t<\/div>\n\t\t\t\t\t<\/div>\n\t\t<\/section>\n\t\t\t\t<section class=\"elementor-section elementor-top-section elementor-element elementor-element-57fc76b elementor-section-boxed elementor-section-height-default elementor-section-height-default parallax_section_no qode_elementor_container_no\" data-id=\"57fc76b\" data-element_type=\"section\" data-e-type=\"section\">\n\t\t\t\t\t\t<div class=\"elementor-container elementor-column-gap-default\">\n\t\t\t\t\t<div class=\"elementor-column elementor-col-100 elementor-top-column elementor-element elementor-element-d7036c3\" data-id=\"d7036c3\" data-element_type=\"column\" data-e-type=\"column\">\n\t\t\t<div class=\"elementor-widget-wrap elementor-element-populated\">\n\t\t\t\t\t\t<div class=\"elementor-element elementor-element-d8af30b elementor-widget elementor-widget-image\" data-id=\"d8af30b\" data-element_type=\"widget\" data-e-type=\"widget\" data-widget_type=\"image.default\">\n\t\t\t\t<div class=\"elementor-widget-container\">\n\t\t\t\t\t\t\t\t\t\t\t\t\t\t\t\t<a href=\"https:\/\/casadelspeixos.cat\/ca\/contacte\/?utm_source=blog&#038;utm_medium=banner\" rel=\"nofollow\">\n\t\t\t\t\t\t\t<img decoding=\"async\" width=\"728\" height=\"90\" src=\"https:\/\/casadelspeixos.cat\/wp-content\/uploads\/2022\/05\/lloga-una-casa-rural-a-la-baronia-de-rialb.png\" class=\"attachment-large size-large wp-image-7701\" alt=\"casa rural a la baronia de rialb\" srcset=\"https:\/\/casadelspeixos.cat\/wp-content\/uploads\/2022\/05\/lloga-una-casa-rural-a-la-baronia-de-rialb.png 728w, https:\/\/casadelspeixos.cat\/wp-content\/uploads\/2022\/05\/lloga-una-casa-rural-a-la-baronia-de-rialb-300x37.png 300w, https:\/\/casadelspeixos.cat\/wp-content\/uploads\/2022\/05\/lloga-una-casa-rural-a-la-baronia-de-rialb-700x87.png 700w\" sizes=\"(max-width: 728px) 100vw, 728px\" \/>\t\t\t\t\t\t\t\t<\/a>\n\t\t\t\t\t\t\t\t\t\t\t\t\t\t\t<\/div>\n\t\t\t\t<\/div>\n\t\t\t\t\t<\/div>\n\t\t<\/div>\n\t\t\t\t\t<\/div>\n\t\t<\/section>\n\t\t\t\t<section class=\"elementor-section elementor-top-section elementor-element elementor-element-65f9f60 elementor-section-boxed elementor-section-height-default elementor-section-height-default parallax_section_no qode_elementor_container_no\" data-id=\"65f9f60\" data-element_type=\"section\" data-e-type=\"section\">\n\t\t\t\t\t\t<div class=\"elementor-container elementor-column-gap-default\">\n\t\t\t\t\t<div class=\"elementor-column elementor-col-100 elementor-top-column elementor-element elementor-element-d6e6118\" data-id=\"d6e6118\" data-element_type=\"column\" data-e-type=\"column\">\n\t\t\t<div class=\"elementor-widget-wrap elementor-element-populated\">\n\t\t\t\t\t\t<div class=\"elementor-element elementor-element-f0cc9e8 elementor-widget elementor-widget-heading\" data-id=\"f0cc9e8\" data-element_type=\"widget\" data-e-type=\"widget\" data-widget_type=\"heading.default\">\n\t\t\t\t<div class=\"elementor-widget-container\">\n\t\t\t\t\t<h2 class=\"elementor-heading-title elementor-size-default\">Basses del Cod\u00f3 de Coll de Narg\u00f3<\/h2>\t\t\t\t<\/div>\n\t\t\t\t<\/div>\n\t\t\t\t\t<\/div>\n\t\t<\/div>\n\t\t\t\t\t<\/div>\n\t\t<\/section>\n\t\t\t\t<section class=\"elementor-section elementor-top-section elementor-element elementor-element-45a5e2c elementor-section-boxed elementor-section-height-default elementor-section-height-default parallax_section_no qode_elementor_container_no\" data-id=\"45a5e2c\" data-element_type=\"section\" data-e-type=\"section\">\n\t\t\t\t\t\t<div class=\"elementor-container elementor-column-gap-default\">\n\t\t\t\t\t<div class=\"elementor-column elementor-col-50 elementor-top-column elementor-element elementor-element-6d88fdb\" data-id=\"6d88fdb\" data-element_type=\"column\" data-e-type=\"column\">\n\t\t\t<div class=\"elementor-widget-wrap elementor-element-populated\">\n\t\t\t\t\t\t<div class=\"elementor-element elementor-element-78731d8 elementor-widget elementor-widget-image\" data-id=\"78731d8\" data-element_type=\"widget\" data-e-type=\"widget\" data-widget_type=\"image.default\">\n\t\t\t\t<div class=\"elementor-widget-container\">\n\t\t\t\t\t\t\t\t\t\t\t\t\t\t\t<img decoding=\"async\" width=\"1000\" height=\"750\" src=\"https:\/\/casadelspeixos.cat\/wp-content\/uploads\/2022\/06\/Basses-del-Codo\u0301-de-Coll-de-Nargo\u0301.png\" class=\"attachment-large size-large wp-image-2849\" alt=\"Basses del Cod\u00f3 de Coll de Narg\u00f3, piscina natural amb aigua cristal\u00b7lina i tranquil\u00b7la. Al fons vegetaci\u00f3 t\u00edpica de riu i pedres calc\u00e0ries que se submergeixen dins l&#039;aigua\" srcset=\"https:\/\/casadelspeixos.cat\/wp-content\/uploads\/2022\/06\/Basses-del-Codo\u0301-de-Coll-de-Nargo\u0301.png 1000w, https:\/\/casadelspeixos.cat\/wp-content\/uploads\/2022\/06\/Basses-del-Codo\u0301-de-Coll-de-Nargo\u0301-300x225.png 300w, https:\/\/casadelspeixos.cat\/wp-content\/uploads\/2022\/06\/Basses-del-Codo\u0301-de-Coll-de-Nargo\u0301-768x576.png 768w, https:\/\/casadelspeixos.cat\/wp-content\/uploads\/2022\/06\/Basses-del-Codo\u0301-de-Coll-de-Nargo\u0301-800x600.png 800w, https:\/\/casadelspeixos.cat\/wp-content\/uploads\/2022\/06\/Basses-del-Codo\u0301-de-Coll-de-Nargo\u0301-700x525.png 700w\" sizes=\"(max-width: 1000px) 100vw, 1000px\" \/>\t\t\t\t\t\t\t\t\t\t\t\t\t\t\t<\/div>\n\t\t\t\t<\/div>\n\t\t\t\t\t<\/div>\n\t\t<\/div>\n\t\t\t\t<div class=\"elementor-column elementor-col-50 elementor-top-column elementor-element elementor-element-f558efb\" data-id=\"f558efb\" data-element_type=\"column\" data-e-type=\"column\">\n\t\t\t<div class=\"elementor-widget-wrap elementor-element-populated\">\n\t\t\t\t\t\t<div class=\"elementor-element elementor-element-5c7b0e2 elementor-widget elementor-widget-google_maps\" data-id=\"5c7b0e2\" data-element_type=\"widget\" data-e-type=\"widget\" data-widget_type=\"google_maps.default\">\n\t\t\t\t<div class=\"elementor-widget-container\">\n\t\t\t\t\t\t\t<div class=\"elementor-custom-embed\">\n\t\t\t<iframe loading=\"lazy\"\n\t\t\t\t\tsrc=\"https:\/\/maps.google.com\/maps?q=Basses%20del%20Cod%C3%B3%20de%20Coll%20de%20Narg%C3%B3&#038;t=m&#038;z=10&#038;output=embed&#038;iwloc=near\"\n\t\t\t\t\ttitle=\"Basses del Cod\u00f3 de Coll de Narg\u00f3\"\n\t\t\t\t\taria-label=\"Basses del Cod\u00f3 de Coll de Narg\u00f3\"\n\t\t\t><\/iframe>\n\t\t<\/div>\n\t\t\t\t\t\t<\/div>\n\t\t\t\t<\/div>\n\t\t\t\t\t<\/div>\n\t\t<\/div>\n\t\t\t\t\t<\/div>\n\t\t<\/section>\n\t\t\t\t<section class=\"elementor-section elementor-top-section elementor-element elementor-element-e740eec elementor-section-boxed elementor-section-height-default elementor-section-height-default parallax_section_no qode_elementor_container_no\" data-id=\"e740eec\" data-element_type=\"section\" data-e-type=\"section\">\n\t\t\t\t\t\t<div class=\"elementor-container elementor-column-gap-default\">\n\t\t\t\t\t<div class=\"elementor-column elementor-col-100 elementor-top-column elementor-element elementor-element-842a717\" data-id=\"842a717\" data-element_type=\"column\" data-e-type=\"column\">\n\t\t\t<div class=\"elementor-widget-wrap elementor-element-populated\">\n\t\t\t\t\t\t<div class=\"elementor-element elementor-element-9e860bf elementor-widget elementor-widget-text-editor\" data-id=\"9e860bf\" data-element_type=\"widget\" data-e-type=\"widget\" data-widget_type=\"text-editor.default\">\n\t\t\t\t<div class=\"elementor-widget-container\">\n\t\t\t\t\t\t\t\t\t<p>Un altre dels gorgs indispensables de con\u00e8ixer a Catalunya \u00e9s aquest gorg: les Basses del Cod\u00f3 de Coll de Narg\u00f3. Aquesta piscina natural ve del riu Valldarques, per\u00f2 la ruta comen\u00e7a seguint el riu Sallent, que acaba per trobar l&#8217;esmentat anteriorment. Aquesta piscina natural \u00e9s veritablement impressionant, i despr\u00e8n una tranquil\u00b7litat de molt agrair en aquesta rutina tan atrafegada que ens hem acostumat a portar. Les Basses el Cod\u00f3 de Coll de Narg\u00f3 estan situades a la comarca de l&#8217;Alt Urgell, i la preciositat del lloc us traur\u00e0 perfectament mig dia. Nosaltres us proposem que agafeu un cam\u00ed de terra que pot resultar una mica rellisc\u00f3s, per\u00f2 nom\u00e9s hi ha uns 5-10 minuts fins arribar a la destinaci\u00f3. A l&#8217;estiu hi ha for\u00e7a gent, aix\u00ed que \u00e9s millor anar d&#8217;hora al mat\u00ed, per no coincidir amb molta gent i poder gaudir de la pau que transmet el lloc.<\/p>\t\t\t\t\t\t\t\t<\/div>\n\t\t\t\t<\/div>\n\t\t\t\t\t<\/div>\n\t\t<\/div>\n\t\t\t\t\t<\/div>\n\t\t<\/section>\n\t\t\t\t<section class=\"elementor-section elementor-top-section elementor-element elementor-element-f038192 elementor-section-boxed elementor-section-height-default elementor-section-height-default parallax_section_no qode_elementor_container_no\" data-id=\"f038192\" data-element_type=\"section\" data-e-type=\"section\">\n\t\t\t\t\t\t<div class=\"elementor-container elementor-column-gap-default\">\n\t\t\t\t\t<div class=\"elementor-column elementor-col-100 elementor-top-column elementor-element elementor-element-8a792d0\" data-id=\"8a792d0\" data-element_type=\"column\" data-e-type=\"column\">\n\t\t\t<div class=\"elementor-widget-wrap elementor-element-populated\">\n\t\t\t\t\t\t<div class=\"elementor-element elementor-element-9492f7d elementor-widget elementor-widget-heading\" data-id=\"9492f7d\" data-element_type=\"widget\" data-e-type=\"widget\" data-widget_type=\"heading.default\">\n\t\t\t\t<div class=\"elementor-widget-container\">\n\t\t\t\t\t<h2 class=\"elementor-heading-title elementor-size-default\">Forat d\u2019Abella - Lo Foradot<\/h2>\t\t\t\t<\/div>\n\t\t\t\t<\/div>\n\t\t\t\t\t<\/div>\n\t\t<\/div>\n\t\t\t\t\t<\/div>\n\t\t<\/section>\n\t\t\t\t<section class=\"elementor-section elementor-top-section elementor-element elementor-element-07caaa3 elementor-section-boxed elementor-section-height-default elementor-section-height-default parallax_section_no qode_elementor_container_no\" data-id=\"07caaa3\" data-element_type=\"section\" data-e-type=\"section\">\n\t\t\t\t\t\t<div class=\"elementor-container elementor-column-gap-default\">\n\t\t\t\t\t<div class=\"elementor-column elementor-col-50 elementor-top-column elementor-element elementor-element-f2e310c\" data-id=\"f2e310c\" data-element_type=\"column\" data-e-type=\"column\">\n\t\t\t<div class=\"elementor-widget-wrap elementor-element-populated\">\n\t\t\t\t\t\t<div class=\"elementor-element elementor-element-ce2d330 elementor-widget elementor-widget-image\" data-id=\"ce2d330\" data-element_type=\"widget\" data-e-type=\"widget\" data-widget_type=\"image.default\">\n\t\t\t\t<div class=\"elementor-widget-container\">\n\t\t\t\t\t\t\t\t\t\t\t\t\t\t\t<img loading=\"lazy\" decoding=\"async\" width=\"1000\" height=\"750\" src=\"https:\/\/casadelspeixos.cat\/wp-content\/uploads\/2022\/06\/Forat-dAbella-Lo-Foradot.png\" class=\"attachment-large size-large wp-image-2852\" alt=\"Forat d\u2019Abella - Lo Foradot, estreta i alta gruta on l\u2019aigua obre un serpentejant cam\u00ed\" srcset=\"https:\/\/casadelspeixos.cat\/wp-content\/uploads\/2022\/06\/Forat-dAbella-Lo-Foradot.png 1000w, https:\/\/casadelspeixos.cat\/wp-content\/uploads\/2022\/06\/Forat-dAbella-Lo-Foradot-300x225.png 300w, https:\/\/casadelspeixos.cat\/wp-content\/uploads\/2022\/06\/Forat-dAbella-Lo-Foradot-768x576.png 768w, https:\/\/casadelspeixos.cat\/wp-content\/uploads\/2022\/06\/Forat-dAbella-Lo-Foradot-800x600.png 800w, https:\/\/casadelspeixos.cat\/wp-content\/uploads\/2022\/06\/Forat-dAbella-Lo-Foradot-700x525.png 700w\" sizes=\"(max-width: 1000px) 100vw, 1000px\" \/>\t\t\t\t\t\t\t\t\t\t\t\t\t\t\t<\/div>\n\t\t\t\t<\/div>\n\t\t\t\t\t<\/div>\n\t\t<\/div>\n\t\t\t\t<div class=\"elementor-column elementor-col-50 elementor-top-column elementor-element elementor-element-639fcf2\" data-id=\"639fcf2\" data-element_type=\"column\" data-e-type=\"column\">\n\t\t\t<div class=\"elementor-widget-wrap elementor-element-populated\">\n\t\t\t\t\t\t<div class=\"elementor-element elementor-element-fdf527d elementor-widget elementor-widget-google_maps\" data-id=\"fdf527d\" data-element_type=\"widget\" data-e-type=\"widget\" data-widget_type=\"google_maps.default\">\n\t\t\t\t<div class=\"elementor-widget-container\">\n\t\t\t\t\t\t\t<div class=\"elementor-custom-embed\">\n\t\t\t<iframe loading=\"lazy\"\n\t\t\t\t\tsrc=\"https:\/\/maps.google.com\/maps?q=Forat%20d%E2%80%99Abella%20-%20Lo%20Foradot&#038;t=m&#038;z=10&#038;output=embed&#038;iwloc=near\"\n\t\t\t\t\ttitle=\"Forat d\u2019Abella - Lo Foradot\"\n\t\t\t\t\taria-label=\"Forat d\u2019Abella - Lo Foradot\"\n\t\t\t><\/iframe>\n\t\t<\/div>\n\t\t\t\t\t\t<\/div>\n\t\t\t\t<\/div>\n\t\t\t\t\t<\/div>\n\t\t<\/div>\n\t\t\t\t\t<\/div>\n\t\t<\/section>\n\t\t\t\t<section class=\"elementor-section elementor-top-section elementor-element elementor-element-cd8bf35 elementor-section-boxed elementor-section-height-default elementor-section-height-default parallax_section_no qode_elementor_container_no\" data-id=\"cd8bf35\" data-element_type=\"section\" data-e-type=\"section\">\n\t\t\t\t\t\t<div class=\"elementor-container elementor-column-gap-default\">\n\t\t\t\t\t<div class=\"elementor-column elementor-col-100 elementor-top-column elementor-element elementor-element-b33921c\" data-id=\"b33921c\" data-element_type=\"column\" data-e-type=\"column\">\n\t\t\t<div class=\"elementor-widget-wrap elementor-element-populated\">\n\t\t\t\t\t\t<div class=\"elementor-element elementor-element-89d8ede elementor-widget elementor-widget-text-editor\" data-id=\"89d8ede\" data-element_type=\"widget\" data-e-type=\"widget\" data-widget_type=\"text-editor.default\">\n\t\t\t\t<div class=\"elementor-widget-container\">\n\t\t\t\t\t\t\t\t\t<p>Dentre totes les piscines naturals que hi ha a Lleida, aquesta \u00e9s una de les millors. No \u00e9s un lloc gaire freq\u00fcentat, per\u00f2 indubtablement \u00e9s un lloc id\u00edl\u00b7lic. Per poder arribar al nostre dest\u00ed, primer heu d&#8217;anar fins al poble d&#8217;Abella de la Conca, al Pallars Juss\u00e0, i anar seguint el riu Abella. Veu ben preparat, doncs haur\u00e0s de caminar per dins del riu, i en alguna ocasi\u00f3 pot resultar una mica rellisc\u00f3s. No hi ha motiu pel qual alarmar-se, nom\u00e9s haur\u00e0s de mullar els peus (cosa que no ve gens malament a l&#8217;estiu), per\u00f2 mai no est\u00e0 de m\u00e9s tenir aquesta informaci\u00f3. Comptant l&#8217;anada i la tornada (sense parades), la ruta t\u00e9 una durada d&#8217;unes 3 hores. Les vistes s\u00f3n impressionants al llarg de tot el recorregut, i en arribar al Forat d\u2019Abella quedar\u00e0s encara m\u00e9s satisfet. Aquest lloc no t\u00e9 malbaratament!<\/p>\t\t\t\t\t\t\t\t<\/div>\n\t\t\t\t<\/div>\n\t\t\t\t\t<\/div>\n\t\t<\/div>\n\t\t\t\t\t<\/div>\n\t\t<\/section>\n\t\t\t\t<section class=\"elementor-section elementor-top-section elementor-element elementor-element-bb81b03 elementor-section-boxed elementor-section-height-default elementor-section-height-default parallax_section_no qode_elementor_container_no\" data-id=\"bb81b03\" data-element_type=\"section\" data-e-type=\"section\">\n\t\t\t\t\t\t<div class=\"elementor-container elementor-column-gap-default\">\n\t\t\t\t\t<div class=\"elementor-column elementor-col-100 elementor-top-column elementor-element elementor-element-56298bd\" data-id=\"56298bd\" data-element_type=\"column\" data-e-type=\"column\">\n\t\t\t<div class=\"elementor-widget-wrap elementor-element-populated\">\n\t\t\t\t\t\t<div class=\"elementor-element elementor-element-69d4d10 elementor-widget elementor-widget-image\" data-id=\"69d4d10\" data-element_type=\"widget\" data-e-type=\"widget\" data-widget_type=\"image.default\">\n\t\t\t\t<div class=\"elementor-widget-container\">\n\t\t\t\t\t\t\t\t\t\t\t\t\t\t\t\t<a href=\"https:\/\/casadelspeixos.cat\/ca\/contacte\/?utm_source=blog&#038;utm_medium=banner\" rel=\"nofollow\">\n\t\t\t\t\t\t\t<img decoding=\"async\" width=\"728\" height=\"90\" src=\"https:\/\/casadelspeixos.cat\/wp-content\/uploads\/2022\/05\/lloga-una-casa-rural-a-la-baronia-de-rialb.png\" class=\"attachment-large size-large wp-image-7701\" alt=\"casa rural a la baronia de rialb\" srcset=\"https:\/\/casadelspeixos.cat\/wp-content\/uploads\/2022\/05\/lloga-una-casa-rural-a-la-baronia-de-rialb.png 728w, https:\/\/casadelspeixos.cat\/wp-content\/uploads\/2022\/05\/lloga-una-casa-rural-a-la-baronia-de-rialb-300x37.png 300w, https:\/\/casadelspeixos.cat\/wp-content\/uploads\/2022\/05\/lloga-una-casa-rural-a-la-baronia-de-rialb-700x87.png 700w\" sizes=\"(max-width: 728px) 100vw, 728px\" \/>\t\t\t\t\t\t\t\t<\/a>\n\t\t\t\t\t\t\t\t\t\t\t\t\t\t\t<\/div>\n\t\t\t\t<\/div>\n\t\t\t\t\t<\/div>\n\t\t<\/div>\n\t\t\t\t\t<\/div>\n\t\t<\/section>\n\t\t\t\t<section class=\"elementor-section elementor-top-section elementor-element elementor-element-6d23e98 elementor-section-boxed elementor-section-height-default elementor-section-height-default parallax_section_no qode_elementor_container_no\" data-id=\"6d23e98\" data-element_type=\"section\" data-e-type=\"section\">\n\t\t\t\t\t\t<div class=\"elementor-container elementor-column-gap-default\">\n\t\t\t\t\t<div class=\"elementor-column elementor-col-100 elementor-top-column elementor-element elementor-element-a60351d\" data-id=\"a60351d\" data-element_type=\"column\" data-e-type=\"column\">\n\t\t\t<div class=\"elementor-widget-wrap elementor-element-populated\">\n\t\t\t\t\t\t<div class=\"elementor-element elementor-element-c770401 elementor-widget elementor-widget-heading\" data-id=\"c770401\" data-element_type=\"widget\" data-e-type=\"widget\" data-widget_type=\"heading.default\">\n\t\t\t\t<div class=\"elementor-widget-container\">\n\t\t\t\t\t<h2 class=\"elementor-heading-title elementor-size-default\">Barranc de Merea<\/h2>\t\t\t\t<\/div>\n\t\t\t\t<\/div>\n\t\t\t\t\t<\/div>\n\t\t<\/div>\n\t\t\t\t\t<\/div>\n\t\t<\/section>\n\t\t\t\t<section class=\"elementor-section elementor-top-section elementor-element elementor-element-992857f elementor-section-boxed elementor-section-height-default elementor-section-height-default parallax_section_no qode_elementor_container_no\" data-id=\"992857f\" data-element_type=\"section\" data-e-type=\"section\">\n\t\t\t\t\t\t<div class=\"elementor-container elementor-column-gap-default\">\n\t\t\t\t\t<div class=\"elementor-column elementor-col-50 elementor-top-column elementor-element elementor-element-be28e1c\" data-id=\"be28e1c\" data-element_type=\"column\" data-e-type=\"column\">\n\t\t\t<div class=\"elementor-widget-wrap elementor-element-populated\">\n\t\t\t\t\t\t<div class=\"elementor-element elementor-element-5f37d67 elementor-widget elementor-widget-image\" data-id=\"5f37d67\" data-element_type=\"widget\" data-e-type=\"widget\" data-widget_type=\"image.default\">\n\t\t\t\t<div class=\"elementor-widget-container\">\n\t\t\t\t\t\t\t\t\t\t\t\t\t\t\t<img loading=\"lazy\" decoding=\"async\" width=\"1000\" height=\"750\" src=\"https:\/\/casadelspeixos.cat\/wp-content\/uploads\/2022\/06\/Barranc-de-Merea-.png\" class=\"attachment-large size-large wp-image-2837\" alt=\"Barranc de Merea, cascada entre roques de 10 metres. al final una piscina natural\" srcset=\"https:\/\/casadelspeixos.cat\/wp-content\/uploads\/2022\/06\/Barranc-de-Merea-.png 1000w, https:\/\/casadelspeixos.cat\/wp-content\/uploads\/2022\/06\/Barranc-de-Merea--300x225.png 300w, https:\/\/casadelspeixos.cat\/wp-content\/uploads\/2022\/06\/Barranc-de-Merea--768x576.png 768w, https:\/\/casadelspeixos.cat\/wp-content\/uploads\/2022\/06\/Barranc-de-Merea--800x600.png 800w, https:\/\/casadelspeixos.cat\/wp-content\/uploads\/2022\/06\/Barranc-de-Merea--700x525.png 700w\" sizes=\"(max-width: 1000px) 100vw, 1000px\" \/>\t\t\t\t\t\t\t\t\t\t\t\t\t\t\t<\/div>\n\t\t\t\t<\/div>\n\t\t\t\t\t<\/div>\n\t\t<\/div>\n\t\t\t\t<div class=\"elementor-column elementor-col-50 elementor-top-column elementor-element elementor-element-cd7d31d\" data-id=\"cd7d31d\" data-element_type=\"column\" data-e-type=\"column\">\n\t\t\t<div class=\"elementor-widget-wrap elementor-element-populated\">\n\t\t\t\t\t\t<div class=\"elementor-element elementor-element-feca258 elementor-widget elementor-widget-google_maps\" data-id=\"feca258\" data-element_type=\"widget\" data-e-type=\"widget\" data-widget_type=\"google_maps.default\">\n\t\t\t\t<div class=\"elementor-widget-container\">\n\t\t\t\t\t\t\t<div class=\"elementor-custom-embed\">\n\t\t\t<iframe loading=\"lazy\"\n\t\t\t\t\tsrc=\"https:\/\/maps.google.com\/maps?q=Barranc%20de%20Merea&#038;t=m&#038;z=10&#038;output=embed&#038;iwloc=near\"\n\t\t\t\t\ttitle=\"Barranc de Merea\"\n\t\t\t\t\taria-label=\"Barranc de Merea\"\n\t\t\t><\/iframe>\n\t\t<\/div>\n\t\t\t\t\t\t<\/div>\n\t\t\t\t<\/div>\n\t\t\t\t\t<\/div>\n\t\t<\/div>\n\t\t\t\t\t<\/div>\n\t\t<\/section>\n\t\t\t\t<section class=\"elementor-section elementor-top-section elementor-element elementor-element-f74b93a elementor-section-boxed elementor-section-height-default elementor-section-height-default parallax_section_no qode_elementor_container_no\" data-id=\"f74b93a\" data-element_type=\"section\" data-e-type=\"section\">\n\t\t\t\t\t\t<div class=\"elementor-container elementor-column-gap-default\">\n\t\t\t\t\t<div class=\"elementor-column elementor-col-100 elementor-top-column elementor-element elementor-element-cfa4cbc\" data-id=\"cfa4cbc\" data-element_type=\"column\" data-e-type=\"column\">\n\t\t\t<div class=\"elementor-widget-wrap elementor-element-populated\">\n\t\t\t\t\t\t<div class=\"elementor-element elementor-element-065f3e7 elementor-widget elementor-widget-text-editor\" data-id=\"065f3e7\" data-element_type=\"widget\" data-e-type=\"widget\" data-widget_type=\"text-editor.default\">\n\t\t\t\t<div class=\"elementor-widget-container\">\n\t\t\t\t\t\t\t\t\t<p>El Barranc de Merea \u00e9s un altre dels gorgs que no et pots perdre. Probablement no coneixes Merea, un petit poble del Pallars Juss\u00e0, per\u00f2 ara ja ho recordar\u00e0s durant molt de temps. Si aneu a poc m\u00e9s d&#8217;un quil\u00f2metre de dist\u00e0ncia (direcci\u00f3 Gramenet), arribareu fins a un petit pont que travessa el riu de Conques.<\/p><p>Un cop l&#8217;hagueu creuat, trobareu un panell que us indicar\u00e0 on comen\u00e7a la ruta fins al Barranc de Merea. Nom\u00e9s haur\u00e0s de caminar uns 20 minuts per arribar al Salt de Merea, una cascada d\u00b4uns 10 metres que ha generat aquestes piscines naturals que han rebut el nom de Barranc de Merea. \u00c9s una excursi\u00f3 agradable, f\u00e0cil i c\u00f2moda per a tots els membres de la fam\u00edlia. Tot i no ser unes piscines molt conegudes, creieu-nos quan diem que val molt\u00edssim la pena aventurar-se a descobrir-les. La pau que transmet el lloc \u00e9s inigualable, i no hi ha res com refrescar-se entre tanta tranquil\u00b7lit<\/p>\t\t\t\t\t\t\t\t<\/div>\n\t\t\t\t<\/div>\n\t\t\t\t\t<\/div>\n\t\t<\/div>\n\t\t\t\t\t<\/div>\n\t\t<\/section>\n\t\t\t\t<section class=\"elementor-section elementor-top-section elementor-element elementor-element-0916531 elementor-section-boxed elementor-section-height-default elementor-section-height-default parallax_section_no qode_elementor_container_no\" data-id=\"0916531\" data-element_type=\"section\" data-e-type=\"section\">\n\t\t\t\t\t\t<div class=\"elementor-container elementor-column-gap-default\">\n\t\t\t\t\t<div class=\"elementor-column elementor-col-100 elementor-top-column elementor-element elementor-element-9d442c2\" data-id=\"9d442c2\" data-element_type=\"column\" data-e-type=\"column\">\n\t\t\t<div class=\"elementor-widget-wrap elementor-element-populated\">\n\t\t\t\t\t\t<div class=\"elementor-element elementor-element-28302b7 elementor-widget elementor-widget-heading\" data-id=\"28302b7\" data-element_type=\"widget\" data-e-type=\"widget\" data-widget_type=\"heading.default\">\n\t\t\t\t<div class=\"elementor-widget-container\">\n\t\t\t\t\t<h2 class=\"elementor-heading-title elementor-size-default\">Mol\u00ed del Salt<\/h2>\t\t\t\t<\/div>\n\t\t\t\t<\/div>\n\t\t\t\t\t<\/div>\n\t\t<\/div>\n\t\t\t\t\t<\/div>\n\t\t<\/section>\n\t\t\t\t<section class=\"elementor-section elementor-top-section elementor-element elementor-element-4c9495f elementor-section-boxed elementor-section-height-default elementor-section-height-default parallax_section_no qode_elementor_container_no\" data-id=\"4c9495f\" data-element_type=\"section\" data-e-type=\"section\">\n\t\t\t\t\t\t<div class=\"elementor-container elementor-column-gap-default\">\n\t\t\t\t\t<div class=\"elementor-column elementor-col-50 elementor-top-column elementor-element elementor-element-3f103ab\" data-id=\"3f103ab\" data-element_type=\"column\" data-e-type=\"column\">\n\t\t\t<div class=\"elementor-widget-wrap elementor-element-populated\">\n\t\t\t\t\t\t<div class=\"elementor-element elementor-element-9f468ef elementor-widget elementor-widget-image\" data-id=\"9f468ef\" data-element_type=\"widget\" data-e-type=\"widget\" data-widget_type=\"image.default\">\n\t\t\t\t<div class=\"elementor-widget-container\">\n\t\t\t\t\t\t\t\t\t\t\t\t\t\t\t<img loading=\"lazy\" decoding=\"async\" width=\"1000\" height=\"750\" src=\"https:\/\/casadelspeixos.cat\/wp-content\/uploads\/2022\/06\/Barranc-del-Bosc.png\" class=\"attachment-large size-large wp-image-2855\" alt=\"Mol\u00ed del Salt, salt de l&#039;aigua entre les roques arribant a un gorg d&#039;aig\u00fces blaves i cristal\u00b7lines.\" srcset=\"https:\/\/casadelspeixos.cat\/wp-content\/uploads\/2022\/06\/Barranc-del-Bosc.png 1000w, https:\/\/casadelspeixos.cat\/wp-content\/uploads\/2022\/06\/Barranc-del-Bosc-300x225.png 300w, https:\/\/casadelspeixos.cat\/wp-content\/uploads\/2022\/06\/Barranc-del-Bosc-768x576.png 768w, https:\/\/casadelspeixos.cat\/wp-content\/uploads\/2022\/06\/Barranc-del-Bosc-800x600.png 800w, https:\/\/casadelspeixos.cat\/wp-content\/uploads\/2022\/06\/Barranc-del-Bosc-700x525.png 700w\" sizes=\"(max-width: 1000px) 100vw, 1000px\" \/>\t\t\t\t\t\t\t\t\t\t\t\t\t\t\t<\/div>\n\t\t\t\t<\/div>\n\t\t\t\t\t<\/div>\n\t\t<\/div>\n\t\t\t\t<div class=\"elementor-column elementor-col-50 elementor-top-column elementor-element elementor-element-8b2a4df\" data-id=\"8b2a4df\" data-element_type=\"column\" data-e-type=\"column\">\n\t\t\t<div class=\"elementor-widget-wrap elementor-element-populated\">\n\t\t\t\t\t\t<div class=\"elementor-element elementor-element-9a1d334 elementor-widget elementor-widget-google_maps\" data-id=\"9a1d334\" data-element_type=\"widget\" data-e-type=\"widget\" data-widget_type=\"google_maps.default\">\n\t\t\t\t<div class=\"elementor-widget-container\">\n\t\t\t\t\t\t\t<div class=\"elementor-custom-embed\">\n\t\t\t<iframe loading=\"lazy\"\n\t\t\t\t\tsrc=\"https:\/\/maps.google.com\/maps?q=Mol%C3%AD%20del%20Salt&#038;t=m&#038;z=10&#038;output=embed&#038;iwloc=near\"\n\t\t\t\t\ttitle=\"Mol\u00ed del Salt\"\n\t\t\t\t\taria-label=\"Mol\u00ed del Salt\"\n\t\t\t><\/iframe>\n\t\t<\/div>\n\t\t\t\t\t\t<\/div>\n\t\t\t\t<\/div>\n\t\t\t\t\t<\/div>\n\t\t<\/div>\n\t\t\t\t\t<\/div>\n\t\t<\/section>\n\t\t\t\t<section class=\"elementor-section elementor-top-section elementor-element elementor-element-447ef36 elementor-section-boxed elementor-section-height-default elementor-section-height-default parallax_section_no qode_elementor_container_no\" data-id=\"447ef36\" data-element_type=\"section\" data-e-type=\"section\">\n\t\t\t\t\t\t<div class=\"elementor-container elementor-column-gap-default\">\n\t\t\t\t\t<div class=\"elementor-column elementor-col-100 elementor-top-column elementor-element elementor-element-de6d85e\" data-id=\"de6d85e\" data-element_type=\"column\" data-e-type=\"column\">\n\t\t\t<div class=\"elementor-widget-wrap elementor-element-populated\">\n\t\t\t\t\t\t<div class=\"elementor-element elementor-element-081cbf2 elementor-widget elementor-widget-text-editor\" data-id=\"081cbf2\" data-element_type=\"widget\" data-e-type=\"widget\" data-widget_type=\"text-editor.default\">\n\t\t\t\t<div class=\"elementor-widget-container\">\n\t\t\t\t\t\t\t\t\t<p>Una de les piscines naturals a prop de Lleida que cal con\u00e8ixer (i on \u00e9s indispensable banyar-se) \u00e9s el Mol\u00ed del Salt. Vols comprovar-ho? Aquesta excursi\u00f3 et pot portar perfectament mig dia, perqu\u00e8 tot i poder-se fer perfectament en menys d&#8217;una hora i mitja (anada i tornada), tenim molt clar que et voldr\u00e0s aturar moltes vegades a admirar la bellesa del lloc. \u00c9s una ruta f\u00e0cil i apta per a tothom, aix\u00ed que no hi ha excuses per no anar-hi. Per poder accedir al Mol\u00ed del Salt haur\u00e0s d\u00b4anar fins al municipi de Viliella, on podr\u00e0s deixar el cotxe. Des d&#8217;all\u00e0 haur\u00e0s d&#8217;anar a buscar el cam\u00ed que porta fins a la gorg, no t\u00e9 p\u00e8rdua. Quan arribis a un cam\u00ed una mica m\u00e9s estret, sabr\u00e0s que ja est\u00e0s a punt d&#8217;arribar als peus del gorg, aix\u00ed que ves preparan<\/p>\t\t\t\t\t\t\t\t<\/div>\n\t\t\t\t<\/div>\n\t\t\t\t\t<\/div>\n\t\t<\/div>\n\t\t\t\t\t<\/div>\n\t\t<\/section>\n\t\t\t\t<section class=\"elementor-section elementor-top-section elementor-element elementor-element-67f11b1 elementor-section-boxed elementor-section-height-default elementor-section-height-default parallax_section_no qode_elementor_container_no\" data-id=\"67f11b1\" data-element_type=\"section\" data-e-type=\"section\">\n\t\t\t\t\t\t<div class=\"elementor-container elementor-column-gap-default\">\n\t\t\t\t\t<div class=\"elementor-column elementor-col-100 elementor-top-column elementor-element elementor-element-c9d8669\" data-id=\"c9d8669\" data-element_type=\"column\" data-e-type=\"column\">\n\t\t\t<div class=\"elementor-widget-wrap elementor-element-populated\">\n\t\t\t\t\t\t<div class=\"elementor-element elementor-element-0f47e14 elementor-widget elementor-widget-heading\" data-id=\"0f47e14\" data-element_type=\"widget\" data-e-type=\"widget\" data-widget_type=\"heading.default\">\n\t\t\t\t<div class=\"elementor-widget-container\">\n\t\t\t\t\t<h2 class=\"elementor-heading-title elementor-size-default\">Barranc del Forat de B\u00f3ixols<\/h2>\t\t\t\t<\/div>\n\t\t\t\t<\/div>\n\t\t\t\t\t<\/div>\n\t\t<\/div>\n\t\t\t\t\t<\/div>\n\t\t<\/section>\n\t\t\t\t<section class=\"elementor-section elementor-top-section elementor-element elementor-element-3aa96ff elementor-section-boxed elementor-section-height-default elementor-section-height-default parallax_section_no qode_elementor_container_no\" data-id=\"3aa96ff\" data-element_type=\"section\" data-e-type=\"section\">\n\t\t\t\t\t\t<div class=\"elementor-container elementor-column-gap-default\">\n\t\t\t\t\t<div class=\"elementor-column elementor-col-50 elementor-top-column elementor-element elementor-element-c79469e\" data-id=\"c79469e\" data-element_type=\"column\" data-e-type=\"column\">\n\t\t\t<div class=\"elementor-widget-wrap elementor-element-populated\">\n\t\t\t\t\t\t<div class=\"elementor-element elementor-element-ddf7c69 elementor-widget elementor-widget-image\" data-id=\"ddf7c69\" data-element_type=\"widget\" data-e-type=\"widget\" data-widget_type=\"image.default\">\n\t\t\t\t<div class=\"elementor-widget-container\">\n\t\t\t\t\t\t\t\t\t\t\t\t\t\t\t<img loading=\"lazy\" decoding=\"async\" width=\"1000\" height=\"750\" src=\"https:\/\/casadelspeixos.cat\/wp-content\/uploads\/2022\/06\/Barranc-del-Forat-de-Bo\u0301ixols.png\" class=\"attachment-large size-large wp-image-2846\" alt=\"Barranc del Barranc del Forat de B\u00f3ixols, salt d&#039;un excursionista equipat, al forat. Envoltat aquest de grans mols de pedra de Bo\u0301ixols, salto de un excursionista equipado, en el forat. Rodeado este de grandes moles de piedra\" srcset=\"https:\/\/casadelspeixos.cat\/wp-content\/uploads\/2022\/06\/Barranc-del-Forat-de-Bo\u0301ixols.png 1000w, https:\/\/casadelspeixos.cat\/wp-content\/uploads\/2022\/06\/Barranc-del-Forat-de-Bo\u0301ixols-300x225.png 300w, https:\/\/casadelspeixos.cat\/wp-content\/uploads\/2022\/06\/Barranc-del-Forat-de-Bo\u0301ixols-768x576.png 768w, https:\/\/casadelspeixos.cat\/wp-content\/uploads\/2022\/06\/Barranc-del-Forat-de-Bo\u0301ixols-800x600.png 800w, https:\/\/casadelspeixos.cat\/wp-content\/uploads\/2022\/06\/Barranc-del-Forat-de-Bo\u0301ixols-700x525.png 700w\" sizes=\"(max-width: 1000px) 100vw, 1000px\" \/>\t\t\t\t\t\t\t\t\t\t\t\t\t\t\t<\/div>\n\t\t\t\t<\/div>\n\t\t\t\t\t<\/div>\n\t\t<\/div>\n\t\t\t\t<div class=\"elementor-column elementor-col-50 elementor-top-column elementor-element elementor-element-24e52fb\" data-id=\"24e52fb\" data-element_type=\"column\" data-e-type=\"column\">\n\t\t\t<div class=\"elementor-widget-wrap elementor-element-populated\">\n\t\t\t\t\t\t<div class=\"elementor-element elementor-element-a4b030e elementor-widget elementor-widget-google_maps\" data-id=\"a4b030e\" data-element_type=\"widget\" data-e-type=\"widget\" data-widget_type=\"google_maps.default\">\n\t\t\t\t<div class=\"elementor-widget-container\">\n\t\t\t\t\t\t\t<div class=\"elementor-custom-embed\">\n\t\t\t<iframe loading=\"lazy\"\n\t\t\t\t\tsrc=\"https:\/\/maps.google.com\/maps?q=Barranc%20del%20Forat%20de%20B%C3%B3ixols&#038;t=m&#038;z=10&#038;output=embed&#038;iwloc=near\"\n\t\t\t\t\ttitle=\"Barranc del Forat de B\u00f3ixols\"\n\t\t\t\t\taria-label=\"Barranc del Forat de B\u00f3ixols\"\n\t\t\t><\/iframe>\n\t\t<\/div>\n\t\t\t\t\t\t<\/div>\n\t\t\t\t<\/div>\n\t\t\t\t\t<\/div>\n\t\t<\/div>\n\t\t\t\t\t<\/div>\n\t\t<\/section>\n\t\t\t\t<section class=\"elementor-section elementor-top-section elementor-element elementor-element-f6ec135 elementor-section-boxed elementor-section-height-default elementor-section-height-default parallax_section_no qode_elementor_container_no\" data-id=\"f6ec135\" data-element_type=\"section\" data-e-type=\"section\">\n\t\t\t\t\t\t<div class=\"elementor-container elementor-column-gap-default\">\n\t\t\t\t\t<div class=\"elementor-column elementor-col-100 elementor-top-column elementor-element elementor-element-d33b7fb\" data-id=\"d33b7fb\" data-element_type=\"column\" data-e-type=\"column\">\n\t\t\t<div class=\"elementor-widget-wrap elementor-element-populated\">\n\t\t\t\t\t\t<div class=\"elementor-element elementor-element-f5383ba elementor-widget elementor-widget-text-editor\" data-id=\"f5383ba\" data-element_type=\"widget\" data-e-type=\"widget\" data-widget_type=\"text-editor.default\">\n\t\t\t\t<div class=\"elementor-widget-container\">\n\t\t\t\t\t\t\t\t\t<p>A la comarca de Pallars Juss\u00e0 hi ha el Forat de B\u00f3ixols, un lloc impressionant del poble de B\u00f3ixols, pertanyent a Abella de la Conca. Aquest lloc \u00e9s el naixement del riu Rialb, i certament \u00e9s un lloc que val la pena visitar i con\u00e8ixer. Per arribar al gorg haur\u00e0s d&#8217;anar fins a Coll de Narg\u00f3 i des d&#8217;all\u00e0 anar en direcci\u00f3 a Isona. Un cop hagis arribat al poble de B\u00f3ixols, podeu aparcar-hi i just a l&#8217;entrada del poble trobareu un senyal que indica l&#8217;inici del cam\u00ed cap al barranc, que es troba a tan sols 10 minuts a peu. Estem parlant d\u00b4una excursi\u00f3 senzilla i r\u00e0pida de fer; els trams que es fan una mica m\u00e9s complicats consten amb elements dajuda per facilitar el descens (com cordes i cadenes). Un cop superat tot aix\u00f2, arribar\u00e0s a la part m\u00e9s bonica: el Forat de B\u00f3ixols, on podr\u00e0s descansar i banyar-te.<\/p>\t\t\t\t\t\t\t\t<\/div>\n\t\t\t\t<\/div>\n\t\t\t\t\t<\/div>\n\t\t<\/div>\n\t\t\t\t\t<\/div>\n\t\t<\/section>\n\t\t\t\t<section class=\"elementor-section elementor-top-section elementor-element elementor-element-9da8b46 elementor-section-boxed elementor-section-height-default elementor-section-height-default parallax_section_no qode_elementor_container_no\" data-id=\"9da8b46\" data-element_type=\"section\" data-e-type=\"section\">\n\t\t\t\t\t\t<div class=\"elementor-container elementor-column-gap-default\">\n\t\t\t\t\t<div class=\"elementor-column elementor-col-100 elementor-top-column elementor-element elementor-element-05319a8\" data-id=\"05319a8\" data-element_type=\"column\" data-e-type=\"column\">\n\t\t\t<div class=\"elementor-widget-wrap elementor-element-populated\">\n\t\t\t\t\t\t<div class=\"elementor-element elementor-element-49ac67a elementor-widget elementor-widget-image\" data-id=\"49ac67a\" data-element_type=\"widget\" data-e-type=\"widget\" data-widget_type=\"image.default\">\n\t\t\t\t<div class=\"elementor-widget-container\">\n\t\t\t\t\t\t\t\t\t\t\t\t\t\t\t\t<a href=\"https:\/\/casadelspeixos.cat\/ca\/contacte\/?utm_source=blog&#038;utm_medium=banner\" rel=\"nofollow\">\n\t\t\t\t\t\t\t<img decoding=\"async\" width=\"728\" height=\"90\" src=\"https:\/\/casadelspeixos.cat\/wp-content\/uploads\/2022\/05\/lloga-una-casa-rural-a-la-baronia-de-rialb.png\" class=\"attachment-large size-large wp-image-7701\" alt=\"casa rural a la baronia de rialb\" srcset=\"https:\/\/casadelspeixos.cat\/wp-content\/uploads\/2022\/05\/lloga-una-casa-rural-a-la-baronia-de-rialb.png 728w, https:\/\/casadelspeixos.cat\/wp-content\/uploads\/2022\/05\/lloga-una-casa-rural-a-la-baronia-de-rialb-300x37.png 300w, https:\/\/casadelspeixos.cat\/wp-content\/uploads\/2022\/05\/lloga-una-casa-rural-a-la-baronia-de-rialb-700x87.png 700w\" sizes=\"(max-width: 728px) 100vw, 728px\" \/>\t\t\t\t\t\t\t\t<\/a>\n\t\t\t\t\t\t\t\t\t\t\t\t\t\t\t<\/div>\n\t\t\t\t<\/div>\n\t\t\t\t\t<\/div>\n\t\t<\/div>\n\t\t\t\t\t<\/div>\n\t\t<\/section>\n\t\t\t\t<section class=\"elementor-section elementor-top-section elementor-element elementor-element-b6fef69 elementor-section-boxed elementor-section-height-default elementor-section-height-default parallax_section_no qode_elementor_container_no\" data-id=\"b6fef69\" data-element_type=\"section\" data-e-type=\"section\">\n\t\t\t\t\t\t<div class=\"elementor-container elementor-column-gap-default\">\n\t\t\t\t\t<div class=\"elementor-column elementor-col-100 elementor-top-column elementor-element elementor-element-850a747\" data-id=\"850a747\" data-element_type=\"column\" data-e-type=\"column\">\n\t\t\t<div class=\"elementor-widget-wrap elementor-element-populated\">\n\t\t\t\t\t\t<div class=\"elementor-element elementor-element-8da4757 elementor-widget elementor-widget-heading\" data-id=\"8da4757\" data-element_type=\"widget\" data-e-type=\"widget\" data-widget_type=\"heading.default\">\n\t\t\t\t<div class=\"elementor-widget-container\">\n\t\t\t\t\t<h2 class=\"elementor-heading-title elementor-size-default\">Barranc del Bosc<\/h2>\t\t\t\t<\/div>\n\t\t\t\t<\/div>\n\t\t\t\t\t<\/div>\n\t\t<\/div>\n\t\t\t\t\t<\/div>\n\t\t<\/section>\n\t\t\t\t<section class=\"elementor-section elementor-top-section elementor-element elementor-element-d02c75b elementor-section-boxed elementor-section-height-default elementor-section-height-default parallax_section_no qode_elementor_container_no\" data-id=\"d02c75b\" data-element_type=\"section\" data-e-type=\"section\">\n\t\t\t\t\t\t<div class=\"elementor-container elementor-column-gap-default\">\n\t\t\t\t\t<div class=\"elementor-column elementor-col-50 elementor-top-column elementor-element elementor-element-ef0af16\" data-id=\"ef0af16\" data-element_type=\"column\" data-e-type=\"column\">\n\t\t\t<div class=\"elementor-widget-wrap elementor-element-populated\">\n\t\t\t\t\t\t<div class=\"elementor-element elementor-element-c71fc61 elementor-widget elementor-widget-image\" data-id=\"c71fc61\" data-element_type=\"widget\" data-e-type=\"widget\" data-widget_type=\"image.default\">\n\t\t\t\t<div class=\"elementor-widget-container\">\n\t\t\t\t\t\t\t\t\t\t\t\t\t\t\t<img loading=\"lazy\" decoding=\"async\" width=\"1000\" height=\"750\" src=\"https:\/\/casadelspeixos.cat\/wp-content\/uploads\/2022\/06\/Barranc-del-Bosc-.png\" class=\"attachment-large size-large wp-image-2843\" alt=\"Barranc del Bosc, serp d\u00b4aigua limitant amb parets rocoses i vegetaci\u00f3.\" srcset=\"https:\/\/casadelspeixos.cat\/wp-content\/uploads\/2022\/06\/Barranc-del-Bosc-.png 1000w, https:\/\/casadelspeixos.cat\/wp-content\/uploads\/2022\/06\/Barranc-del-Bosc--300x225.png 300w, https:\/\/casadelspeixos.cat\/wp-content\/uploads\/2022\/06\/Barranc-del-Bosc--768x576.png 768w, https:\/\/casadelspeixos.cat\/wp-content\/uploads\/2022\/06\/Barranc-del-Bosc--800x600.png 800w, https:\/\/casadelspeixos.cat\/wp-content\/uploads\/2022\/06\/Barranc-del-Bosc--700x525.png 700w\" sizes=\"(max-width: 1000px) 100vw, 1000px\" \/>\t\t\t\t\t\t\t\t\t\t\t\t\t\t\t<\/div>\n\t\t\t\t<\/div>\n\t\t\t\t\t<\/div>\n\t\t<\/div>\n\t\t\t\t<div class=\"elementor-column elementor-col-50 elementor-top-column elementor-element elementor-element-c928f5e\" data-id=\"c928f5e\" data-element_type=\"column\" data-e-type=\"column\">\n\t\t\t<div class=\"elementor-widget-wrap elementor-element-populated\">\n\t\t\t\t\t\t<div class=\"elementor-element elementor-element-6e48d78 elementor-widget elementor-widget-google_maps\" data-id=\"6e48d78\" data-element_type=\"widget\" data-e-type=\"widget\" data-widget_type=\"google_maps.default\">\n\t\t\t\t<div class=\"elementor-widget-container\">\n\t\t\t\t\t\t\t<div class=\"elementor-custom-embed\">\n\t\t\t<iframe loading=\"lazy\"\n\t\t\t\t\tsrc=\"https:\/\/maps.google.com\/maps?q=Barranc%20del%20Bosc&#038;t=m&#038;z=10&#038;output=embed&#038;iwloc=near\"\n\t\t\t\t\ttitle=\"Barranc del Bosc\"\n\t\t\t\t\taria-label=\"Barranc del Bosc\"\n\t\t\t><\/iframe>\n\t\t<\/div>\n\t\t\t\t\t\t<\/div>\n\t\t\t\t<\/div>\n\t\t\t\t\t<\/div>\n\t\t<\/div>\n\t\t\t\t\t<\/div>\n\t\t<\/section>\n\t\t\t\t<section class=\"elementor-section elementor-top-section elementor-element elementor-element-f1f87c4 elementor-section-boxed elementor-section-height-default elementor-section-height-default parallax_section_no qode_elementor_container_no\" data-id=\"f1f87c4\" data-element_type=\"section\" data-e-type=\"section\">\n\t\t\t\t\t\t<div class=\"elementor-container elementor-column-gap-default\">\n\t\t\t\t\t<div class=\"elementor-column elementor-col-100 elementor-top-column elementor-element elementor-element-75c3087\" data-id=\"75c3087\" data-element_type=\"column\" data-e-type=\"column\">\n\t\t\t<div class=\"elementor-widget-wrap elementor-element-populated\">\n\t\t\t\t\t\t<div class=\"elementor-element elementor-element-fe420af elementor-widget elementor-widget-text-editor\" data-id=\"fe420af\" data-element_type=\"widget\" data-e-type=\"widget\" data-widget_type=\"text-editor.default\">\n\t\t\t\t<div class=\"elementor-widget-container\">\n\t\t\t\t\t\t\t\t\t<p>En darrer lloc volem parlar-vos del Barranc del Bosc, i per aix\u00f2 us proposem un itinerari circular d&#8217;11 quil\u00f2metres que a m\u00e9s de permetre con\u00e8ixer el barranc, tamb\u00e9 permet descobrir el congost de Terradets, a la comarca del Pallars Juss\u00e0. Aquesta excursi\u00f3 t\u00e9 una durada de mig dia. El primer tram de l&#8217;excursi\u00f3 consisteix a vorejar el pant\u00e0 de Cellers, i despr\u00e9s ja comen\u00e7a el cam\u00ed cap al Barranc del Bosc, certament la millor part de la ruta. Les vistes en aquest tram s\u00f3n espectaculars, ja que podr\u00e0s veure la Roca Regina.<\/p>\t\t\t\t\t\t\t\t<\/div>\n\t\t\t\t<\/div>\n\t\t\t\t\t<\/div>\n\t\t<\/div>\n\t\t\t\t\t<\/div>\n\t\t<\/section>\n\t\t\t\t<\/div>\n\t\t","protected":false},"excerpt":{"rendered":"<p>Si vols saber on refrescar-te aquest estiu, aqu\u00ed acaba la teva cerca. En aquest article coneixer\u00e0s els 7 millors gorgs de Lleida on pots anar a donar-te un bany refrescant aquest proper estiu Gorg del Bul\u00ed &#8211; Forat de Bul\u00ed Una de les piscines naturals&#8230;<\/p>\n","protected":false},"author":2,"featured_media":2840,"comment_status":"open","ping_status":"open","sticky":false,"template":"","format":"standard","meta":{"_joinchat":[],"footnotes":""},"categories":[24],"tags":[],"class_list":["post-2879","post","type-post","status-publish","format-standard","has-post-thumbnail","hentry","category-blog-2"],"yoast_head":"<!-- This site is optimized with the Yoast SEO Premium plugin v20.1 (Yoast SEO v27.5) - https:\/\/yoast.com\/product\/yoast-seo-premium-wordpress\/ -->\n<title>Els 7 millors Gorgs de Lleida &#8226; Casa dels Peixos<\/title>\n<meta name=\"description\" content=\"Busques els millors gorgs de Lleida? Descobreix la selecci\u00f3 de les 7 millors piscines naturals de Lleida, on poder banyar-te \u2705 \u00a1Entra ja!\" \/>\n<meta name=\"robots\" content=\"index, follow, max-snippet:-1, max-image-preview:large, max-video-preview:-1\" \/>\n<link rel=\"canonical\" href=\"https:\/\/casadelspeixos.cat\/ca\/wp-json\/wp\/v2\/posts\/2879\" \/>\n<meta property=\"og:locale\" content=\"ca_ES\" \/>\n<meta property=\"og:type\" content=\"article\" \/>\n<meta property=\"og:title\" content=\"Els 7 millors Gorgs de Lleida\" \/>\n<meta property=\"og:description\" content=\"Busques els millors gorgs de Lleida? Descobreix la selecci\u00f3 de les 7 millors piscines naturals de Lleida, on poder banyar-te \u2705 \u00a1Entra ja!\" \/>\n<meta property=\"og:url\" content=\"https:\/\/casadelspeixos.cat\/ca\/blog-2\/els-7-millors-gorgs-de-lleida\/\" \/>\n<meta property=\"og:site_name\" content=\"Casa dels Peixos\" \/>\n<meta property=\"article:publisher\" content=\"https:\/\/www.facebook.com\/lacasadelspeixos\/\" \/>\n<meta property=\"article:published_time\" content=\"2022-06-14T16:34:18+00:00\" \/>\n<meta property=\"article:modified_time\" content=\"2023-06-14T15:02:49+00:00\" \/>\n<meta property=\"og:image\" content=\"https:\/\/casadelspeixos.cat\/wp-content\/uploads\/2022\/06\/Gorg-del-Buli\u0301-.png\" \/>\n\t<meta property=\"og:image:width\" content=\"1000\" \/>\n\t<meta property=\"og:image:height\" content=\"750\" \/>\n\t<meta property=\"og:image:type\" content=\"image\/png\" \/>\n<meta name=\"author\" content=\"Casa dels Peixos\" \/>\n<meta name=\"twitter:card\" content=\"summary_large_image\" \/>\n<meta name=\"twitter:label1\" content=\"Escrit per\" \/>\n\t<meta name=\"twitter:data1\" content=\"Casa dels Peixos\" \/>\n\t<meta name=\"twitter:label2\" content=\"Temps estimat de lectura\" \/>\n\t<meta name=\"twitter:data2\" content=\"8 minuts\" \/>\n<script type=\"application\/ld+json\" class=\"yoast-schema-graph\">{\"@context\":\"https:\\\/\\\/schema.org\",\"@graph\":[{\"@type\":\"Article\",\"@id\":\"https:\\\/\\\/casadelspeixos.cat\\\/ca\\\/blog-2\\\/els-7-millors-gorgs-de-lleida\\\/#article\",\"isPartOf\":{\"@id\":\"https:\\\/\\\/casadelspeixos.cat\\\/ca\\\/blog-2\\\/els-7-millors-gorgs-de-lleida\\\/\"},\"author\":{\"name\":\"Casa dels Peixos\",\"@id\":\"https:\\\/\\\/casadelspeixos.cat\\\/#\\\/schema\\\/person\\\/8ade7b5ce60430b661080abd10e6b6dd\"},\"headline\":\"Els 7 millors Gorgs de Lleida\",\"datePublished\":\"2022-06-14T16:34:18+00:00\",\"dateModified\":\"2023-06-14T15:02:49+00:00\",\"mainEntityOfPage\":{\"@id\":\"https:\\\/\\\/casadelspeixos.cat\\\/ca\\\/blog-2\\\/els-7-millors-gorgs-de-lleida\\\/\"},\"wordCount\":1120,\"commentCount\":0,\"publisher\":{\"@id\":\"https:\\\/\\\/casadelspeixos.cat\\\/#organization\"},\"image\":{\"@id\":\"https:\\\/\\\/casadelspeixos.cat\\\/ca\\\/blog-2\\\/els-7-millors-gorgs-de-lleida\\\/#primaryimage\"},\"thumbnailUrl\":\"https:\\\/\\\/casadelspeixos.cat\\\/wp-content\\\/uploads\\\/2022\\\/06\\\/Gorg-del-Buli\u0301-.png\",\"articleSection\":[\"Blog\"],\"inLanguage\":\"ca\",\"potentialAction\":[{\"@type\":\"CommentAction\",\"name\":\"Comment\",\"target\":[\"https:\\\/\\\/casadelspeixos.cat\\\/ca\\\/blog-2\\\/els-7-millors-gorgs-de-lleida\\\/#respond\"]}]},{\"@type\":\"WebPage\",\"@id\":\"https:\\\/\\\/casadelspeixos.cat\\\/ca\\\/blog-2\\\/els-7-millors-gorgs-de-lleida\\\/\",\"url\":\"https:\\\/\\\/casadelspeixos.cat\\\/ca\\\/blog-2\\\/els-7-millors-gorgs-de-lleida\\\/\",\"name\":\"Els 7 millors Gorgs de Lleida &#8226; Casa dels Peixos\",\"isPartOf\":{\"@id\":\"https:\\\/\\\/casadelspeixos.cat\\\/#website\"},\"primaryImageOfPage\":{\"@id\":\"https:\\\/\\\/casadelspeixos.cat\\\/ca\\\/blog-2\\\/els-7-millors-gorgs-de-lleida\\\/#primaryimage\"},\"image\":{\"@id\":\"https:\\\/\\\/casadelspeixos.cat\\\/ca\\\/blog-2\\\/els-7-millors-gorgs-de-lleida\\\/#primaryimage\"},\"thumbnailUrl\":\"https:\\\/\\\/casadelspeixos.cat\\\/wp-content\\\/uploads\\\/2022\\\/06\\\/Gorg-del-Buli\u0301-.png\",\"datePublished\":\"2022-06-14T16:34:18+00:00\",\"dateModified\":\"2023-06-14T15:02:49+00:00\",\"description\":\"Busques els millors gorgs de Lleida? Descobreix la selecci\u00f3 de les 7 millors piscines naturals de Lleida, on poder banyar-te \u2705 \u00a1Entra ja!\",\"breadcrumb\":{\"@id\":\"https:\\\/\\\/casadelspeixos.cat\\\/ca\\\/blog-2\\\/els-7-millors-gorgs-de-lleida\\\/#breadcrumb\"},\"inLanguage\":\"ca\",\"potentialAction\":[{\"@type\":\"ReadAction\",\"target\":[\"https:\\\/\\\/casadelspeixos.cat\\\/ca\\\/blog-2\\\/els-7-millors-gorgs-de-lleida\\\/\"]}]},{\"@type\":\"ImageObject\",\"inLanguage\":\"ca\",\"@id\":\"https:\\\/\\\/casadelspeixos.cat\\\/ca\\\/blog-2\\\/els-7-millors-gorgs-de-lleida\\\/#primaryimage\",\"url\":\"https:\\\/\\\/casadelspeixos.cat\\\/wp-content\\\/uploads\\\/2022\\\/06\\\/Gorg-del-Buli\u0301-.png\",\"contentUrl\":\"https:\\\/\\\/casadelspeixos.cat\\\/wp-content\\\/uploads\\\/2022\\\/06\\\/Gorg-del-Buli\u0301-.png\",\"width\":1000,\"height\":750,\"caption\":\"Gorg del Bul\u00ed, magn\u00edfica vista des d'una cova amb salts d'aigua. Al fons vista del riu lliscant dins del barranc.\"},{\"@type\":\"BreadcrumbList\",\"@id\":\"https:\\\/\\\/casadelspeixos.cat\\\/ca\\\/blog-2\\\/els-7-millors-gorgs-de-lleida\\\/#breadcrumb\",\"itemListElement\":[{\"@type\":\"ListItem\",\"position\":1,\"name\":\"Inici\",\"item\":\"https:\\\/\\\/casadelspeixos.cat\\\/\"},{\"@type\":\"ListItem\",\"position\":2,\"name\":\"Els 7 millors Gorgs de Lleida\"}]},{\"@type\":\"WebSite\",\"@id\":\"https:\\\/\\\/casadelspeixos.cat\\\/#website\",\"url\":\"https:\\\/\\\/casadelspeixos.cat\\\/\",\"name\":\"Casa dels Peixos\",\"description\":\"Casa de lloguer \u00edntegre al Pre-Pirineu Catal\u00e0\",\"publisher\":{\"@id\":\"https:\\\/\\\/casadelspeixos.cat\\\/#organization\"},\"potentialAction\":[{\"@type\":\"SearchAction\",\"target\":{\"@type\":\"EntryPoint\",\"urlTemplate\":\"https:\\\/\\\/casadelspeixos.cat\\\/?s={search_term_string}\"},\"query-input\":{\"@type\":\"PropertyValueSpecification\",\"valueRequired\":true,\"valueName\":\"search_term_string\"}}],\"inLanguage\":\"ca\"},{\"@type\":\"Organization\",\"@id\":\"https:\\\/\\\/casadelspeixos.cat\\\/#organization\",\"name\":\"Casa dels Peixos\",\"url\":\"https:\\\/\\\/casadelspeixos.cat\\\/\",\"logo\":{\"@type\":\"ImageObject\",\"inLanguage\":\"ca\",\"@id\":\"https:\\\/\\\/casadelspeixos.cat\\\/#\\\/schema\\\/logo\\\/image\\\/\",\"url\":\"https:\\\/\\\/casadelspeixos.cat\\\/wp-content\\\/uploads\\\/2020\\\/07\\\/logo-center.png\",\"contentUrl\":\"https:\\\/\\\/casadelspeixos.cat\\\/wp-content\\\/uploads\\\/2020\\\/07\\\/logo-center.png\",\"width\":376,\"height\":200,\"caption\":\"Casa dels Peixos\"},\"image\":{\"@id\":\"https:\\\/\\\/casadelspeixos.cat\\\/#\\\/schema\\\/logo\\\/image\\\/\"},\"sameAs\":[\"https:\\\/\\\/www.facebook.com\\\/lacasadelspeixos\\\/\",\"https:\\\/\\\/www.instagram.com\\\/casa_dels_peixos\\\/\"]},{\"@type\":\"Person\",\"@id\":\"https:\\\/\\\/casadelspeixos.cat\\\/#\\\/schema\\\/person\\\/8ade7b5ce60430b661080abd10e6b6dd\",\"name\":\"Casa dels Peixos\",\"image\":{\"@type\":\"ImageObject\",\"inLanguage\":\"ca\",\"@id\":\"https:\\\/\\\/secure.gravatar.com\\\/avatar\\\/056e03404aff6b8e9001d4e876f1748e550e688defbba6a2cff6095a3c34ba3d?s=96&d=mm&r=g\",\"url\":\"https:\\\/\\\/secure.gravatar.com\\\/avatar\\\/056e03404aff6b8e9001d4e876f1748e550e688defbba6a2cff6095a3c34ba3d?s=96&d=mm&r=g\",\"contentUrl\":\"https:\\\/\\\/secure.gravatar.com\\\/avatar\\\/056e03404aff6b8e9001d4e876f1748e550e688defbba6a2cff6095a3c34ba3d?s=96&d=mm&r=g\",\"caption\":\"Casa dels Peixos\"},\"sameAs\":[\"https:\\\/\\\/casadelspeixos.cat\\\/\"]}]}<\/script>\n<!-- \/ Yoast SEO Premium plugin. -->","yoast_head_json":{"title":"Els 7 millors Gorgs de Lleida &#8226; Casa dels Peixos","description":"Busques els millors gorgs de Lleida? Descobreix la selecci\u00f3 de les 7 millors piscines naturals de Lleida, on poder banyar-te \u2705 \u00a1Entra ja!","robots":{"index":"index","follow":"follow","max-snippet":"max-snippet:-1","max-image-preview":"max-image-preview:large","max-video-preview":"max-video-preview:-1"},"canonical":"https:\/\/casadelspeixos.cat\/ca\/wp-json\/wp\/v2\/posts\/2879","og_locale":"ca_ES","og_type":"article","og_title":"Els 7 millors Gorgs de Lleida","og_description":"Busques els millors gorgs de Lleida? Descobreix la selecci\u00f3 de les 7 millors piscines naturals de Lleida, on poder banyar-te \u2705 \u00a1Entra ja!","og_url":"https:\/\/casadelspeixos.cat\/ca\/blog-2\/els-7-millors-gorgs-de-lleida\/","og_site_name":"Casa dels Peixos","article_publisher":"https:\/\/www.facebook.com\/lacasadelspeixos\/","article_published_time":"2022-06-14T16:34:18+00:00","article_modified_time":"2023-06-14T15:02:49+00:00","og_image":[{"width":1000,"height":750,"url":"https:\/\/casadelspeixos.cat\/wp-content\/uploads\/2022\/06\/Gorg-del-Buli\u0301-.png","type":"image\/png"}],"author":"Casa dels Peixos","twitter_card":"summary_large_image","twitter_misc":{"Escrit per":"Casa dels Peixos","Temps estimat de lectura":"8 minuts"},"schema":{"@context":"https:\/\/schema.org","@graph":[{"@type":"Article","@id":"https:\/\/casadelspeixos.cat\/ca\/blog-2\/els-7-millors-gorgs-de-lleida\/#article","isPartOf":{"@id":"https:\/\/casadelspeixos.cat\/ca\/blog-2\/els-7-millors-gorgs-de-lleida\/"},"author":{"name":"Casa dels Peixos","@id":"https:\/\/casadelspeixos.cat\/#\/schema\/person\/8ade7b5ce60430b661080abd10e6b6dd"},"headline":"Els 7 millors Gorgs de Lleida","datePublished":"2022-06-14T16:34:18+00:00","dateModified":"2023-06-14T15:02:49+00:00","mainEntityOfPage":{"@id":"https:\/\/casadelspeixos.cat\/ca\/blog-2\/els-7-millors-gorgs-de-lleida\/"},"wordCount":1120,"commentCount":0,"publisher":{"@id":"https:\/\/casadelspeixos.cat\/#organization"},"image":{"@id":"https:\/\/casadelspeixos.cat\/ca\/blog-2\/els-7-millors-gorgs-de-lleida\/#primaryimage"},"thumbnailUrl":"https:\/\/casadelspeixos.cat\/wp-content\/uploads\/2022\/06\/Gorg-del-Buli\u0301-.png","articleSection":["Blog"],"inLanguage":"ca","potentialAction":[{"@type":"CommentAction","name":"Comment","target":["https:\/\/casadelspeixos.cat\/ca\/blog-2\/els-7-millors-gorgs-de-lleida\/#respond"]}]},{"@type":"WebPage","@id":"https:\/\/casadelspeixos.cat\/ca\/blog-2\/els-7-millors-gorgs-de-lleida\/","url":"https:\/\/casadelspeixos.cat\/ca\/blog-2\/els-7-millors-gorgs-de-lleida\/","name":"Els 7 millors Gorgs de Lleida &#8226; Casa dels Peixos","isPartOf":{"@id":"https:\/\/casadelspeixos.cat\/#website"},"primaryImageOfPage":{"@id":"https:\/\/casadelspeixos.cat\/ca\/blog-2\/els-7-millors-gorgs-de-lleida\/#primaryimage"},"image":{"@id":"https:\/\/casadelspeixos.cat\/ca\/blog-2\/els-7-millors-gorgs-de-lleida\/#primaryimage"},"thumbnailUrl":"https:\/\/casadelspeixos.cat\/wp-content\/uploads\/2022\/06\/Gorg-del-Buli\u0301-.png","datePublished":"2022-06-14T16:34:18+00:00","dateModified":"2023-06-14T15:02:49+00:00","description":"Busques els millors gorgs de Lleida? Descobreix la selecci\u00f3 de les 7 millors piscines naturals de Lleida, on poder banyar-te \u2705 \u00a1Entra ja!","breadcrumb":{"@id":"https:\/\/casadelspeixos.cat\/ca\/blog-2\/els-7-millors-gorgs-de-lleida\/#breadcrumb"},"inLanguage":"ca","potentialAction":[{"@type":"ReadAction","target":["https:\/\/casadelspeixos.cat\/ca\/blog-2\/els-7-millors-gorgs-de-lleida\/"]}]},{"@type":"ImageObject","inLanguage":"ca","@id":"https:\/\/casadelspeixos.cat\/ca\/blog-2\/els-7-millors-gorgs-de-lleida\/#primaryimage","url":"https:\/\/casadelspeixos.cat\/wp-content\/uploads\/2022\/06\/Gorg-del-Buli\u0301-.png","contentUrl":"https:\/\/casadelspeixos.cat\/wp-content\/uploads\/2022\/06\/Gorg-del-Buli\u0301-.png","width":1000,"height":750,"caption":"Gorg del Bul\u00ed, magn\u00edfica vista des d'una cova amb salts d'aigua. Al fons vista del riu lliscant dins del barranc."},{"@type":"BreadcrumbList","@id":"https:\/\/casadelspeixos.cat\/ca\/blog-2\/els-7-millors-gorgs-de-lleida\/#breadcrumb","itemListElement":[{"@type":"ListItem","position":1,"name":"Inici","item":"https:\/\/casadelspeixos.cat\/"},{"@type":"ListItem","position":2,"name":"Els 7 millors Gorgs de Lleida"}]},{"@type":"WebSite","@id":"https:\/\/casadelspeixos.cat\/#website","url":"https:\/\/casadelspeixos.cat\/","name":"Casa dels Peixos","description":"Casa de lloguer \u00edntegre al Pre-Pirineu Catal\u00e0","publisher":{"@id":"https:\/\/casadelspeixos.cat\/#organization"},"potentialAction":[{"@type":"SearchAction","target":{"@type":"EntryPoint","urlTemplate":"https:\/\/casadelspeixos.cat\/?s={search_term_string}"},"query-input":{"@type":"PropertyValueSpecification","valueRequired":true,"valueName":"search_term_string"}}],"inLanguage":"ca"},{"@type":"Organization","@id":"https:\/\/casadelspeixos.cat\/#organization","name":"Casa dels Peixos","url":"https:\/\/casadelspeixos.cat\/","logo":{"@type":"ImageObject","inLanguage":"ca","@id":"https:\/\/casadelspeixos.cat\/#\/schema\/logo\/image\/","url":"https:\/\/casadelspeixos.cat\/wp-content\/uploads\/2020\/07\/logo-center.png","contentUrl":"https:\/\/casadelspeixos.cat\/wp-content\/uploads\/2020\/07\/logo-center.png","width":376,"height":200,"caption":"Casa dels Peixos"},"image":{"@id":"https:\/\/casadelspeixos.cat\/#\/schema\/logo\/image\/"},"sameAs":["https:\/\/www.facebook.com\/lacasadelspeixos\/","https:\/\/www.instagram.com\/casa_dels_peixos\/"]},{"@type":"Person","@id":"https:\/\/casadelspeixos.cat\/#\/schema\/person\/8ade7b5ce60430b661080abd10e6b6dd","name":"Casa dels Peixos","image":{"@type":"ImageObject","inLanguage":"ca","@id":"https:\/\/secure.gravatar.com\/avatar\/056e03404aff6b8e9001d4e876f1748e550e688defbba6a2cff6095a3c34ba3d?s=96&d=mm&r=g","url":"https:\/\/secure.gravatar.com\/avatar\/056e03404aff6b8e9001d4e876f1748e550e688defbba6a2cff6095a3c34ba3d?s=96&d=mm&r=g","contentUrl":"https:\/\/secure.gravatar.com\/avatar\/056e03404aff6b8e9001d4e876f1748e550e688defbba6a2cff6095a3c34ba3d?s=96&d=mm&r=g","caption":"Casa dels Peixos"},"sameAs":["https:\/\/casadelspeixos.cat\/"]}]}},"_links":{"self":[{"href":"https:\/\/casadelspeixos.cat\/ca\/wp-json\/wp\/v2\/posts\/2879","targetHints":{"allow":["GET"]}}],"collection":[{"href":"https:\/\/casadelspeixos.cat\/ca\/wp-json\/wp\/v2\/posts"}],"about":[{"href":"https:\/\/casadelspeixos.cat\/ca\/wp-json\/wp\/v2\/types\/post"}],"author":[{"embeddable":true,"href":"https:\/\/casadelspeixos.cat\/ca\/wp-json\/wp\/v2\/users\/2"}],"replies":[{"embeddable":true,"href":"https:\/\/casadelspeixos.cat\/ca\/wp-json\/wp\/v2\/comments?post=2879"}],"version-history":[{"count":29,"href":"https:\/\/casadelspeixos.cat\/ca\/wp-json\/wp\/v2\/posts\/2879\/revisions"}],"predecessor-version":[{"id":7727,"href":"https:\/\/casadelspeixos.cat\/ca\/wp-json\/wp\/v2\/posts\/2879\/revisions\/7727"}],"wp:featuredmedia":[{"embeddable":true,"href":"https:\/\/casadelspeixos.cat\/ca\/wp-json\/wp\/v2\/media\/2840"}],"wp:attachment":[{"href":"https:\/\/casadelspeixos.cat\/ca\/wp-json\/wp\/v2\/media?parent=2879"}],"wp:term":[{"taxonomy":"category","embeddable":true,"href":"https:\/\/casadelspeixos.cat\/ca\/wp-json\/wp\/v2\/categories?post=2879"},{"taxonomy":"post_tag","embeddable":true,"href":"https:\/\/casadelspeixos.cat\/ca\/wp-json\/wp\/v2\/tags?post=2879"}],"curies":[{"name":"wp","href":"https:\/\/api.w.org\/{rel}","templated":true}]}}